{"id":44914,"date":"2022-11-02T10:19:28","date_gmt":"2022-11-02T13:19:28","guid":{"rendered":"https:\/\/blogopara.com.br\/?p=44914"},"modified":"2022-11-02T10:19:30","modified_gmt":"2022-11-02T13:19:30","slug":"nota-de-retracao-publica","status":"publish","type":"post","link":"https:\/\/blogopara.com.br\/index.php\/2022\/11\/02\/nota-de-retracao-publica","title":{"rendered":"NOTA DE RETRA\u00c7\u00c3O P\u00daBLICA"},"content":{"rendered":"<p style=\"text-align: justify;\"><em>O servidor p\u00fablico municipal, Jos\u00e9 Ant\u00f4nio de Oliveira,<\/em> popularmente como Toninho, enviou uma nota com o pedido de desculpas pelas afirma\u00e7\u00f5es feitas em \u00e1udio compartilhado em grupo de Whatsapp de membros da autarquia municipal, onde afirma que \u201cpreto e pobre foi o c\u00e3o que inventou\u201d. No pronunciamento p\u00fablico, ele alega que as falas foram ditas \u201c<em>ap\u00f3s sofrer agressivas chacotas dos advers\u00e1rios ap\u00f3s o resultado final, aliado \u00a0ao \u00a0efeito de consumo de bebidas alco\u00f3licas<\/em>\u201d.<\/p>\n<p style=\"text-align: justify;\"><strong>Leia a nota de Jos\u00e9 Ant\u00f4nio de Oliveira na \u00edntegra<\/strong><\/p>\n<p style=\"text-align: justify;\"><em>Eu, Jos\u00e9 Ant\u00f4nio de Oliveira, diante de toda repercuss\u00e3o negativa de uma fala minha num momento de minha vida privada, venho a p\u00fablico RETRATAR-ME de tudo que foi ali proferido e que circulou em \u00e1udios na rede mundial de computadores e na imprensa. O preconceito racial,jamais habitou em mim , quem me conhece , sabe, o estado emocional causado pelo resultado das elei\u00e7\u00f5es abalaram meu psicol\u00f3gico naquele infeliz momento , agi sob forte emo\u00e7\u00e3o, sob um estado de intenso de nervosismo e estresse originados de uma campanha eleitoral acirrada e dif\u00edcil e ap\u00f3s sofrer agressivas chacotas dos advers\u00e1rios ap\u00f3s o resultado final, aliado \u00a0ao \u00a0efeito de consumo de bebidas alco\u00f3licas. Nada justifica, \u00a0todavia , como cidad\u00e3o, pai de fam\u00edlia, trabalhador e tomado de profundo arrependimento , venho pedir DESCULPAS ao povo de Juazeiro, a todos os que se sentiram ofendidos e a todos que direta e indiretamente atingi com as palavras proferidas. Tudo isso n\u00e3o\u00a0condiz com a pessoa que costumo ser no meu conv\u00edvio di\u00e1rio, com as pessoas com as quais me relaciono. O remorso tem me maltratado pois tratou-se de um momento impensado, involunt\u00e1rio, sem nenhuma inten\u00e7\u00e3o de ordem pessoal de proferir ofensas. Assim, de forma espont\u00e2nea e respeitosa, venho \u00a0retratar-me com todas as pessoas que se sentiram feridas e ofendidas. Pe\u00e7o sinceras desculpas, servindo essa manifesta\u00e7\u00e3o de uma \u00a0Nota de Retrata\u00e7\u00e3o P\u00fablica para que seja restabelecida a ordem social e a paz .<\/em><\/p>\n","protected":false},"excerpt":{"rendered":"<p>O servidor p\u00fablico municipal, Jos\u00e9 Ant\u00f4nio de Oliveira, popularmente como Toninho, enviou uma nota com o pedido de desculpas pelas afirma\u00e7\u00f5es feitas em \u00e1udio compartilhado em grupo de Whatsapp de membros da autarquia municipal, onde afirma que \u201cpreto e pobre foi o c\u00e3o que inventou\u201d. No pronunciamento p\u00fablico, ele alega que as falas foram ditas [&hellip;]<\/p>\n","protected":false},"author":1,"featured_media":44915,"comment_status":"closed","ping_status":"open","sticky":false,"template":"","format":"standard","meta":{"_uag_custom_page_level_css":"","_monsterinsights_skip_tracking":false,"_monsterinsights_sitenote_active":false,"_monsterinsights_sitenote_note":"","_monsterinsights_sitenote_category":0,"jetpack_post_was_ever_published":false,"_jetpack_newsletter_access":"","_jetpack_dont_email_post_to_subs":false,"_jetpack_newsletter_tier_id":0,"_jetpack_memberships_contains_paywalled_content":false,"_jetpack_memberships_contains_paid_content":false,"footnotes":"","jetpack_publicize_message":"","jetpack_publicize_feature_enabled":true,"jetpack_social_post_already_shared":true,"jetpack_social_options":{"image_generator_settings":{"template":"highway","default_image_id":0,"font":"","enabled":false},"version":2}},"categories":[203,197],"tags":[],"class_list":["post-44914","post","type-post","status-publish","format-standard","has-post-thumbnail","hentry","category-juazeiro","category-politica"],"jetpack_publicize_connections":[],"jetpack_featured_media_url":"https:\/\/blogopara.com.br\/wp-content\/uploads\/2022\/11\/NOTA-DE-RETRATACAO-375x200-1.jpg","uagb_featured_image_src":{"full":["https:\/\/blogopara.com.br\/wp-content\/uploads\/2022\/11\/NOTA-DE-RETRATACAO-375x200-1.jpg",400,213,false],"thumbnail":["https:\/\/blogopara.com.br\/wp-content\/uploads\/2022\/11\/NOTA-DE-RETRATACAO-375x200-1-150x150.jpg",150,150,true],"medium":["https:\/\/blogopara.com.br\/wp-content\/uploads\/2022\/11\/NOTA-DE-RETRATACAO-375x200-1-300x160.jpg",300,160,true],"medium_large":["https:\/\/blogopara.com.br\/wp-content\/uploads\/2022\/11\/NOTA-DE-RETRATACAO-375x200-1.jpg",400,213,false],"large":["https:\/\/blogopara.com.br\/wp-content\/uploads\/2022\/11\/NOTA-DE-RETRATACAO-375x200-1.jpg",400,213,false],"1536x1536":["https:\/\/blogopara.com.br\/wp-content\/uploads\/2022\/11\/NOTA-DE-RETRATACAO-375x200-1.jpg",400,213,false],"2048x2048":["https:\/\/blogopara.com.br\/wp-content\/uploads\/2022\/11\/NOTA-DE-RETRATACAO-375x200-1.jpg",400,213,false],"mantranews-slider-large":["https:\/\/blogopara.com.br\/wp-content\/uploads\/2022\/11\/NOTA-DE-RETRATACAO-375x200-1.jpg",400,213,false],"mantranews-featured-medium":["https:\/\/blogopara.com.br\/wp-content\/uploads\/2022\/11\/NOTA-DE-RETRATACAO-375x200-1.jpg",400,213,false],"mantranews-featured-long":["https:\/\/blogopara.com.br\/wp-content\/uploads\/2022\/11\/NOTA-DE-RETRATACAO-375x200-1-300x213.jpg",300,213,true],"mantranews-block-medium":["https:\/\/blogopara.com.br\/wp-content\/uploads\/2022\/11\/NOTA-DE-RETRATACAO-375x200-1.jpg",400,213,false],"mantranews-carousel-image":["https:\/\/blogopara.com.br\/wp-content\/uploads\/2022\/11\/NOTA-DE-RETRATACAO-375x200-1.jpg",400,213,false],"mantranews-block-thumb":["https:\/\/blogopara.com.br\/wp-content\/uploads\/2022\/11\/NOTA-DE-RETRATACAO-375x200-1-322x213.jpg",322,213,true],"mantranews-single-large":["https:\/\/blogopara.com.br\/wp-content\/uploads\/2022\/11\/NOTA-DE-RETRATACAO-375x200-1.jpg",400,213,false]},"uagb_author_info":{"display_name":"Reda\u00e7\u00e3o geral","author_link":"https:\/\/blogopara.com.br\/index.php\/author\/blogopara"},"uagb_comment_info":0,"uagb_excerpt":"O servidor p\u00fablico municipal, Jos\u00e9 Ant\u00f4nio de Oliveira, popularmente como Toninho, enviou uma nota com o pedido de desculpas pelas afirma\u00e7\u00f5es feitas em \u00e1udio compartilhado em grupo de Whatsapp de membros da autarquia municipal, onde afirma que \u201cpreto e pobre foi o c\u00e3o que inventou\u201d. No pronunciamento p\u00fablico, ele alega que as falas foram ditas&hellip;","jetpack_sharing_enabled":true,"jetpack_likes_enabled":true,"_links":{"self":[{"href":"https:\/\/blogopara.com.br\/index.php\/wp-json\/wp\/v2\/posts\/44914","targetHints":{"allow":["GET"]}}],"collection":[{"href":"https:\/\/blogopara.com.br\/index.php\/wp-json\/wp\/v2\/posts"}],"about":[{"href":"https:\/\/blogopara.com.br\/index.php\/wp-json\/wp\/v2\/types\/post"}],"author":[{"embeddable":true,"href":"https:\/\/blogopara.com.br\/index.php\/wp-json\/wp\/v2\/users\/1"}],"replies":[{"embeddable":true,"href":"https:\/\/blogopara.com.br\/index.php\/wp-json\/wp\/v2\/comments?post=44914"}],"version-history":[{"count":1,"href":"https:\/\/blogopara.com.br\/index.php\/wp-json\/wp\/v2\/posts\/44914\/revisions"}],"predecessor-version":[{"id":44916,"href":"https:\/\/blogopara.com.br\/index.php\/wp-json\/wp\/v2\/posts\/44914\/revisions\/44916"}],"wp:featuredmedia":[{"embeddable":true,"href":"https:\/\/blogopara.com.br\/index.php\/wp-json\/wp\/v2\/media\/44915"}],"wp:attachment":[{"href":"https:\/\/blogopara.com.br\/index.php\/wp-json\/wp\/v2\/media?parent=44914"}],"wp:term":[{"taxonomy":"category","embeddable":true,"href":"https:\/\/blogopara.com.br\/index.php\/wp-json\/wp\/v2\/categories?post=44914"},{"taxonomy":"post_tag","embeddable":true,"href":"https:\/\/blogopara.com.br\/index.php\/wp-json\/wp\/v2\/tags?post=44914"}],"curies":[{"name":"wp","href":"https:\/\/api.w.org\/{rel}","templated":true}]}}