{"id":44955,"date":"2022-11-03T13:45:00","date_gmt":"2022-11-03T16:45:00","guid":{"rendered":"https:\/\/blogopara.com.br\/?p=44955"},"modified":"2022-11-02T20:17:47","modified_gmt":"2022-11-02T23:17:47","slug":"bloqueios-afetam-mais-estados-do-agronegocio-e-onde-bolsonaro-teve-mais-votos","status":"publish","type":"post","link":"https:\/\/blogopara.com.br\/index.php\/2022\/11\/03\/bloqueios-afetam-mais-estados-do-agronegocio-e-onde-bolsonaro-teve-mais-votos","title":{"rendered":"Bloqueios afetam mais Estados do agroneg\u00f3cio e onde Bolsonaro teve mais votos"},"content":{"rendered":"\n<ul class=\"wp-block-list\"><li><\/li><\/ul>\n\n\n<div class=\"bbc-19j92fr ebmt73l0\" dir=\"ltr\">\n<p class=\"bbc-hhl7in e17g058b0\" dir=\"ltr\" style=\"text-align: justify;\">&#8220;As manifesta\u00e7\u00f5es pac\u00edficas sempre s\u00e3o bem-vindas, mas os nossos m\u00e9todos n\u00e3o podem ser os da esquerda, que sempre prejudicaram a popula\u00e7\u00e3o. Como invas\u00e3o de propriedade, destrui\u00e7\u00e3o de patrim\u00f4nio e cerceamento do direito de ir e vir&#8221;, disse Jair Bolsonaro na ter\u00e7a-feira (1\/11).<\/p>\n<\/div>\n<div class=\"bbc-19j92fr ebmt73l0\" dir=\"ltr\" style=\"text-align: justify;\">\n<p class=\"bbc-hhl7in e17g058b0\" dir=\"ltr\">Mesmo ap\u00f3s a fala do presidente, bloqueios de rodovias por manifestantes contr\u00e1rios ao resultado das elei\u00e7\u00f5es continuam sendo registrados em ao menos 15 Estados do pa\u00eds, segundo levantamento da Pol\u00edcia Rodovi\u00e1ria Federal (PRF) publicado no fim da manh\u00e3 desta quarta-feira (2\/11).<\/p>\n<\/div>\n<div class=\"bbc-19j92fr ebmt73l0\" dir=\"ltr\" style=\"text-align: justify;\">\n<p class=\"bbc-hhl7in e17g058b0\" dir=\"ltr\">Um dado no levantamento da PRF chama aten\u00e7\u00e3o: os locais com maior n\u00famero de bloqueios em rodovias federais s\u00e3o atualmente Santa Catarina (com 36 pontos de bloqueio), Mato Grosso (30) e Paran\u00e1 (20), Estados que deram maioria dos votos a Bolsonaro na elei\u00e7\u00e3o e que s\u00e3o pot\u00eancias do agroneg\u00f3cio nacional.<\/p>\n<\/div>\n<div class=\"bbc-19j92fr ebmt73l0\" dir=\"ltr\" style=\"text-align: justify;\">\n<p class=\"bbc-hhl7in e17g058b0\" dir=\"ltr\">Santa Catarina \u00e9 o maior Estado produtor de carne su\u00edna do pa\u00eds e o segundo maior de carne de frango.<\/p>\n<\/div>\n<section class=\"e1j2237y8 bbc-sswtix e8sa160\" role=\"region\" aria-label=\"Publicidade 2\" aria-hidden=\"true\" data-e2e=\"advertisement\"><\/section>\n<div class=\"bbc-19j92fr ebmt73l0\" dir=\"ltr\">\n<div class=\"bbc-19j92fr ebmt73l0\" dir=\"ltr\" style=\"text-align: justify;\">\n<p class=\"bbc-hhl7in e17g058b0\" dir=\"ltr\">O Mato Grosso \u00e9 o maior no abate bovino e o Paran\u00e1 lidera no abate de aves \u2014 todas atividades que dependem do transporte di\u00e1rio de animais vivos e da carne processada.<\/p>\n<\/div>\n<div class=\"bbc-19j92fr ebmt73l0\" dir=\"ltr\">\n<p class=\"bbc-hhl7in e17g058b0\" dir=\"ltr\" style=\"text-align: justify;\">Assim, o &#8220;cerceamento do direito de ir e vir&#8221; citado por Bolsonaro est\u00e1 afetando mais justamente Estados com maior percentual de eleitores do presidente e o setor da economia que mais apoiou o capit\u00e3o reformado na sua tentativa frustrada de reelei\u00e7\u00e3o.<\/p>\n<\/div>\n<div class=\"bbc-19j92fr ebmt73l0\" dir=\"ltr\"><picture class=\"bbc-yfiktt e1mo64ex1\"><source srcset=\"https:\/\/www.bbc.com\/ws\/includes\/idt2\/4eb93cfa-8972-4e00-a5aa-4f81e4a79c1d\/image\/640 640w,https:\/\/www.bbc.com\/ws\/includes\/idt2\/4eb93cfa-8972-4e00-a5aa-4f81e4a79c1d\/image\/816 816w\" type=\"image\/jpeg\" \/><\/picture><\/div>\n<\/div>\n\n\n<p><\/p>\n","protected":false},"excerpt":{"rendered":"<p>&#8220;As manifesta\u00e7\u00f5es pac\u00edficas sempre s\u00e3o bem-vindas, mas os nossos m\u00e9todos n\u00e3o podem ser os da esquerda, que sempre prejudicaram a popula\u00e7\u00e3o. Como invas\u00e3o de propriedade, destrui\u00e7\u00e3o de patrim\u00f4nio e cerceamento do direito de ir e vir&#8221;, disse Jair Bolsonaro na ter\u00e7a-feira (1\/11). Mesmo ap\u00f3s a fala do presidente, bloqueios de rodovias por manifestantes contr\u00e1rios ao [&hellip;]<\/p>\n","protected":false},"author":1,"featured_media":18599,"comment_status":"closed","ping_status":"open","sticky":false,"template":"","format":"standard","meta":{"_uag_custom_page_level_css":"","_monsterinsights_skip_tracking":false,"_monsterinsights_sitenote_active":false,"_monsterinsights_sitenote_note":"","_monsterinsights_sitenote_category":0,"jetpack_post_was_ever_published":false,"_jetpack_newsletter_access":"","_jetpack_dont_email_post_to_subs":false,"_jetpack_newsletter_tier_id":0,"_jetpack_memberships_contains_paywalled_content":false,"_jetpack_memberships_contains_paid_content":false,"footnotes":"","jetpack_publicize_message":"","jetpack_publicize_feature_enabled":true,"jetpack_social_post_already_shared":true,"jetpack_social_options":{"image_generator_settings":{"template":"highway","default_image_id":0,"font":"","enabled":false},"version":2}},"categories":[200],"tags":[1327],"class_list":["post-44955","post","type-post","status-publish","format-standard","has-post-thumbnail","hentry","category-brasil","tag-eleicoes-2022"],"jetpack_publicize_connections":[],"jetpack_featured_media_url":"https:\/\/blogopara.com.br\/wp-content\/uploads\/2021\/01\/caminhoneiros.jpg","uagb_featured_image_src":{"full":["https:\/\/blogopara.com.br\/wp-content\/uploads\/2021\/01\/caminhoneiros.jpg",500,258,false],"thumbnail":["https:\/\/blogopara.com.br\/wp-content\/uploads\/2021\/01\/caminhoneiros-150x150.jpg",150,150,true],"medium":["https:\/\/blogopara.com.br\/wp-content\/uploads\/2021\/01\/caminhoneiros-300x155.jpg",300,155,true],"medium_large":["https:\/\/blogopara.com.br\/wp-content\/uploads\/2021\/01\/caminhoneiros.jpg",500,258,false],"large":["https:\/\/blogopara.com.br\/wp-content\/uploads\/2021\/01\/caminhoneiros.jpg",500,258,false],"1536x1536":["https:\/\/blogopara.com.br\/wp-content\/uploads\/2021\/01\/caminhoneiros.jpg",500,258,false],"2048x2048":["https:\/\/blogopara.com.br\/wp-content\/uploads\/2021\/01\/caminhoneiros.jpg",500,258,false],"mantranews-slider-large":["https:\/\/blogopara.com.br\/wp-content\/uploads\/2021\/01\/caminhoneiros.jpg",500,258,false],"mantranews-featured-medium":["https:\/\/blogopara.com.br\/wp-content\/uploads\/2021\/01\/caminhoneiros-420x258.jpg",420,258,true],"mantranews-featured-long":["https:\/\/blogopara.com.br\/wp-content\/uploads\/2021\/01\/caminhoneiros-300x258.jpg",300,258,true],"mantranews-block-medium":["https:\/\/blogopara.com.br\/wp-content\/uploads\/2021\/01\/caminhoneiros-464x258.jpg",464,258,true],"mantranews-carousel-image":["https:\/\/blogopara.com.br\/wp-content\/uploads\/2021\/01\/caminhoneiros.jpg",500,258,false],"mantranews-block-thumb":["https:\/\/blogopara.com.br\/wp-content\/uploads\/2021\/01\/caminhoneiros-322x230.jpg",322,230,true],"mantranews-single-large":["https:\/\/blogopara.com.br\/wp-content\/uploads\/2021\/01\/caminhoneiros.jpg",500,258,false]},"uagb_author_info":{"display_name":"Reda\u00e7\u00e3o geral","author_link":"https:\/\/blogopara.com.br\/index.php\/author\/blogopara"},"uagb_comment_info":0,"uagb_excerpt":"&#8220;As manifesta\u00e7\u00f5es pac\u00edficas sempre s\u00e3o bem-vindas, mas os nossos m\u00e9todos n\u00e3o podem ser os da esquerda, que sempre prejudicaram a popula\u00e7\u00e3o. Como invas\u00e3o de propriedade, destrui\u00e7\u00e3o de patrim\u00f4nio e cerceamento do direito de ir e vir&#8221;, disse Jair Bolsonaro na ter\u00e7a-feira (1\/11). Mesmo ap\u00f3s a fala do presidente, bloqueios de rodovias por manifestantes contr\u00e1rios ao&hellip;","jetpack_sharing_enabled":true,"jetpack_likes_enabled":true,"_links":{"self":[{"href":"https:\/\/blogopara.com.br\/index.php\/wp-json\/wp\/v2\/posts\/44955","targetHints":{"allow":["GET"]}}],"collection":[{"href":"https:\/\/blogopara.com.br\/index.php\/wp-json\/wp\/v2\/posts"}],"about":[{"href":"https:\/\/blogopara.com.br\/index.php\/wp-json\/wp\/v2\/types\/post"}],"author":[{"embeddable":true,"href":"https:\/\/blogopara.com.br\/index.php\/wp-json\/wp\/v2\/users\/1"}],"replies":[{"embeddable":true,"href":"https:\/\/blogopara.com.br\/index.php\/wp-json\/wp\/v2\/comments?post=44955"}],"version-history":[{"count":1,"href":"https:\/\/blogopara.com.br\/index.php\/wp-json\/wp\/v2\/posts\/44955\/revisions"}],"predecessor-version":[{"id":44956,"href":"https:\/\/blogopara.com.br\/index.php\/wp-json\/wp\/v2\/posts\/44955\/revisions\/44956"}],"wp:featuredmedia":[{"embeddable":true,"href":"https:\/\/blogopara.com.br\/index.php\/wp-json\/wp\/v2\/media\/18599"}],"wp:attachment":[{"href":"https:\/\/blogopara.com.br\/index.php\/wp-json\/wp\/v2\/media?parent=44955"}],"wp:term":[{"taxonomy":"category","embeddable":true,"href":"https:\/\/blogopara.com.br\/index.php\/wp-json\/wp\/v2\/categories?post=44955"},{"taxonomy":"post_tag","embeddable":true,"href":"https:\/\/blogopara.com.br\/index.php\/wp-json\/wp\/v2\/tags?post=44955"}],"curies":[{"name":"wp","href":"https:\/\/api.w.org\/{rel}","templated":true}]}}