{"id":44957,"date":"2022-11-03T14:58:00","date_gmt":"2022-11-03T17:58:00","guid":{"rendered":"https:\/\/blogopara.com.br\/?p=44957"},"modified":"2022-11-03T12:34:48","modified_gmt":"2022-11-03T15:34:48","slug":"pescadores-na-bahia-terao-acesso-a-auxilio-de-salario-minimo-durante-periodo-de-defeso","status":"publish","type":"post","link":"https:\/\/blogopara.com.br\/index.php\/2022\/11\/03\/pescadores-na-bahia-terao-acesso-a-auxilio-de-salario-minimo-durante-periodo-de-defeso","title":{"rendered":"Pescadores na Bahia ter\u00e3o acesso a aux\u00edlio de sal\u00e1rio m\u00ednimo durante per\u00edodo de defeso"},"content":{"rendered":"<div id=\"chunk-6lh1i\">\n<div class=\"mc-column content-text active-extra-styles \" data-block-type=\"unstyled\" data-block-weight=\"51\" data-block-id=\"3\">\n<p class=\"content-text__container \" data-track-category=\"Link no Texto\" data-track-links=\"\">Os pescadores de\u00a0<a href=\"https:\/\/g1.globo.com\/ba\/bahia\/cidade\/juazeiro\/\">Juazeiro<\/a>, no norte da Bahia, v\u00e3o receber um aux\u00edlio durante o per\u00edodo de defeso, quando acontece a piracema (\u00e9poca em que as esp\u00e9cies se deslocam para reproduzir). Entre novembro e janeiro, fica proibido o uso de malhas e outros equipamentos nas \u00e1guas do Rio S\u00e3o Francisco.<\/p>\n<\/div>\n<\/div>\n<div class=\"wall protected-content\">\n<div id=\"chunk-92iia\">\n<div class=\"mc-column content-text active-extra-styles \" data-block-type=\"unstyled\" data-block-weight=\"22\" data-block-id=\"4\">\n<p class=\"content-text__container \" data-track-category=\"Link no Texto\" data-track-links=\"\">O per\u00edodo de suspens\u00e3o da pesca na piracema \u00e9 estabelecido pelo Instituto Brasileiro do Meio Ambiente e dos Recursos Naturais Renov\u00e1veis (Ibama).<\/p>\n<div id=\"chunk-de1pg\">\n<div class=\"mc-column content-text active-extra-styles \" data-block-type=\"unstyled\" data-block-weight=\"35\" data-block-id=\"7\">\n<p class=\"content-text__container \" data-track-category=\"Link no Texto\" data-track-links=\"\">O cadastro dos trabalhadores come\u00e7ou a ser realizado na ter\u00e7a (2),\u00a0<span class=\"highlight highlighted\">na Col\u00f4nia de Pescadores, no bairro Angari, das 8h \u00e0s 14h<\/span>. O valor disponibilizado ser\u00e1 de um sal\u00e1rio m\u00ednimo at\u00e9 fevereiro de 2023.<\/p>\n<\/div>\n<\/div>\n<div id=\"chunk-djar5\">\n<div class=\"mc-column content-text active-extra-styles \" data-block-type=\"unstyled\" data-block-weight=\"15\" data-block-id=\"8\">\n<p class=\"content-text__container \" data-track-category=\"Link no Texto\" data-track-links=\"\">O Instituto Nacional do Seguro Social (INSS) \u00e9 o respons\u00e1vel pela confer\u00eancia dos dados.<\/p>\n<\/div>\n<\/div>\n<div id=\"chunk-dds4t\">\n<div class=\"mc-column content-text active-extra-styles \" data-block-type=\"unstyled\" data-block-weight=\"52\" data-block-id=\"9\">\n<p class=\"content-text__container \" data-track-category=\"Link no Texto\" data-track-links=\"\">Durante o per\u00edodo, alguns tipos de pesca s\u00e3o liberadas parcialmente na regi\u00e3o. Os limites restritivos s\u00e3o de 5 quilos de esp\u00e9cies nativas e um exemplar de outras esp\u00e9cies, por pescador. As multas em casos de irregularidades variam entre R$ 700 a R$ 100 mil, com acr\u00e9scimo de R$ 20 por quilo.<\/p>\n<\/div>\n<\/div>\n<div id=\"chunk-eedic\">\n<div class=\"mc-column content-text active-extra-styles \" data-block-type=\"unstyled\" data-block-weight=\"22\" data-block-id=\"10\">\n<p class=\"content-text__container \" data-track-category=\"Link no Texto\" data-track-links=\"\">O C\u00f3digo de Pesca, que completa 55 anos em 2022, foi criado para proteger as esp\u00e9cies nativas durante o ciclo reprodutivo.<\/p>\n<\/div>\n<\/div>\n<div id=\"chunk-13u1v\">\n<div class=\"row medium-uncollapsed content-media content-photo\" data-block-type=\"backstage-photo\" data-block-id=\"11\">\n<div class=\"mc-column content-media__container\">\n<div class=\"content-media-container glb-skeleton-box\">\n<div id=\"chunk-f9dfu\">\n<div class=\"mc-column content-text active-extra-styles \" data-block-type=\"unstyled\" data-block-weight=\"7\" data-block-id=\"13\">\n<p class=\"content-text__container \" data-track-category=\"Link no Texto\" data-track-links=\"\"><strong>Documentos necess\u00e1rios para acessar o benef\u00edcio<\/strong><\/p>\n<\/div>\n<\/div>\n<div id=\"chunk-fhl1d\">\n<div class=\"mc-column content-text active-extra-styles \" data-block-type=\"unstyled\" data-block-weight=\"14\" data-block-id=\"14\">\n<p class=\"content-text__container \" data-track-category=\"Link no Texto\" data-track-links=\"\">\u2022 Guias de recolhimento<br \/>\u2022 RG<br \/>\u2022 CPF<br \/>\u2022 Carteira de pesca<br \/>\u2022 Comprovante de resid\u00eancia<\/p>\n<\/div>\n<\/div>\n<\/div>\n<\/div>\n<\/div>\n<\/div>\n<\/div>\n<\/div>\n<\/div>\n\n\n<p><\/p>\n","protected":false},"excerpt":{"rendered":"<p>Os pescadores de\u00a0Juazeiro, no norte da Bahia, v\u00e3o receber um aux\u00edlio durante o per\u00edodo de defeso, quando acontece a piracema (\u00e9poca em que as esp\u00e9cies se deslocam para reproduzir). Entre novembro e janeiro, fica proibido o uso de malhas e outros equipamentos nas \u00e1guas do Rio S\u00e3o Francisco. O per\u00edodo de suspens\u00e3o da pesca na [&hellip;]<\/p>\n","protected":false},"author":1,"featured_media":44958,"comment_status":"closed","ping_status":"open","sticky":false,"template":"","format":"standard","meta":{"_uag_custom_page_level_css":"","_monsterinsights_skip_tracking":false,"_monsterinsights_sitenote_active":false,"_monsterinsights_sitenote_note":"","_monsterinsights_sitenote_category":0,"jetpack_post_was_ever_published":false,"_jetpack_newsletter_access":"","_jetpack_dont_email_post_to_subs":false,"_jetpack_newsletter_tier_id":0,"_jetpack_memberships_contains_paywalled_content":false,"_jetpack_memberships_contains_paid_content":false,"footnotes":"","jetpack_publicize_message":"","jetpack_publicize_feature_enabled":true,"jetpack_social_post_already_shared":true,"jetpack_social_options":{"image_generator_settings":{"template":"highway","default_image_id":0,"font":"","enabled":false},"version":2}},"categories":[10088],"tags":[143],"class_list":["post-44957","post","type-post","status-publish","format-standard","has-post-thumbnail","hentry","category-agricultura","tag-juazeiro-da-bahia"],"jetpack_publicize_connections":[],"jetpack_featured_media_url":"https:\/\/blogopara.com.br\/wp-content\/uploads\/2022\/11\/WhatsApp-Image-2022-11-03-at-12.31.50.jpg","uagb_featured_image_src":{"full":["https:\/\/blogopara.com.br\/wp-content\/uploads\/2022\/11\/WhatsApp-Image-2022-11-03-at-12.31.50.jpg",500,289,false],"thumbnail":["https:\/\/blogopara.com.br\/wp-content\/uploads\/2022\/11\/WhatsApp-Image-2022-11-03-at-12.31.50-150x150.jpg",150,150,true],"medium":["https:\/\/blogopara.com.br\/wp-content\/uploads\/2022\/11\/WhatsApp-Image-2022-11-03-at-12.31.50-300x173.jpg",300,173,true],"medium_large":["https:\/\/blogopara.com.br\/wp-content\/uploads\/2022\/11\/WhatsApp-Image-2022-11-03-at-12.31.50.jpg",500,289,false],"large":["https:\/\/blogopara.com.br\/wp-content\/uploads\/2022\/11\/WhatsApp-Image-2022-11-03-at-12.31.50.jpg",500,289,false],"1536x1536":["https:\/\/blogopara.com.br\/wp-content\/uploads\/2022\/11\/WhatsApp-Image-2022-11-03-at-12.31.50.jpg",500,289,false],"2048x2048":["https:\/\/blogopara.com.br\/wp-content\/uploads\/2022\/11\/WhatsApp-Image-2022-11-03-at-12.31.50.jpg",500,289,false],"mantranews-slider-large":["https:\/\/blogopara.com.br\/wp-content\/uploads\/2022\/11\/WhatsApp-Image-2022-11-03-at-12.31.50.jpg",500,289,false],"mantranews-featured-medium":["https:\/\/blogopara.com.br\/wp-content\/uploads\/2022\/11\/WhatsApp-Image-2022-11-03-at-12.31.50-420x289.jpg",420,289,true],"mantranews-featured-long":["https:\/\/blogopara.com.br\/wp-content\/uploads\/2022\/11\/WhatsApp-Image-2022-11-03-at-12.31.50-300x289.jpg",300,289,true],"mantranews-block-medium":["https:\/\/blogopara.com.br\/wp-content\/uploads\/2022\/11\/WhatsApp-Image-2022-11-03-at-12.31.50-464x289.jpg",464,289,true],"mantranews-carousel-image":["https:\/\/blogopara.com.br\/wp-content\/uploads\/2022\/11\/WhatsApp-Image-2022-11-03-at-12.31.50.jpg",500,289,false],"mantranews-block-thumb":["https:\/\/blogopara.com.br\/wp-content\/uploads\/2022\/11\/WhatsApp-Image-2022-11-03-at-12.31.50-322x230.jpg",322,230,true],"mantranews-single-large":["https:\/\/blogopara.com.br\/wp-content\/uploads\/2022\/11\/WhatsApp-Image-2022-11-03-at-12.31.50.jpg",500,289,false]},"uagb_author_info":{"display_name":"Reda\u00e7\u00e3o geral","author_link":"https:\/\/blogopara.com.br\/index.php\/author\/blogopara"},"uagb_comment_info":0,"uagb_excerpt":"Os pescadores de\u00a0Juazeiro, no norte da Bahia, v\u00e3o receber um aux\u00edlio durante o per\u00edodo de defeso, quando acontece a piracema (\u00e9poca em que as esp\u00e9cies se deslocam para reproduzir). Entre novembro e janeiro, fica proibido o uso de malhas e outros equipamentos nas \u00e1guas do Rio S\u00e3o Francisco. O per\u00edodo de suspens\u00e3o da pesca na&hellip;","jetpack_sharing_enabled":true,"jetpack_likes_enabled":true,"_links":{"self":[{"href":"https:\/\/blogopara.com.br\/index.php\/wp-json\/wp\/v2\/posts\/44957","targetHints":{"allow":["GET"]}}],"collection":[{"href":"https:\/\/blogopara.com.br\/index.php\/wp-json\/wp\/v2\/posts"}],"about":[{"href":"https:\/\/blogopara.com.br\/index.php\/wp-json\/wp\/v2\/types\/post"}],"author":[{"embeddable":true,"href":"https:\/\/blogopara.com.br\/index.php\/wp-json\/wp\/v2\/users\/1"}],"replies":[{"embeddable":true,"href":"https:\/\/blogopara.com.br\/index.php\/wp-json\/wp\/v2\/comments?post=44957"}],"version-history":[{"count":1,"href":"https:\/\/blogopara.com.br\/index.php\/wp-json\/wp\/v2\/posts\/44957\/revisions"}],"predecessor-version":[{"id":44959,"href":"https:\/\/blogopara.com.br\/index.php\/wp-json\/wp\/v2\/posts\/44957\/revisions\/44959"}],"wp:featuredmedia":[{"embeddable":true,"href":"https:\/\/blogopara.com.br\/index.php\/wp-json\/wp\/v2\/media\/44958"}],"wp:attachment":[{"href":"https:\/\/blogopara.com.br\/index.php\/wp-json\/wp\/v2\/media?parent=44957"}],"wp:term":[{"taxonomy":"category","embeddable":true,"href":"https:\/\/blogopara.com.br\/index.php\/wp-json\/wp\/v2\/categories?post=44957"},{"taxonomy":"post_tag","embeddable":true,"href":"https:\/\/blogopara.com.br\/index.php\/wp-json\/wp\/v2\/tags?post=44957"}],"curies":[{"name":"wp","href":"https:\/\/api.w.org\/{rel}","templated":true}]}}