{"id":45034,"date":"2022-11-05T11:39:00","date_gmt":"2022-11-05T14:39:00","guid":{"rendered":"https:\/\/blogopara.com.br\/?p=45034"},"modified":"2022-11-04T21:27:49","modified_gmt":"2022-11-05T00:27:49","slug":"equipe-de-transicao-comeca-a-trabalhar-no-ccbb-na-semana-que-vem","status":"publish","type":"post","link":"https:\/\/blogopara.com.br\/index.php\/2022\/11\/05\/equipe-de-transicao-comeca-a-trabalhar-no-ccbb-na-semana-que-vem","title":{"rendered":"Equipe de transi\u00e7\u00e3o come\u00e7a a trabalhar no CCBB na semana que vem"},"content":{"rendered":"<div class=\"td_block_wrap tdb_single_content tdi_96 td-pb-border-top td_block_template_8 td-post-content tagdiv-type\" data-td-block-uid=\"tdi_96\">\n<div class=\"tdb-block-inner td-fix-index\">\n<p style=\"text-align: justify;\">A equipe de transi\u00e7\u00e3o indicada pelo presidente eleito Luiz In\u00e1cio Lula da Silva come\u00e7a a ocupar, na segunda-feira (7), as instala\u00e7\u00f5es do Centro Cultural do Banco do Brasil (CCBB). A presidente do PT, deputada federal Gleisi Hoffmann (PR), visitou o local na manh\u00e3 desta sexta-feira (4) e disse que Lula deve vir a Bras\u00edlia na semana que vem, em dia ainda n\u00e3o definido.<\/p>\n<p style=\"text-align: justify;\">\u201cA previs\u00e3o \u00e9 que, a partir de segunda-feira a gente j\u00e1 comece a ocupar o espa\u00e7o, n\u00e3o com toda equipe formada, mas com equipe de administra\u00e7\u00e3o, que far\u00e1 essa parte de apoio, para que, quando as equipes da transi\u00e7\u00e3o, das \u00e1reas tem\u00e1ticas chegarem, esteja tudo pronto\u201d, disse Gleisi.<\/p>\n<p style=\"text-align: justify;\">Ele falou ainda sobre a proposta de emenda \u00e0 Constitui\u00e7\u00e3o (PEC) que deve ser constru\u00edda pelo governo eleito para acomodar, no or\u00e7amento do ano que vem, os projetos do governo Lula. A medida permitiria gastos acima do teto.<\/p>\n<p style=\"text-align: justify;\">\u201cTemos que ver todas as possibilidades para viabilizar aquilo que foi contratado nas urnas. N\u00e3o podemos entrar [em] 2023 sem o aux\u00edlio emergencial [Aux\u00edlio Brasil de R$ 600], sem o aumento real [acima da infla\u00e7\u00e3o] do sal\u00e1rio m\u00ednimo. S\u00e3o coisas que foram contratadas com o povo brasileiro e tenho certeza [de] que o Congresso tem essa sensibilidade, o Tribunal de Contas [da Uni\u00e3o] tamb\u00e9m\u201d, disse.<\/p>\n<p style=\"text-align: justify;\">Segundo Gleisi, a \u00e1rea t\u00e9cnica do governo eleito est\u00e1 negociando com os parlamentares da Comiss\u00e3o Mista do Or\u00e7amento e, na segunda-feira (7), devem come\u00e7ar a sair as defini\u00e7\u00f5es.<\/p>\n<\/div>\n<\/div>\n<div class=\"vc_row_inner tdi_98  vc_row vc_inner wpb_row td-pb-row\" style=\"text-align: justify;\">\n<div class=\"vc_column_inner tdi_100  wpb_column vc_column_container tdc-inner-column td-pb-span12 td-is-sticky\">\n<div class=\"vc_column-inner\">\n<div class=\"wpb_wrapper\"><\/div>\n<\/div>\n<\/div>\n<\/div>\n<div class=\"vc_row_inner tdi_103  vc_row vc_inner wpb_row td-pb-row\">\n<div class=\"vc_column_inner tdi_105  wpb_column vc_column_container tdc-inner-column td-pb-span12\">\n<div class=\"vc_column-inner\">\n<div class=\"wpb_wrapper\">\n<div class=\"td-block td-a-rec td-a-rec-id-custom-spot tdi_106 td_block_template_8\">\n<div class=\"g g-13\">\n<div class=\"g-single a-18\" style=\"text-align: justify;\"><\/div>\n<\/div>\n<\/div>\n<\/div>\n<\/div>\n<\/div>\n<\/div>\n","protected":false},"excerpt":{"rendered":"<p>A equipe de transi\u00e7\u00e3o indicada pelo presidente eleito Luiz In\u00e1cio Lula da Silva come\u00e7a a ocupar, na segunda-feira (7), as instala\u00e7\u00f5es do Centro Cultural do Banco do Brasil (CCBB). A presidente do PT, deputada federal Gleisi Hoffmann (PR), visitou o local na manh\u00e3 desta sexta-feira (4) e disse que Lula deve vir a Bras\u00edlia na [&hellip;]<\/p>\n","protected":false},"author":1,"featured_media":45035,"comment_status":"closed","ping_status":"open","sticky":false,"template":"","format":"standard","meta":{"_uag_custom_page_level_css":"","_monsterinsights_skip_tracking":false,"_monsterinsights_sitenote_active":false,"_monsterinsights_sitenote_note":"","_monsterinsights_sitenote_category":0,"jetpack_post_was_ever_published":false,"_jetpack_newsletter_access":"","_jetpack_dont_email_post_to_subs":false,"_jetpack_newsletter_tier_id":0,"_jetpack_memberships_contains_paywalled_content":false,"_jetpack_memberships_contains_paid_content":false,"footnotes":"","jetpack_publicize_message":"","jetpack_publicize_feature_enabled":true,"jetpack_social_post_already_shared":true,"jetpack_social_options":{"image_generator_settings":{"template":"highway","default_image_id":0,"font":"","enabled":false},"version":2}},"categories":[197],"tags":[1327,2431],"class_list":["post-45034","post","type-post","status-publish","format-standard","has-post-thumbnail","hentry","category-politica","tag-eleicoes-2022","tag-fase-de-transicao"],"jetpack_publicize_connections":[],"jetpack_featured_media_url":"https:\/\/blogopara.com.br\/wp-content\/uploads\/2022\/11\/WhatsApp-Image-2022-11-04-at-21.16.26.jpg","uagb_featured_image_src":{"full":["https:\/\/blogopara.com.br\/wp-content\/uploads\/2022\/11\/WhatsApp-Image-2022-11-04-at-21.16.26.jpg",500,300,false],"thumbnail":["https:\/\/blogopara.com.br\/wp-content\/uploads\/2022\/11\/WhatsApp-Image-2022-11-04-at-21.16.26-150x150.jpg",150,150,true],"medium":["https:\/\/blogopara.com.br\/wp-content\/uploads\/2022\/11\/WhatsApp-Image-2022-11-04-at-21.16.26-300x180.jpg",300,180,true],"medium_large":["https:\/\/blogopara.com.br\/wp-content\/uploads\/2022\/11\/WhatsApp-Image-2022-11-04-at-21.16.26.jpg",500,300,false],"large":["https:\/\/blogopara.com.br\/wp-content\/uploads\/2022\/11\/WhatsApp-Image-2022-11-04-at-21.16.26.jpg",500,300,false],"1536x1536":["https:\/\/blogopara.com.br\/wp-content\/uploads\/2022\/11\/WhatsApp-Image-2022-11-04-at-21.16.26.jpg",500,300,false],"2048x2048":["https:\/\/blogopara.com.br\/wp-content\/uploads\/2022\/11\/WhatsApp-Image-2022-11-04-at-21.16.26.jpg",500,300,false],"mantranews-slider-large":["https:\/\/blogopara.com.br\/wp-content\/uploads\/2022\/11\/WhatsApp-Image-2022-11-04-at-21.16.26.jpg",500,300,false],"mantranews-featured-medium":["https:\/\/blogopara.com.br\/wp-content\/uploads\/2022\/11\/WhatsApp-Image-2022-11-04-at-21.16.26-420x300.jpg",420,300,true],"mantranews-featured-long":["https:\/\/blogopara.com.br\/wp-content\/uploads\/2022\/11\/WhatsApp-Image-2022-11-04-at-21.16.26-300x300.jpg",300,300,true],"mantranews-block-medium":["https:\/\/blogopara.com.br\/wp-content\/uploads\/2022\/11\/WhatsApp-Image-2022-11-04-at-21.16.26-464x290.jpg",464,290,true],"mantranews-carousel-image":["https:\/\/blogopara.com.br\/wp-content\/uploads\/2022\/11\/WhatsApp-Image-2022-11-04-at-21.16.26.jpg",500,300,false],"mantranews-block-thumb":["https:\/\/blogopara.com.br\/wp-content\/uploads\/2022\/11\/WhatsApp-Image-2022-11-04-at-21.16.26-322x230.jpg",322,230,true],"mantranews-single-large":["https:\/\/blogopara.com.br\/wp-content\/uploads\/2022\/11\/WhatsApp-Image-2022-11-04-at-21.16.26.jpg",500,300,false]},"uagb_author_info":{"display_name":"Reda\u00e7\u00e3o geral","author_link":"https:\/\/blogopara.com.br\/index.php\/author\/blogopara"},"uagb_comment_info":0,"uagb_excerpt":"A equipe de transi\u00e7\u00e3o indicada pelo presidente eleito Luiz In\u00e1cio Lula da Silva come\u00e7a a ocupar, na segunda-feira (7), as instala\u00e7\u00f5es do Centro Cultural do Banco do Brasil (CCBB). A presidente do PT, deputada federal Gleisi Hoffmann (PR), visitou o local na manh\u00e3 desta sexta-feira (4) e disse que Lula deve vir a Bras\u00edlia na&hellip;","jetpack_sharing_enabled":true,"jetpack_likes_enabled":true,"_links":{"self":[{"href":"https:\/\/blogopara.com.br\/index.php\/wp-json\/wp\/v2\/posts\/45034","targetHints":{"allow":["GET"]}}],"collection":[{"href":"https:\/\/blogopara.com.br\/index.php\/wp-json\/wp\/v2\/posts"}],"about":[{"href":"https:\/\/blogopara.com.br\/index.php\/wp-json\/wp\/v2\/types\/post"}],"author":[{"embeddable":true,"href":"https:\/\/blogopara.com.br\/index.php\/wp-json\/wp\/v2\/users\/1"}],"replies":[{"embeddable":true,"href":"https:\/\/blogopara.com.br\/index.php\/wp-json\/wp\/v2\/comments?post=45034"}],"version-history":[{"count":1,"href":"https:\/\/blogopara.com.br\/index.php\/wp-json\/wp\/v2\/posts\/45034\/revisions"}],"predecessor-version":[{"id":45036,"href":"https:\/\/blogopara.com.br\/index.php\/wp-json\/wp\/v2\/posts\/45034\/revisions\/45036"}],"wp:featuredmedia":[{"embeddable":true,"href":"https:\/\/blogopara.com.br\/index.php\/wp-json\/wp\/v2\/media\/45035"}],"wp:attachment":[{"href":"https:\/\/blogopara.com.br\/index.php\/wp-json\/wp\/v2\/media?parent=45034"}],"wp:term":[{"taxonomy":"category","embeddable":true,"href":"https:\/\/blogopara.com.br\/index.php\/wp-json\/wp\/v2\/categories?post=45034"},{"taxonomy":"post_tag","embeddable":true,"href":"https:\/\/blogopara.com.br\/index.php\/wp-json\/wp\/v2\/tags?post=45034"}],"curies":[{"name":"wp","href":"https:\/\/api.w.org\/{rel}","templated":true}]}}