{"id":45040,"date":"2022-11-05T10:35:00","date_gmt":"2022-11-05T13:35:00","guid":{"rendered":"https:\/\/blogopara.com.br\/?p=45040"},"modified":"2022-11-04T21:26:12","modified_gmt":"2022-11-05T00:26:12","slug":"todas-as-rodovias-federais-estao-desbloqueadas-informa-prf","status":"publish","type":"post","link":"https:\/\/blogopara.com.br\/index.php\/2022\/11\/05\/todas-as-rodovias-federais-estao-desbloqueadas-informa-prf","title":{"rendered":"Todas as rodovias federais est\u00e3o desbloqueadas, informa PRF"},"content":{"rendered":"<p style=\"text-align: justify;\">A Pol\u00edcia Rodovi\u00e1ria Federal (PRF) informou que todas as rodovias federais est\u00e3o desbloqueadas no in\u00edcio da tarde de hoje (4), mas h\u00e1 registro de 13 interdi\u00e7\u00f5es, onde o fluxo est\u00e1 \u201cparcialmente impedido\u201d.<\/p>\n<div class=\"td-a-ad id_inline_ad0 id_ad_content-horiz-left\" style=\"text-align: justify;\">\n<div class=\"g g-12\">\n<div class=\"g-single a-13\"><span style=\"font-size: revert; color: initial;\">At\u00e9 o momento, 962 manifesta\u00e7\u00f5es foram desfeitas, conforme informado pela PRF nas redes sociais. Das 13 interdi\u00e7\u00f5es parciais, quatro est\u00e3o localizadas no Par\u00e1; e quatro em Mato Grosso. H\u00e1, ainda tr\u00eas pontos de interdi\u00e7\u00f5es em Rond\u00f4nia; um no Amazonas e um no Mato Grosso do Sul.<\/span><\/div>\n<\/div>\n<\/div>\n<p style=\"text-align: justify;\">No domingo (30), ap\u00f3s o an\u00fancio da vit\u00f3ria de Luiz In\u00e1cio Lula da Silva no segundo turno da elei\u00e7\u00e3o para a Presid\u00eancia da Rep\u00fablica, grupos de caminhoneiros e apoiadores de Jair Bolsonaro iniciaram bloqueios de rodovias em diversos pontos do pa\u00eds.<\/p>\n<p style=\"text-align: justify;\">Diante da situa\u00e7\u00e3o, o presidente Jair Bolsonaro divulgou um v\u00eddeo pedindo aos manifestantes que desobstru\u00edssem as rodovias.<\/p>\n<div class=\"td-a-ad id_inline_ad1 id_ad_content-horiz-left\" style=\"text-align: justify;\">\n<div class=\"g g-14\">\n<div class=\"g-single a-18\" style=\"text-align: justify;\"><span style=\"font-size: revert; color: initial;\">\u201cO fechamento de rodovias pelo Brasil prejudica o direito de ir e vir das pessoas, est\u00e1 l\u00e1 na Constitui\u00e7\u00e3o\u201d, disse o presidente. \u201cDesobstruam as rodovias, isso n\u00e3o faz parte das manifesta\u00e7\u00f5es leg\u00edtimas\u201d, acrescentou.<\/span><\/div>\n<\/div>\n<\/div>\n","protected":false},"excerpt":{"rendered":"<p>A Pol\u00edcia Rodovi\u00e1ria Federal (PRF) informou que todas as rodovias federais est\u00e3o desbloqueadas no in\u00edcio da tarde de hoje (4), mas h\u00e1 registro de 13 interdi\u00e7\u00f5es, onde o fluxo est\u00e1 \u201cparcialmente impedido\u201d. At\u00e9 o momento, 962 manifesta\u00e7\u00f5es foram desfeitas, conforme informado pela PRF nas redes sociais. Das 13 interdi\u00e7\u00f5es parciais, quatro est\u00e3o localizadas no Par\u00e1; [&hellip;]<\/p>\n","protected":false},"author":1,"featured_media":42031,"comment_status":"closed","ping_status":"open","sticky":false,"template":"","format":"standard","meta":{"_uag_custom_page_level_css":"","_monsterinsights_skip_tracking":false,"_monsterinsights_sitenote_active":false,"_monsterinsights_sitenote_note":"","_monsterinsights_sitenote_category":0,"jetpack_post_was_ever_published":false,"_jetpack_newsletter_access":"","_jetpack_dont_email_post_to_subs":false,"_jetpack_newsletter_tier_id":0,"_jetpack_memberships_contains_paywalled_content":false,"_jetpack_memberships_contains_paid_content":false,"footnotes":"","jetpack_publicize_message":"","jetpack_publicize_feature_enabled":true,"jetpack_social_post_already_shared":true,"jetpack_social_options":{"image_generator_settings":{"template":"highway","default_image_id":0,"font":"","enabled":false},"version":2}},"categories":[202],"tags":[],"class_list":["post-45040","post","type-post","status-publish","format-standard","has-post-thumbnail","hentry","category-policia"],"jetpack_publicize_connections":[],"jetpack_featured_media_url":"https:\/\/blogopara.com.br\/wp-content\/uploads\/2022\/09\/prf.jpg","uagb_featured_image_src":{"full":["https:\/\/blogopara.com.br\/wp-content\/uploads\/2022\/09\/prf.jpg",500,377,false],"thumbnail":["https:\/\/blogopara.com.br\/wp-content\/uploads\/2022\/09\/prf-150x150.jpg",150,150,true],"medium":["https:\/\/blogopara.com.br\/wp-content\/uploads\/2022\/09\/prf-300x226.jpg",300,226,true],"medium_large":["https:\/\/blogopara.com.br\/wp-content\/uploads\/2022\/09\/prf.jpg",500,377,false],"large":["https:\/\/blogopara.com.br\/wp-content\/uploads\/2022\/09\/prf.jpg",500,377,false],"1536x1536":["https:\/\/blogopara.com.br\/wp-content\/uploads\/2022\/09\/prf.jpg",500,377,false],"2048x2048":["https:\/\/blogopara.com.br\/wp-content\/uploads\/2022\/09\/prf.jpg",500,377,false],"mantranews-slider-large":["https:\/\/blogopara.com.br\/wp-content\/uploads\/2022\/09\/prf.jpg",500,377,false],"mantranews-featured-medium":["https:\/\/blogopara.com.br\/wp-content\/uploads\/2022\/09\/prf-420x307.jpg",420,307,true],"mantranews-featured-long":["https:\/\/blogopara.com.br\/wp-content\/uploads\/2022\/09\/prf-300x377.jpg",300,377,true],"mantranews-block-medium":["https:\/\/blogopara.com.br\/wp-content\/uploads\/2022\/09\/prf-464x290.jpg",464,290,true],"mantranews-carousel-image":["https:\/\/blogopara.com.br\/wp-content\/uploads\/2022\/09\/prf.jpg",500,377,false],"mantranews-block-thumb":["https:\/\/blogopara.com.br\/wp-content\/uploads\/2022\/09\/prf-322x230.jpg",322,230,true],"mantranews-single-large":["https:\/\/blogopara.com.br\/wp-content\/uploads\/2022\/09\/prf.jpg",500,377,false]},"uagb_author_info":{"display_name":"Reda\u00e7\u00e3o geral","author_link":"https:\/\/blogopara.com.br\/index.php\/author\/blogopara"},"uagb_comment_info":0,"uagb_excerpt":"A Pol\u00edcia Rodovi\u00e1ria Federal (PRF) informou que todas as rodovias federais est\u00e3o desbloqueadas no in\u00edcio da tarde de hoje (4), mas h\u00e1 registro de 13 interdi\u00e7\u00f5es, onde o fluxo est\u00e1 \u201cparcialmente impedido\u201d. At\u00e9 o momento, 962 manifesta\u00e7\u00f5es foram desfeitas, conforme informado pela PRF nas redes sociais. Das 13 interdi\u00e7\u00f5es parciais, quatro est\u00e3o localizadas no Par\u00e1;&hellip;","jetpack_sharing_enabled":true,"jetpack_likes_enabled":true,"_links":{"self":[{"href":"https:\/\/blogopara.com.br\/index.php\/wp-json\/wp\/v2\/posts\/45040","targetHints":{"allow":["GET"]}}],"collection":[{"href":"https:\/\/blogopara.com.br\/index.php\/wp-json\/wp\/v2\/posts"}],"about":[{"href":"https:\/\/blogopara.com.br\/index.php\/wp-json\/wp\/v2\/types\/post"}],"author":[{"embeddable":true,"href":"https:\/\/blogopara.com.br\/index.php\/wp-json\/wp\/v2\/users\/1"}],"replies":[{"embeddable":true,"href":"https:\/\/blogopara.com.br\/index.php\/wp-json\/wp\/v2\/comments?post=45040"}],"version-history":[{"count":2,"href":"https:\/\/blogopara.com.br\/index.php\/wp-json\/wp\/v2\/posts\/45040\/revisions"}],"predecessor-version":[{"id":45042,"href":"https:\/\/blogopara.com.br\/index.php\/wp-json\/wp\/v2\/posts\/45040\/revisions\/45042"}],"wp:featuredmedia":[{"embeddable":true,"href":"https:\/\/blogopara.com.br\/index.php\/wp-json\/wp\/v2\/media\/42031"}],"wp:attachment":[{"href":"https:\/\/blogopara.com.br\/index.php\/wp-json\/wp\/v2\/media?parent=45040"}],"wp:term":[{"taxonomy":"category","embeddable":true,"href":"https:\/\/blogopara.com.br\/index.php\/wp-json\/wp\/v2\/categories?post=45040"},{"taxonomy":"post_tag","embeddable":true,"href":"https:\/\/blogopara.com.br\/index.php\/wp-json\/wp\/v2\/tags?post=45040"}],"curies":[{"name":"wp","href":"https:\/\/api.w.org\/{rel}","templated":true}]}}