{"id":45044,"date":"2022-11-05T09:45:00","date_gmt":"2022-11-05T12:45:00","guid":{"rendered":"https:\/\/blogopara.com.br\/?p=45044"},"modified":"2022-11-04T21:31:52","modified_gmt":"2022-11-05T00:31:52","slug":"policia-civil-de-juazeiro-ba-atua-em-situacao-de-extorsao-mediante-sequestro-e-obtem-a-liberacao-da-vitima","status":"publish","type":"post","link":"https:\/\/blogopara.com.br\/index.php\/2022\/11\/05\/policia-civil-de-juazeiro-ba-atua-em-situacao-de-extorsao-mediante-sequestro-e-obtem-a-liberacao-da-vitima","title":{"rendered":"Pol\u00edcia Civil de Juazeiro (BA) atua em situa\u00e7\u00e3o de extors\u00e3o mediante sequestro e obt\u00e9m a libera\u00e7\u00e3o da v\u00edtima"},"content":{"rendered":"<p style=\"text-align: justify;\">Nesta sexta-feira (04), as equipes que comp\u00f5em a 17\u00aa Coorpin, sendo o CATI-NORTE e N\u00daCLEO DE INTELIG\u00caNCIA juntamente com a equipe do DRACO &#8211; COORDENA\u00c7\u00c3O DE REPRESS\u00c3O \u00c0 EXTORS\u00c3O MEDIANTE SEQUESTRO conseguiram a libera\u00e7\u00e3o do sequestrado Osmar Medrado de Lima, o qual fora arrebatado no dia 01\/11\/2022 da frente de seu Lava-Jato, localizado no centro de Juazeiro.<\/p>\n<p style=\"text-align: justify;\">Ap\u00f3s a not\u00edcia do fato, deu-se in\u00edcio \u00e0s investiga\u00e7\u00f5es com a equipe do plant\u00e3o da 1\u00aa DT de Juazeiro e em seguida a situa\u00e7\u00e3o passou a ser apurada pela Coordenadoria Regional da Pol\u00edcia Civil em Juazeiro, quando ap\u00f3s intensos dias de atua\u00e7\u00e3o, foi obtido \u00eaxito e a v\u00edtima foi libertada pelos sequestradores com sua integridade f\u00edsica preservada.<\/p>\n\n\n<p>com informa\u00e7\u00f5es da 17\u00aa Coorpin<\/p>\n","protected":false},"excerpt":{"rendered":"<p>Nesta sexta-feira (04), as equipes que comp\u00f5em a 17\u00aa Coorpin, sendo o CATI-NORTE e N\u00daCLEO DE INTELIG\u00caNCIA juntamente com a equipe do DRACO &#8211; COORDENA\u00c7\u00c3O DE REPRESS\u00c3O \u00c0 EXTORS\u00c3O MEDIANTE SEQUESTRO conseguiram a libera\u00e7\u00e3o do sequestrado Osmar Medrado de Lima, o qual fora arrebatado no dia 01\/11\/2022 da frente de seu Lava-Jato, localizado no centro [&hellip;]<\/p>\n","protected":false},"author":1,"featured_media":45045,"comment_status":"closed","ping_status":"open","sticky":false,"template":"","format":"standard","meta":{"_uag_custom_page_level_css":"","_monsterinsights_skip_tracking":false,"_monsterinsights_sitenote_active":false,"_monsterinsights_sitenote_note":"","_monsterinsights_sitenote_category":0,"jetpack_post_was_ever_published":false,"_jetpack_newsletter_access":"","_jetpack_dont_email_post_to_subs":false,"_jetpack_newsletter_tier_id":0,"_jetpack_memberships_contains_paywalled_content":false,"_jetpack_memberships_contains_paid_content":false,"footnotes":"","jetpack_publicize_message":"","jetpack_publicize_feature_enabled":true,"jetpack_social_post_already_shared":true,"jetpack_social_options":{"image_generator_settings":{"template":"highway","default_image_id":0,"font":"","enabled":false},"version":2}},"categories":[202],"tags":[143],"class_list":["post-45044","post","type-post","status-publish","format-standard","has-post-thumbnail","hentry","category-policia","tag-juazeiro-da-bahia"],"jetpack_publicize_connections":[],"jetpack_featured_media_url":"https:\/\/blogopara.com.br\/wp-content\/uploads\/2022\/11\/WhatsApp-Image-2022-11-04-at-21.30.07.jpg","uagb_featured_image_src":{"full":["https:\/\/blogopara.com.br\/wp-content\/uploads\/2022\/11\/WhatsApp-Image-2022-11-04-at-21.30.07.jpg",500,586,false],"thumbnail":["https:\/\/blogopara.com.br\/wp-content\/uploads\/2022\/11\/WhatsApp-Image-2022-11-04-at-21.30.07-150x150.jpg",150,150,true],"medium":["https:\/\/blogopara.com.br\/wp-content\/uploads\/2022\/11\/WhatsApp-Image-2022-11-04-at-21.30.07-256x300.jpg",256,300,true],"medium_large":["https:\/\/blogopara.com.br\/wp-content\/uploads\/2022\/11\/WhatsApp-Image-2022-11-04-at-21.30.07.jpg",500,586,false],"large":["https:\/\/blogopara.com.br\/wp-content\/uploads\/2022\/11\/WhatsApp-Image-2022-11-04-at-21.30.07.jpg",500,586,false],"1536x1536":["https:\/\/blogopara.com.br\/wp-content\/uploads\/2022\/11\/WhatsApp-Image-2022-11-04-at-21.30.07.jpg",500,586,false],"2048x2048":["https:\/\/blogopara.com.br\/wp-content\/uploads\/2022\/11\/WhatsApp-Image-2022-11-04-at-21.30.07.jpg",500,586,false],"mantranews-slider-large":["https:\/\/blogopara.com.br\/wp-content\/uploads\/2022\/11\/WhatsApp-Image-2022-11-04-at-21.30.07.jpg",500,586,false],"mantranews-featured-medium":["https:\/\/blogopara.com.br\/wp-content\/uploads\/2022\/11\/WhatsApp-Image-2022-11-04-at-21.30.07-420x307.jpg",420,307,true],"mantranews-featured-long":["https:\/\/blogopara.com.br\/wp-content\/uploads\/2022\/11\/WhatsApp-Image-2022-11-04-at-21.30.07-300x443.jpg",300,443,true],"mantranews-block-medium":["https:\/\/blogopara.com.br\/wp-content\/uploads\/2022\/11\/WhatsApp-Image-2022-11-04-at-21.30.07-464x290.jpg",464,290,true],"mantranews-carousel-image":["https:\/\/blogopara.com.br\/wp-content\/uploads\/2022\/11\/WhatsApp-Image-2022-11-04-at-21.30.07-500x500.jpg",500,500,true],"mantranews-block-thumb":["https:\/\/blogopara.com.br\/wp-content\/uploads\/2022\/11\/WhatsApp-Image-2022-11-04-at-21.30.07-322x230.jpg",322,230,true],"mantranews-single-large":["https:\/\/blogopara.com.br\/wp-content\/uploads\/2022\/11\/WhatsApp-Image-2022-11-04-at-21.30.07.jpg",500,586,false]},"uagb_author_info":{"display_name":"Reda\u00e7\u00e3o geral","author_link":"https:\/\/blogopara.com.br\/index.php\/author\/blogopara"},"uagb_comment_info":0,"uagb_excerpt":"Nesta sexta-feira (04), as equipes que comp\u00f5em a 17\u00aa Coorpin, sendo o CATI-NORTE e N\u00daCLEO DE INTELIG\u00caNCIA juntamente com a equipe do DRACO &#8211; COORDENA\u00c7\u00c3O DE REPRESS\u00c3O \u00c0 EXTORS\u00c3O MEDIANTE SEQUESTRO conseguiram a libera\u00e7\u00e3o do sequestrado Osmar Medrado de Lima, o qual fora arrebatado no dia 01\/11\/2022 da frente de seu Lava-Jato, localizado no centro&hellip;","jetpack_sharing_enabled":true,"jetpack_likes_enabled":true,"_links":{"self":[{"href":"https:\/\/blogopara.com.br\/index.php\/wp-json\/wp\/v2\/posts\/45044","targetHints":{"allow":["GET"]}}],"collection":[{"href":"https:\/\/blogopara.com.br\/index.php\/wp-json\/wp\/v2\/posts"}],"about":[{"href":"https:\/\/blogopara.com.br\/index.php\/wp-json\/wp\/v2\/types\/post"}],"author":[{"embeddable":true,"href":"https:\/\/blogopara.com.br\/index.php\/wp-json\/wp\/v2\/users\/1"}],"replies":[{"embeddable":true,"href":"https:\/\/blogopara.com.br\/index.php\/wp-json\/wp\/v2\/comments?post=45044"}],"version-history":[{"count":1,"href":"https:\/\/blogopara.com.br\/index.php\/wp-json\/wp\/v2\/posts\/45044\/revisions"}],"predecessor-version":[{"id":45046,"href":"https:\/\/blogopara.com.br\/index.php\/wp-json\/wp\/v2\/posts\/45044\/revisions\/45046"}],"wp:featuredmedia":[{"embeddable":true,"href":"https:\/\/blogopara.com.br\/index.php\/wp-json\/wp\/v2\/media\/45045"}],"wp:attachment":[{"href":"https:\/\/blogopara.com.br\/index.php\/wp-json\/wp\/v2\/media?parent=45044"}],"wp:term":[{"taxonomy":"category","embeddable":true,"href":"https:\/\/blogopara.com.br\/index.php\/wp-json\/wp\/v2\/categories?post=45044"},{"taxonomy":"post_tag","embeddable":true,"href":"https:\/\/blogopara.com.br\/index.php\/wp-json\/wp\/v2\/tags?post=45044"}],"curies":[{"name":"wp","href":"https:\/\/api.w.org\/{rel}","templated":true}]}}