{"id":45047,"date":"2022-11-05T14:45:00","date_gmt":"2022-11-05T17:45:00","guid":{"rendered":"https:\/\/blogopara.com.br\/?p=45047"},"modified":"2022-11-05T13:25:47","modified_gmt":"2022-11-05T16:25:47","slug":"estudo-mostra-crescimento-dos-conglomerados-de-salvador","status":"publish","type":"post","link":"https:\/\/blogopara.com.br\/index.php\/2022\/11\/05\/estudo-mostra-crescimento-dos-conglomerados-de-salvador","title":{"rendered":"Estudo mostra crescimento dos conglomerados de Salvador"},"content":{"rendered":"<p style=\"text-align: justify;\">As favelas da capital baiana cresceram o equivalente a 100 campos de futebol entre 2020 e 2021, segundo apontam dados da MapBiomas. A entidade de mapeamento anual da cobertura e uso do solo analisa imagens de sat\u00e9lite captadas entre 1985 e 2021. As informa\u00e7\u00f5es divulgadas ontem, no Dia da Favela, apontaram Salvador como a quinta capital do Brasil onde a maior parte da \u00e1rea informal foi urbanizada em favelas. Ao todo, foram 4.793 hectares.<\/p>\n<p style=\"text-align: justify;\">\u201cSalvador especificamente, apesar de n\u00e3o ter tido a maior urbaniza\u00e7\u00e3o, \u00e9 a cidade com a maior \u00e1rea urbana em risco no Brasil, hoje. Salvador \u00e9 40% favela, 60% formal\u201d, detalha Julio Cesar Predrassoli, coordenador de mapeamento de \u00c1reas Urbanizadas do MapBiomas.<\/p>\n<p style=\"text-align: justify;\">\u201cDo ponto de vista geral, isso significa que as pol\u00edticas habitacionais no Brasil n\u00e3o t\u00eam surtido muito efeito da forma como t\u00eam sido feitas\u201d, aponta o professor da Ufba. \u201cA moradia n\u00e3o \u00e9 tratada como direito, mas como mercadoria. Acaba expulsando boa parte da popula\u00e7\u00e3o, especialmente com menor renda, a mais vulner\u00e1vel para ocupar essas \u00e1reas que a gente chama de favelas\u201d.<\/p>\n<p style=\"text-align: justify;\">Das 887 cidades que possuem alguma \u00e1rea urbanizada em regi\u00f5es de risco, 20 cidades respondem por 36% de toda a \u00e1rea de risco ocupada nos \u00faltimos 37 anos no pa\u00eds. Salvador aparece em primeiro lugar na lista, seguida por Ribeir\u00e3o das Neves, Jaboat\u00e3o dos Guararapes, S\u00e3o Paulo, Recife e Belo Horizonte.<\/p>\n<p style=\"text-align: justify;\">As comunidades de Val\u00e9ria, \u00c1guas Claras, Castelo Branco, Periperi, Bairro da Paz, Alto do Cabrito e Sete de Abril est\u00e3o entre as de maior crescimento em \u00e1reas de risco, segundo o \u00faltimo mapeamento. O ritmo de crescimento \u00e9 sentido por quem mora nas regi\u00f5es, como observa Mem Costa, lideran\u00e7a comunit\u00e1ria do Bairro da Paz. \u201cIsso \u00e9 uma consequ\u00eancia natural da desordem urbana. Todas as comunidades que eu conhe\u00e7o t\u00eam defici\u00eancia nas suas infraestruturas. Dentro do Bairro da Paz, a gente sofre muito com isso\u201d.<\/p>\n<p style=\"text-align: justify;\"><b>Periperi<\/b><\/p>\n<p style=\"text-align: justify;\">A regi\u00e3o de Periperi tamb\u00e9m integra a lista de maior crescimento de favelas, e suas origens e consequ\u00eancias s\u00e3o analisadas pelos locais. \u201cO aumento descontrolado da pobreza nos \u00faltimos anos certamente contribuiu para esse aumento\u201d, diz Ronildes Lima, presidente da Associa\u00e7\u00e3o 8 de Maio, organiza\u00e7\u00e3o da regi\u00e3o. \u201cA comunidade Guerreira Zeferina \u00e9 um bom exemplo, que saiu de um amontoado de casas para um pequeno complexo de apartamentos\u201d.<\/p>\n<p style=\"text-align: justify;\">O presidente destaca que o crescimento demonstra efeitos para al\u00e9m da desigualdade social. \u201cA gente percebe que quanto mais favelas v\u00e3o existindo, mais distante e ausente fica o Poder P\u00fablico, mas tamb\u00e9m existem favelas que come\u00e7aram a criar solu\u00e7\u00f5es para os problemas sociais que existem nesse territ\u00f3rio. As favelas passaram a ter um territ\u00f3rio que movimenta a economia. Elas come\u00e7aram a se desenvolver no territ\u00f3rio com tecnologias, com solu\u00e7\u00f5es para elas mesmas\u201d.<\/p>\n<p style=\"text-align: justify;\"><b>Mata<\/b><\/p>\n<p style=\"text-align: justify;\">Outro ponto levantado pelo estudo da MapBiomas \u00e9 a rela\u00e7\u00e3o do crescimento exacerbado das favelas com o desmatamento, ao que Julio explica n\u00e3o ser o \u00fanico fator determinante na perda da mata nativa. \u201cA cidade cresce em cima de alguma coisa: pasto, vegeta\u00e7\u00e3o nativa, floresta. Em n\u00fameros absolutos, em quantidade, a maior parte da cidade que cresce sobre vegeta\u00e7\u00e3o nativa, que desmata, n\u00e3o \u00e9 a favela. As favelas t\u00eam uma quantidade menor quando voc\u00ea compara com a cidade como um todo, tem menos favela do que cidade formal\u201d.<\/p>\n","protected":false},"excerpt":{"rendered":"<p>As favelas da capital baiana cresceram o equivalente a 100 campos de futebol entre 2020 e 2021, segundo apontam dados da MapBiomas. A entidade de mapeamento anual da cobertura e uso do solo analisa imagens de sat\u00e9lite captadas entre 1985 e 2021. As informa\u00e7\u00f5es divulgadas ontem, no Dia da Favela, apontaram Salvador como a quinta [&hellip;]<\/p>\n","protected":false},"author":1,"featured_media":45048,"comment_status":"closed","ping_status":"open","sticky":false,"template":"","format":"standard","meta":{"_uag_custom_page_level_css":"","_monsterinsights_skip_tracking":false,"_monsterinsights_sitenote_active":false,"_monsterinsights_sitenote_note":"","_monsterinsights_sitenote_category":0,"jetpack_post_was_ever_published":false,"_jetpack_newsletter_access":"","_jetpack_dont_email_post_to_subs":false,"_jetpack_newsletter_tier_id":0,"_jetpack_memberships_contains_paywalled_content":false,"_jetpack_memberships_contains_paid_content":false,"footnotes":"","jetpack_publicize_message":"","jetpack_publicize_feature_enabled":true,"jetpack_social_post_already_shared":true,"jetpack_social_options":{"image_generator_settings":{"template":"highway","default_image_id":0,"font":"","enabled":false},"version":2}},"categories":[199],"tags":[],"class_list":["post-45047","post","type-post","status-publish","format-standard","has-post-thumbnail","hentry","category-bahia"],"jetpack_publicize_connections":[],"jetpack_featured_media_url":"https:\/\/blogopara.com.br\/wp-content\/uploads\/2022\/11\/WhatsApp-Image-2022-11-05-at-13.23.31.jpg","uagb_featured_image_src":{"full":["https:\/\/blogopara.com.br\/wp-content\/uploads\/2022\/11\/WhatsApp-Image-2022-11-05-at-13.23.31.jpg",500,354,false],"thumbnail":["https:\/\/blogopara.com.br\/wp-content\/uploads\/2022\/11\/WhatsApp-Image-2022-11-05-at-13.23.31-150x150.jpg",150,150,true],"medium":["https:\/\/blogopara.com.br\/wp-content\/uploads\/2022\/11\/WhatsApp-Image-2022-11-05-at-13.23.31-300x212.jpg",300,212,true],"medium_large":["https:\/\/blogopara.com.br\/wp-content\/uploads\/2022\/11\/WhatsApp-Image-2022-11-05-at-13.23.31.jpg",500,354,false],"large":["https:\/\/blogopara.com.br\/wp-content\/uploads\/2022\/11\/WhatsApp-Image-2022-11-05-at-13.23.31.jpg",500,354,false],"1536x1536":["https:\/\/blogopara.com.br\/wp-content\/uploads\/2022\/11\/WhatsApp-Image-2022-11-05-at-13.23.31.jpg",500,354,false],"2048x2048":["https:\/\/blogopara.com.br\/wp-content\/uploads\/2022\/11\/WhatsApp-Image-2022-11-05-at-13.23.31.jpg",500,354,false],"mantranews-slider-large":["https:\/\/blogopara.com.br\/wp-content\/uploads\/2022\/11\/WhatsApp-Image-2022-11-05-at-13.23.31.jpg",500,354,false],"mantranews-featured-medium":["https:\/\/blogopara.com.br\/wp-content\/uploads\/2022\/11\/WhatsApp-Image-2022-11-05-at-13.23.31-420x307.jpg",420,307,true],"mantranews-featured-long":["https:\/\/blogopara.com.br\/wp-content\/uploads\/2022\/11\/WhatsApp-Image-2022-11-05-at-13.23.31-300x354.jpg",300,354,true],"mantranews-block-medium":["https:\/\/blogopara.com.br\/wp-content\/uploads\/2022\/11\/WhatsApp-Image-2022-11-05-at-13.23.31-464x290.jpg",464,290,true],"mantranews-carousel-image":["https:\/\/blogopara.com.br\/wp-content\/uploads\/2022\/11\/WhatsApp-Image-2022-11-05-at-13.23.31.jpg",500,354,false],"mantranews-block-thumb":["https:\/\/blogopara.com.br\/wp-content\/uploads\/2022\/11\/WhatsApp-Image-2022-11-05-at-13.23.31-322x230.jpg",322,230,true],"mantranews-single-large":["https:\/\/blogopara.com.br\/wp-content\/uploads\/2022\/11\/WhatsApp-Image-2022-11-05-at-13.23.31.jpg",500,354,false]},"uagb_author_info":{"display_name":"Reda\u00e7\u00e3o geral","author_link":"https:\/\/blogopara.com.br\/index.php\/author\/blogopara"},"uagb_comment_info":0,"uagb_excerpt":"As favelas da capital baiana cresceram o equivalente a 100 campos de futebol entre 2020 e 2021, segundo apontam dados da MapBiomas. A entidade de mapeamento anual da cobertura e uso do solo analisa imagens de sat\u00e9lite captadas entre 1985 e 2021. As informa\u00e7\u00f5es divulgadas ontem, no Dia da Favela, apontaram Salvador como a quinta&hellip;","jetpack_sharing_enabled":true,"jetpack_likes_enabled":true,"_links":{"self":[{"href":"https:\/\/blogopara.com.br\/index.php\/wp-json\/wp\/v2\/posts\/45047","targetHints":{"allow":["GET"]}}],"collection":[{"href":"https:\/\/blogopara.com.br\/index.php\/wp-json\/wp\/v2\/posts"}],"about":[{"href":"https:\/\/blogopara.com.br\/index.php\/wp-json\/wp\/v2\/types\/post"}],"author":[{"embeddable":true,"href":"https:\/\/blogopara.com.br\/index.php\/wp-json\/wp\/v2\/users\/1"}],"replies":[{"embeddable":true,"href":"https:\/\/blogopara.com.br\/index.php\/wp-json\/wp\/v2\/comments?post=45047"}],"version-history":[{"count":1,"href":"https:\/\/blogopara.com.br\/index.php\/wp-json\/wp\/v2\/posts\/45047\/revisions"}],"predecessor-version":[{"id":45049,"href":"https:\/\/blogopara.com.br\/index.php\/wp-json\/wp\/v2\/posts\/45047\/revisions\/45049"}],"wp:featuredmedia":[{"embeddable":true,"href":"https:\/\/blogopara.com.br\/index.php\/wp-json\/wp\/v2\/media\/45048"}],"wp:attachment":[{"href":"https:\/\/blogopara.com.br\/index.php\/wp-json\/wp\/v2\/media?parent=45047"}],"wp:term":[{"taxonomy":"category","embeddable":true,"href":"https:\/\/blogopara.com.br\/index.php\/wp-json\/wp\/v2\/categories?post=45047"},{"taxonomy":"post_tag","embeddable":true,"href":"https:\/\/blogopara.com.br\/index.php\/wp-json\/wp\/v2\/tags?post=45047"}],"curies":[{"name":"wp","href":"https:\/\/api.w.org\/{rel}","templated":true}]}}