{"id":45056,"date":"2022-11-05T19:42:00","date_gmt":"2022-11-05T22:42:00","guid":{"rendered":"https:\/\/blogopara.com.br\/?p=45056"},"modified":"2022-11-05T13:55:24","modified_gmt":"2022-11-05T16:55:24","slug":"comeca-neste-domingo-no-egito-a-cop-27-cupula-do-clima-da-onu","status":"publish","type":"post","link":"https:\/\/blogopara.com.br\/index.php\/2022\/11\/05\/comeca-neste-domingo-no-egito-a-cop-27-cupula-do-clima-da-onu","title":{"rendered":"Come\u00e7a neste domingo, no Egito, a COP 27, C\u00fapula do Clima da ONU"},"content":{"rendered":"<div class=\"post-item-wrap\">\n<p style=\"text-align: justify;\">Come\u00e7a neste\u00a0domingo, dia\u00a06 de novembro, a 27\u00aa edi\u00e7\u00e3o da C\u00fapula do Clima da ONU, Organiza\u00e7\u00e3o das Na\u00e7\u00f5es Unidas. A COP 27 vai ser realizada na cidade de Sharm El Sheikh, no Egito. A expectativa \u00e9 reunir mais de 90 chefes de Estado e representantes de 190\u00a0pa\u00edses.<img decoding=\"async\" src=\"https:\/\/agenciabrasil.ebc.com.br\/ebc.png?id=1492382&amp;o=node\" \/><img decoding=\"async\" src=\"https:\/\/agenciabrasil.ebc.com.br\/ebc.gif?id=1492382&amp;o=node\" \/><\/p>\n<p style=\"text-align: justify;\">A C\u00fapula do Clima da ONU \u00e9 realizada todos os anos desde 1992. A primeira edi\u00e7\u00e3o aconteceu na cidade do Rio\u00a0de Janeiro. Durante o evento, os chefes de Estado de todo o mundo articulam acordos e pol\u00edticas internacionais para combater o aquecimento global\u00a0causado, principalmente, pela emiss\u00e3o de gases de efeito-estufa na atmosfera. O aumento da temperatura m\u00e9dia do planeta \u00e9 apontado pela Ci\u00eancia como uma amea\u00e7a ao equil\u00edbrio ambiental\u00a0que sustenta toda a vida na Terra.<\/p>\n<p style=\"text-align: justify;\">Em n\u00edvel internacional, os debates na C\u00fapula do Clima deste ano devem focar em a\u00e7\u00f5es concretas\u00a0dos pa\u00edses, para que haja o cumprimento das promessas para reduzir a emiss\u00e3o de gases de efeito-estufa. A confer\u00eancia tamb\u00e9m deve aprofundar as discuss\u00f5es sobre a cria\u00e7\u00e3o de um fundo de 100 bilh\u00f5es de d\u00f3lares por ano, mantido pelos pa\u00edses que mais emitem carbono, para financiar as consequ\u00eancias do aquecimento global nas na\u00e7\u00f5es mais vulner\u00e1veis.<\/p>\n<p style=\"text-align: justify;\">Neste ano, o pavilh\u00e3o do Brasil na COP 27 vai sediar o semin\u00e1rio \u201cEnergia, Ind\u00fastria, Agro e Investimentos verdes\u201d \u2014 conduzido pelo Minist\u00e9rio do Meio Ambiente e por representantes dos setores produtivos. O ministro do Meio Ambiente, Joaquim Leite,\u00a0confirmou presen\u00e7a e deve ser o representante oficial do governo brasileiro. Em entrevista recente \u00e0 Voz do Brasil, ele destacou que o principal foco do pa\u00eds na C\u00fapula do Clima da ONU vai ser a produ\u00e7\u00e3o de energia limpa.<\/p>\n<p style=\"text-align: justify;\">A participa\u00e7\u00e3o brasileira na COP 27 tamb\u00e9m vai\u00a0ter\u00a0a presen\u00e7a do presidente eleito Lu\u00eds In\u00e1cio Lula da Silva\u2014 que foi convidado para a confer\u00eancia pelo anfitri\u00e3o, o presidente do Egito Abdel Fattah. Lula far\u00e1 parte da comitiva do governo do Estado do Par\u00e1, que integra o Cons\u00f3rcio de Governadores da Amaz\u00f4nia Legal. A ex-ministra e deputada federal eleita Marina Silva, da Rede; e a senadora Simone Tebet, do MDB; devem acompanhar o presidente eleito no evento da ONU.<\/p>\n<\/div>\n","protected":false},"excerpt":{"rendered":"<p>Come\u00e7a neste\u00a0domingo, dia\u00a06 de novembro, a 27\u00aa edi\u00e7\u00e3o da C\u00fapula do Clima da ONU, Organiza\u00e7\u00e3o das Na\u00e7\u00f5es Unidas. A COP 27 vai ser realizada na cidade de Sharm El Sheikh, no Egito. A expectativa \u00e9 reunir mais de 90 chefes de Estado e representantes de 190\u00a0pa\u00edses. A C\u00fapula do Clima da ONU \u00e9 realizada todos [&hellip;]<\/p>\n","protected":false},"author":1,"featured_media":45057,"comment_status":"closed","ping_status":"open","sticky":false,"template":"","format":"standard","meta":{"_uag_custom_page_level_css":"","_monsterinsights_skip_tracking":false,"_monsterinsights_sitenote_active":false,"_monsterinsights_sitenote_note":"","_monsterinsights_sitenote_category":0,"jetpack_post_was_ever_published":false,"_jetpack_newsletter_access":"","_jetpack_dont_email_post_to_subs":false,"_jetpack_newsletter_tier_id":0,"_jetpack_memberships_contains_paywalled_content":false,"_jetpack_memberships_contains_paid_content":false,"footnotes":"","jetpack_publicize_message":"","jetpack_publicize_feature_enabled":true,"jetpack_social_post_already_shared":true,"jetpack_social_options":{"image_generator_settings":{"template":"highway","default_image_id":0,"font":"","enabled":false},"version":2}},"categories":[3372],"tags":[572],"class_list":["post-45056","post","type-post","status-publish","format-standard","has-post-thumbnail","hentry","category-meio-ambiente","tag-onu"],"jetpack_publicize_connections":[],"jetpack_featured_media_url":"https:\/\/blogopara.com.br\/wp-content\/uploads\/2022\/11\/WhatsApp-Image-2022-11-05-at-13.54.24.jpg","uagb_featured_image_src":{"full":["https:\/\/blogopara.com.br\/wp-content\/uploads\/2022\/11\/WhatsApp-Image-2022-11-05-at-13.54.24.jpg",500,324,false],"thumbnail":["https:\/\/blogopara.com.br\/wp-content\/uploads\/2022\/11\/WhatsApp-Image-2022-11-05-at-13.54.24-150x150.jpg",150,150,true],"medium":["https:\/\/blogopara.com.br\/wp-content\/uploads\/2022\/11\/WhatsApp-Image-2022-11-05-at-13.54.24-300x194.jpg",300,194,true],"medium_large":["https:\/\/blogopara.com.br\/wp-content\/uploads\/2022\/11\/WhatsApp-Image-2022-11-05-at-13.54.24.jpg",500,324,false],"large":["https:\/\/blogopara.com.br\/wp-content\/uploads\/2022\/11\/WhatsApp-Image-2022-11-05-at-13.54.24.jpg",500,324,false],"1536x1536":["https:\/\/blogopara.com.br\/wp-content\/uploads\/2022\/11\/WhatsApp-Image-2022-11-05-at-13.54.24.jpg",500,324,false],"2048x2048":["https:\/\/blogopara.com.br\/wp-content\/uploads\/2022\/11\/WhatsApp-Image-2022-11-05-at-13.54.24.jpg",500,324,false],"mantranews-slider-large":["https:\/\/blogopara.com.br\/wp-content\/uploads\/2022\/11\/WhatsApp-Image-2022-11-05-at-13.54.24.jpg",500,324,false],"mantranews-featured-medium":["https:\/\/blogopara.com.br\/wp-content\/uploads\/2022\/11\/WhatsApp-Image-2022-11-05-at-13.54.24-420x307.jpg",420,307,true],"mantranews-featured-long":["https:\/\/blogopara.com.br\/wp-content\/uploads\/2022\/11\/WhatsApp-Image-2022-11-05-at-13.54.24-300x324.jpg",300,324,true],"mantranews-block-medium":["https:\/\/blogopara.com.br\/wp-content\/uploads\/2022\/11\/WhatsApp-Image-2022-11-05-at-13.54.24-464x290.jpg",464,290,true],"mantranews-carousel-image":["https:\/\/blogopara.com.br\/wp-content\/uploads\/2022\/11\/WhatsApp-Image-2022-11-05-at-13.54.24.jpg",500,324,false],"mantranews-block-thumb":["https:\/\/blogopara.com.br\/wp-content\/uploads\/2022\/11\/WhatsApp-Image-2022-11-05-at-13.54.24-322x230.jpg",322,230,true],"mantranews-single-large":["https:\/\/blogopara.com.br\/wp-content\/uploads\/2022\/11\/WhatsApp-Image-2022-11-05-at-13.54.24.jpg",500,324,false]},"uagb_author_info":{"display_name":"Reda\u00e7\u00e3o geral","author_link":"https:\/\/blogopara.com.br\/index.php\/author\/blogopara"},"uagb_comment_info":0,"uagb_excerpt":"Come\u00e7a neste\u00a0domingo, dia\u00a06 de novembro, a 27\u00aa edi\u00e7\u00e3o da C\u00fapula do Clima da ONU, Organiza\u00e7\u00e3o das Na\u00e7\u00f5es Unidas. A COP 27 vai ser realizada na cidade de Sharm El Sheikh, no Egito. A expectativa \u00e9 reunir mais de 90 chefes de Estado e representantes de 190\u00a0pa\u00edses. A C\u00fapula do Clima da ONU \u00e9 realizada todos&hellip;","jetpack_sharing_enabled":true,"jetpack_likes_enabled":true,"_links":{"self":[{"href":"https:\/\/blogopara.com.br\/index.php\/wp-json\/wp\/v2\/posts\/45056","targetHints":{"allow":["GET"]}}],"collection":[{"href":"https:\/\/blogopara.com.br\/index.php\/wp-json\/wp\/v2\/posts"}],"about":[{"href":"https:\/\/blogopara.com.br\/index.php\/wp-json\/wp\/v2\/types\/post"}],"author":[{"embeddable":true,"href":"https:\/\/blogopara.com.br\/index.php\/wp-json\/wp\/v2\/users\/1"}],"replies":[{"embeddable":true,"href":"https:\/\/blogopara.com.br\/index.php\/wp-json\/wp\/v2\/comments?post=45056"}],"version-history":[{"count":1,"href":"https:\/\/blogopara.com.br\/index.php\/wp-json\/wp\/v2\/posts\/45056\/revisions"}],"predecessor-version":[{"id":45058,"href":"https:\/\/blogopara.com.br\/index.php\/wp-json\/wp\/v2\/posts\/45056\/revisions\/45058"}],"wp:featuredmedia":[{"embeddable":true,"href":"https:\/\/blogopara.com.br\/index.php\/wp-json\/wp\/v2\/media\/45057"}],"wp:attachment":[{"href":"https:\/\/blogopara.com.br\/index.php\/wp-json\/wp\/v2\/media?parent=45056"}],"wp:term":[{"taxonomy":"category","embeddable":true,"href":"https:\/\/blogopara.com.br\/index.php\/wp-json\/wp\/v2\/categories?post=45056"},{"taxonomy":"post_tag","embeddable":true,"href":"https:\/\/blogopara.com.br\/index.php\/wp-json\/wp\/v2\/tags?post=45056"}],"curies":[{"name":"wp","href":"https:\/\/api.w.org\/{rel}","templated":true}]}}