{"id":45078,"date":"2022-11-06T10:38:00","date_gmt":"2022-11-06T13:38:00","guid":{"rendered":"https:\/\/blogopara.com.br\/?p=45078"},"modified":"2022-11-05T22:55:26","modified_gmt":"2022-11-06T01:55:26","slug":"aviao-da-fab-que-estava-desaparecido-e-encontrado-dois-morreram","status":"publish","type":"post","link":"https:\/\/blogopara.com.br\/index.php\/2022\/11\/06\/aviao-da-fab-que-estava-desaparecido-e-encontrado-dois-morreram","title":{"rendered":"Avi\u00e3o da FAB que estava desaparecido \u00e9 encontrado; dois morreram"},"content":{"rendered":"<p style=\"text-align: justify;\">Um avi\u00e3o T-25 da For\u00e7a A\u00e9rea Brasileira (FAB),&nbsp;<a href=\"https:\/\/atarde.com.br\/brasil\/aviao-da-fab-perde-sinal-com-torre-bombeiros-fazem-buscas-1210885\" target=\"_blank\" rel=\"noopener\">dado como desaparecido na tarde desta sexta-feira, 4<\/a>, foi encontrado no final da manh\u00e3 deste s\u00e1bado, 5, em uma \u00e1rea de mata de Canelinha, na Grande Florian\u00f3polis.<\/p>\n<p style=\"text-align: justify;\">Os dois ocupantes da aeronave, que n\u00e3o tiveram os nomes revelados, morreram na queda e tiveram os corpos carbonizados. As informa\u00e7\u00f5es foram fornecidas pelo secret\u00e1rio de Obras e Servi\u00e7os Urbanos de Canelinha, Silvio Reis. A Aeron\u00e1utica tamb\u00e9m confirmou o acidente.<\/p>\n<p style=\"text-align: justify;\">Dado como desaparecido quando perdeu o sinal com a torre de controle na regi\u00e3o de Tijucas, na Grande Florian\u00f3polis, o avi\u00e3o fazia o percurso entre Pirassununga, em S\u00e3o Paulo, e a capital catarinense. Na ocasi\u00e3o, equipes do corpo de bombeiros foram acionadas e come\u00e7aram as buscas.<\/p>\n<p style=\"text-align: justify;\">A For\u00e7a \u00c1rea Brasileira (FAB) emitiu nota sobre o epis\u00f3dio:<\/p>\n<p style=\"text-align: justify;\"><i>A For\u00e7a A\u00e9rea Brasileira (FAB) lamenta informar o falecimento dos dois militares que estavam a bordo da aeronave T-25 Universal da Academia da For\u00e7a A\u00e9rea (AFA) &#8211; acidentada na tarde desta sexta-feira (04\/11) em Santa Catarina e localizada no final da manh\u00e3 de s\u00e1bado (05\/11). Os tripulantes realizavam um voo de treinamento.<br \/>\n<\/i><\/p>\n<p style=\"text-align: justify;\"><i>O Comando da Aeron\u00e1utica expressa suas condol\u00eancias e ressalta que est\u00e1 prestando todo o apoio aos familiares neste momento de pesar. Tamb\u00e9m informa que investigar\u00e1 o acidente.<\/i><\/p>\n","protected":false},"excerpt":{"rendered":"<p>Um avi\u00e3o T-25 da For\u00e7a A\u00e9rea Brasileira (FAB),&nbsp;dado como desaparecido na tarde desta sexta-feira, 4, foi encontrado no final da manh\u00e3 deste s\u00e1bado, 5, em uma \u00e1rea de mata de Canelinha, na Grande Florian\u00f3polis. Os dois ocupantes da aeronave, que n\u00e3o tiveram os nomes revelados, morreram na queda e tiveram os corpos carbonizados. As informa\u00e7\u00f5es [&hellip;]<\/p>\n","protected":false},"author":1,"featured_media":45085,"comment_status":"closed","ping_status":"open","sticky":false,"template":"","format":"standard","meta":{"_uag_custom_page_level_css":"","_monsterinsights_skip_tracking":false,"_monsterinsights_sitenote_active":false,"_monsterinsights_sitenote_note":"","_monsterinsights_sitenote_category":0,"jetpack_post_was_ever_published":false,"_jetpack_newsletter_access":"","_jetpack_dont_email_post_to_subs":false,"_jetpack_newsletter_tier_id":0,"_jetpack_memberships_contains_paywalled_content":false,"_jetpack_memberships_contains_paid_content":false,"footnotes":"","jetpack_publicize_message":"","jetpack_publicize_feature_enabled":true,"jetpack_social_post_already_shared":true,"jetpack_social_options":{"image_generator_settings":{"template":"highway","default_image_id":0,"font":"","enabled":false},"version":2}},"categories":[200],"tags":[1430],"class_list":["post-45078","post","type-post","status-publish","format-standard","has-post-thumbnail","hentry","category-brasil","tag-fab"],"jetpack_publicize_connections":[],"jetpack_featured_media_url":"https:\/\/blogopara.com.br\/wp-content\/uploads\/2022\/11\/WhatsApp-Image-2022-11-05-at-22.47.45.jpg","uagb_featured_image_src":{"full":["https:\/\/blogopara.com.br\/wp-content\/uploads\/2022\/11\/WhatsApp-Image-2022-11-05-at-22.47.45.jpg",500,255,false],"thumbnail":["https:\/\/blogopara.com.br\/wp-content\/uploads\/2022\/11\/WhatsApp-Image-2022-11-05-at-22.47.45-150x150.jpg",150,150,true],"medium":["https:\/\/blogopara.com.br\/wp-content\/uploads\/2022\/11\/WhatsApp-Image-2022-11-05-at-22.47.45-300x153.jpg",300,153,true],"medium_large":["https:\/\/blogopara.com.br\/wp-content\/uploads\/2022\/11\/WhatsApp-Image-2022-11-05-at-22.47.45.jpg",500,255,false],"large":["https:\/\/blogopara.com.br\/wp-content\/uploads\/2022\/11\/WhatsApp-Image-2022-11-05-at-22.47.45.jpg",500,255,false],"1536x1536":["https:\/\/blogopara.com.br\/wp-content\/uploads\/2022\/11\/WhatsApp-Image-2022-11-05-at-22.47.45.jpg",500,255,false],"2048x2048":["https:\/\/blogopara.com.br\/wp-content\/uploads\/2022\/11\/WhatsApp-Image-2022-11-05-at-22.47.45.jpg",500,255,false],"mantranews-slider-large":["https:\/\/blogopara.com.br\/wp-content\/uploads\/2022\/11\/WhatsApp-Image-2022-11-05-at-22.47.45.jpg",500,255,false],"mantranews-featured-medium":["https:\/\/blogopara.com.br\/wp-content\/uploads\/2022\/11\/WhatsApp-Image-2022-11-05-at-22.47.45-420x255.jpg",420,255,true],"mantranews-featured-long":["https:\/\/blogopara.com.br\/wp-content\/uploads\/2022\/11\/WhatsApp-Image-2022-11-05-at-22.47.45-300x255.jpg",300,255,true],"mantranews-block-medium":["https:\/\/blogopara.com.br\/wp-content\/uploads\/2022\/11\/WhatsApp-Image-2022-11-05-at-22.47.45-464x255.jpg",464,255,true],"mantranews-carousel-image":["https:\/\/blogopara.com.br\/wp-content\/uploads\/2022\/11\/WhatsApp-Image-2022-11-05-at-22.47.45.jpg",500,255,false],"mantranews-block-thumb":["https:\/\/blogopara.com.br\/wp-content\/uploads\/2022\/11\/WhatsApp-Image-2022-11-05-at-22.47.45-322x230.jpg",322,230,true],"mantranews-single-large":["https:\/\/blogopara.com.br\/wp-content\/uploads\/2022\/11\/WhatsApp-Image-2022-11-05-at-22.47.45.jpg",500,255,false]},"uagb_author_info":{"display_name":"Reda\u00e7\u00e3o geral","author_link":"https:\/\/blogopara.com.br\/index.php\/author\/blogopara"},"uagb_comment_info":0,"uagb_excerpt":"Um avi\u00e3o T-25 da For\u00e7a A\u00e9rea Brasileira (FAB),&nbsp;dado como desaparecido na tarde desta sexta-feira, 4, foi encontrado no final da manh\u00e3 deste s\u00e1bado, 5, em uma \u00e1rea de mata de Canelinha, na Grande Florian\u00f3polis. Os dois ocupantes da aeronave, que n\u00e3o tiveram os nomes revelados, morreram na queda e tiveram os corpos carbonizados. As informa\u00e7\u00f5es&hellip;","jetpack_sharing_enabled":true,"jetpack_likes_enabled":true,"_links":{"self":[{"href":"https:\/\/blogopara.com.br\/index.php\/wp-json\/wp\/v2\/posts\/45078","targetHints":{"allow":["GET"]}}],"collection":[{"href":"https:\/\/blogopara.com.br\/index.php\/wp-json\/wp\/v2\/posts"}],"about":[{"href":"https:\/\/blogopara.com.br\/index.php\/wp-json\/wp\/v2\/types\/post"}],"author":[{"embeddable":true,"href":"https:\/\/blogopara.com.br\/index.php\/wp-json\/wp\/v2\/users\/1"}],"replies":[{"embeddable":true,"href":"https:\/\/blogopara.com.br\/index.php\/wp-json\/wp\/v2\/comments?post=45078"}],"version-history":[{"count":2,"href":"https:\/\/blogopara.com.br\/index.php\/wp-json\/wp\/v2\/posts\/45078\/revisions"}],"predecessor-version":[{"id":45080,"href":"https:\/\/blogopara.com.br\/index.php\/wp-json\/wp\/v2\/posts\/45078\/revisions\/45080"}],"wp:featuredmedia":[{"embeddable":true,"href":"https:\/\/blogopara.com.br\/index.php\/wp-json\/wp\/v2\/media\/45085"}],"wp:attachment":[{"href":"https:\/\/blogopara.com.br\/index.php\/wp-json\/wp\/v2\/media?parent=45078"}],"wp:term":[{"taxonomy":"category","embeddable":true,"href":"https:\/\/blogopara.com.br\/index.php\/wp-json\/wp\/v2\/categories?post=45078"},{"taxonomy":"post_tag","embeddable":true,"href":"https:\/\/blogopara.com.br\/index.php\/wp-json\/wp\/v2\/tags?post=45078"}],"curies":[{"name":"wp","href":"https:\/\/api.w.org\/{rel}","templated":true}]}}