{"id":45233,"date":"2022-11-08T16:35:00","date_gmt":"2022-11-08T19:35:00","guid":{"rendered":"https:\/\/blogopara.com.br\/?p=45233"},"modified":"2022-11-08T13:18:04","modified_gmt":"2022-11-08T16:18:04","slug":"na-base-de-neto-prates-diz-que-apoiara-o-que-jeronimo-fizer-de-bom","status":"publish","type":"post","link":"https:\/\/blogopara.com.br\/index.php\/2022\/11\/08\/na-base-de-neto-prates-diz-que-apoiara-o-que-jeronimo-fizer-de-bom","title":{"rendered":"Na base de Neto, Prates diz que apoiar\u00e1 o que Jer\u00f4nimo fizer de bom"},"content":{"rendered":"<p style=\"text-align: justify;\">A tr\u00eas meses de sua estreia na C\u00e2mara dos Deputados, o deputado eleito Leo Prates (PDT) falou sobre suas expectativas para o mandato e fez sinaliza\u00e7\u00f5es sobre o que pode melhorar na assist\u00eancia da sa\u00fade da popula\u00e7\u00e3o, em entrevista ao Isso \u00c9 Bahia, da r\u00e1dio\u00a0<b>A TARDE FM<\/b>\u00a0(103.9), na manh\u00e3 desta ter\u00e7a-feira, 8.<\/p>\n<p style=\"text-align: justify;\">eto de gastos e tabela SUS tamb\u00e9m foram alguns dos temas tocados pelo deputado federal eleito, que se afirmou como um quadro do grupo de ACM Neto (UB), embora tenha se mostrado disposto a trabalhar pela popula\u00e7\u00e3o do estado junto a todas as for\u00e7as pol\u00edticas.<\/p>\n<p style=\"text-align: justify;\">\u201cO que Jer\u00f4nimo [Rodrigues] e Geraldo [J\u00fanior] fizerem de bom, ter\u00e1 o meu apoio, assim como Luiz In\u00e1cio Lula da Silva. E trabalharei para que Bruno Reis seja o melhor prefeito do Brasil\u201d, disse o pedetista, que com 143.763 votos, foi o nono deputado federal mais votado em 2022. \u201cEncerradas as elei\u00e7\u00f5es, encerram-se os palanques. Eu sou deputado federal pela Bahia\u201d, justificou.<\/p>\n<p style=\"text-align: justify;\">Prates disse que os quatro pilares que formam sua atua\u00e7\u00e3o pol\u00edtica s\u00e3o a defesa da sa\u00fade p\u00fablica, a luta por direitos das pessoas com defici\u00eancia, a \u00e1rea de assist\u00eancia social e a prote\u00e7\u00e3o aos animais. \u201cEsses quatro pilares trazem um norte, que \u00e9 a melhoria da qualidade de vida da cidad\u00e3 e do cidad\u00e3o da Bahia e de Salvador\u201d, argumentou.<\/p>\n<p style=\"text-align: justify;\">O pedetista acredita que pode se tornar o melhor deputado federal do Brasil e cobrou coopera\u00e7\u00e3o do Governo Federal para reajustar a tabela SUS, o que, na sua opini\u00e3o, deve ser feito em paralelo com uma discuss\u00e3o sobre o teto de gastos, para que prefeituras n\u00e3o assumam despesas que, no seu ponto de vista, devem ser do Executivo Nacional.<\/p>\n\n\n<p><\/p>\n","protected":false},"excerpt":{"rendered":"<p>A tr\u00eas meses de sua estreia na C\u00e2mara dos Deputados, o deputado eleito Leo Prates (PDT) falou sobre suas expectativas para o mandato e fez sinaliza\u00e7\u00f5es sobre o que pode melhorar na assist\u00eancia da sa\u00fade da popula\u00e7\u00e3o, em entrevista ao Isso \u00c9 Bahia, da r\u00e1dio\u00a0A TARDE FM\u00a0(103.9), na manh\u00e3 desta ter\u00e7a-feira, 8. eto de gastos [&hellip;]<\/p>\n","protected":false},"author":1,"featured_media":40413,"comment_status":"closed","ping_status":"open","sticky":false,"template":"","format":"standard","meta":{"_uag_custom_page_level_css":"","_monsterinsights_skip_tracking":false,"_monsterinsights_sitenote_active":false,"_monsterinsights_sitenote_note":"","_monsterinsights_sitenote_category":0,"jetpack_post_was_ever_published":false,"_jetpack_newsletter_access":"","_jetpack_dont_email_post_to_subs":false,"_jetpack_newsletter_tier_id":0,"_jetpack_memberships_contains_paywalled_content":false,"_jetpack_memberships_contains_paid_content":false,"footnotes":"","jetpack_publicize_message":"","jetpack_publicize_feature_enabled":true,"jetpack_social_post_already_shared":true,"jetpack_social_options":{"image_generator_settings":{"template":"highway","default_image_id":0,"font":"","enabled":false},"version":2}},"categories":[199,197],"tags":[],"class_list":["post-45233","post","type-post","status-publish","format-standard","has-post-thumbnail","hentry","category-bahia","category-politica"],"jetpack_publicize_connections":[],"jetpack_featured_media_url":"https:\/\/blogopara.com.br\/wp-content\/uploads\/2022\/08\/leo-prates.jpg","uagb_featured_image_src":{"full":["https:\/\/blogopara.com.br\/wp-content\/uploads\/2022\/08\/leo-prates.jpg",500,338,false],"thumbnail":["https:\/\/blogopara.com.br\/wp-content\/uploads\/2022\/08\/leo-prates-150x150.jpg",150,150,true],"medium":["https:\/\/blogopara.com.br\/wp-content\/uploads\/2022\/08\/leo-prates-300x203.jpg",300,203,true],"medium_large":["https:\/\/blogopara.com.br\/wp-content\/uploads\/2022\/08\/leo-prates.jpg",500,338,false],"large":["https:\/\/blogopara.com.br\/wp-content\/uploads\/2022\/08\/leo-prates.jpg",500,338,false],"1536x1536":["https:\/\/blogopara.com.br\/wp-content\/uploads\/2022\/08\/leo-prates.jpg",500,338,false],"2048x2048":["https:\/\/blogopara.com.br\/wp-content\/uploads\/2022\/08\/leo-prates.jpg",500,338,false],"mantranews-slider-large":["https:\/\/blogopara.com.br\/wp-content\/uploads\/2022\/08\/leo-prates.jpg",500,338,false],"mantranews-featured-medium":["https:\/\/blogopara.com.br\/wp-content\/uploads\/2022\/08\/leo-prates-420x307.jpg",420,307,true],"mantranews-featured-long":["https:\/\/blogopara.com.br\/wp-content\/uploads\/2022\/08\/leo-prates-300x338.jpg",300,338,true],"mantranews-block-medium":["https:\/\/blogopara.com.br\/wp-content\/uploads\/2022\/08\/leo-prates-464x290.jpg",464,290,true],"mantranews-carousel-image":["https:\/\/blogopara.com.br\/wp-content\/uploads\/2022\/08\/leo-prates.jpg",500,338,false],"mantranews-block-thumb":["https:\/\/blogopara.com.br\/wp-content\/uploads\/2022\/08\/leo-prates-322x230.jpg",322,230,true],"mantranews-single-large":["https:\/\/blogopara.com.br\/wp-content\/uploads\/2022\/08\/leo-prates.jpg",500,338,false]},"uagb_author_info":{"display_name":"Reda\u00e7\u00e3o geral","author_link":"https:\/\/blogopara.com.br\/index.php\/author\/blogopara"},"uagb_comment_info":0,"uagb_excerpt":"A tr\u00eas meses de sua estreia na C\u00e2mara dos Deputados, o deputado eleito Leo Prates (PDT) falou sobre suas expectativas para o mandato e fez sinaliza\u00e7\u00f5es sobre o que pode melhorar na assist\u00eancia da sa\u00fade da popula\u00e7\u00e3o, em entrevista ao Isso \u00c9 Bahia, da r\u00e1dio\u00a0A TARDE FM\u00a0(103.9), na manh\u00e3 desta ter\u00e7a-feira, 8. eto de gastos&hellip;","jetpack_sharing_enabled":true,"jetpack_likes_enabled":true,"_links":{"self":[{"href":"https:\/\/blogopara.com.br\/index.php\/wp-json\/wp\/v2\/posts\/45233","targetHints":{"allow":["GET"]}}],"collection":[{"href":"https:\/\/blogopara.com.br\/index.php\/wp-json\/wp\/v2\/posts"}],"about":[{"href":"https:\/\/blogopara.com.br\/index.php\/wp-json\/wp\/v2\/types\/post"}],"author":[{"embeddable":true,"href":"https:\/\/blogopara.com.br\/index.php\/wp-json\/wp\/v2\/users\/1"}],"replies":[{"embeddable":true,"href":"https:\/\/blogopara.com.br\/index.php\/wp-json\/wp\/v2\/comments?post=45233"}],"version-history":[{"count":1,"href":"https:\/\/blogopara.com.br\/index.php\/wp-json\/wp\/v2\/posts\/45233\/revisions"}],"predecessor-version":[{"id":45234,"href":"https:\/\/blogopara.com.br\/index.php\/wp-json\/wp\/v2\/posts\/45233\/revisions\/45234"}],"wp:featuredmedia":[{"embeddable":true,"href":"https:\/\/blogopara.com.br\/index.php\/wp-json\/wp\/v2\/media\/40413"}],"wp:attachment":[{"href":"https:\/\/blogopara.com.br\/index.php\/wp-json\/wp\/v2\/media?parent=45233"}],"wp:term":[{"taxonomy":"category","embeddable":true,"href":"https:\/\/blogopara.com.br\/index.php\/wp-json\/wp\/v2\/categories?post=45233"},{"taxonomy":"post_tag","embeddable":true,"href":"https:\/\/blogopara.com.br\/index.php\/wp-json\/wp\/v2\/tags?post=45233"}],"curies":[{"name":"wp","href":"https:\/\/api.w.org\/{rel}","templated":true}]}}