{"id":45243,"date":"2022-11-08T15:53:44","date_gmt":"2022-11-08T18:53:44","guid":{"rendered":"https:\/\/blogopara.com.br\/?p=45243"},"modified":"2022-11-08T15:53:46","modified_gmt":"2022-11-08T18:53:46","slug":"por-meio-de-nota-de-repudio-vereadores-de-juazeiro-repulsam-palavras-racistas-de-funcionario-publico","status":"publish","type":"post","link":"https:\/\/blogopara.com.br\/index.php\/2022\/11\/08\/por-meio-de-nota-de-repudio-vereadores-de-juazeiro-repulsam-palavras-racistas-de-funcionario-publico","title":{"rendered":"Por meio de Nota de Rep\u00fadio vereadores de Juazeiro repulsam palavras racistas de funcion\u00e1rio p\u00fablico"},"content":{"rendered":"<p style=\"text-align: justify;\">O presidente da C\u00e2mara de Vereadores de Juazeiro, Berg da Carna\u00edba, abre sess\u00e3o ordin\u00e1ria desta ter\u00e7a-feira (08) e torna p\u00fablico uma Nota de Rep\u00fadio contra as palavras racistas e ofensivas de Jos\u00e9 Ant\u00f4nio de Oliveira, proferidas recentemente e alardeadas num grupo de WhatsApp. Os vereadores repulsam as palavras agressivas e se manifestam.<br \/>\nA presente Nota diz \u201cNossa sociedade carrega at\u00e9 hoje as mazelas de termos sido o \u00faltimo pa\u00eds da Am\u00e9rica a abolir a escravid\u00e3o. Isto nos legou o racismo estrutural que imp\u00f5e a pessoas negras terr\u00edveis obst\u00e1culos e processos de exclus\u00e3o e preconceito que insistem em se perpetuar. \u00c9 hora de dar um basta!<\/p>\n<p style=\"text-align: justify;\">Em raz\u00e3o disso, a C\u00e2mara de Vereadores de Juazeiro manifesta o seu mais enf\u00e1tico rep\u00fadio \u00e0s falas racistas proferidas pelo senhor Jos\u00e9 Ant\u00f4nio de Oliveira, diretor do SAAE. \u00c9 inaceit\u00e1vel que um servidor p\u00fablico se comporte de maneira t\u00e3o vil e abjeta.<\/p>\n<p style=\"text-align: justify;\">Exigimos do Executivo Municipal a ado\u00e7\u00e3o das medidas cab\u00edveis. Juazeiro continuar\u00e1 sendo uma cidade plural, inclusiva e que reconhece na diversidade a sua maior riqueza\u201d.<\/p>\n<p style=\"text-align: justify;\">A atitude do funcion\u00e1rio p\u00fablico provocou a indigna\u00e7\u00e3o de representantes de movimentos negros e antirracistas que estiveram na C\u00e2mara solicitando o apoio do Legislativo para a ado\u00e7\u00e3o de medidas urgentes, uma vez que, segundo os manifestantes que representam as entidades O Negro, Rede de Mulheres Negras da Bahia\/ Nacional, Compir, Sindae, Enxame, CAJUP e Coletivo Carrapicho Virtual, o \u00e1udio \u00e9 uma \u201cclara manifesta\u00e7\u00e3o de \u00f3dio e expressam atos covardes e racistas\u201d.<\/p>\n<p style=\"text-align: justify;\">A insatisfa\u00e7\u00e3o popular veio \u00e0 tona, ap\u00f3s as palavras do Jos\u00e9 Ant\u00f4nio, que ocupa o cargo de diretor de transportes da Companhia Servi\u00e7o de \u00c1gua e Saneamento Ambiental de Juazeiro (SAAE) que infringirem a Lei Federal n\u00ba 7716 de 1989, conhecida como Lei do Racismo, que indica a pr\u00e1tica de racismo a todo e qualquer fala, induzimento ou incita\u00e7\u00e3o \u00e0 discrimina\u00e7\u00e3o por preconceito de ra\u00e7a, cor, etnia, religi\u00e3o ou proced\u00eancia nacional.<\/p>\n<p style=\"text-align: justify;\">Por M\u00f4nia Ramos- Jornalista<br \/>\nFoto F\u00e1bio Martins<\/p>\n","protected":false},"excerpt":{"rendered":"<p>O presidente da C\u00e2mara de Vereadores de Juazeiro, Berg da Carna\u00edba, abre sess\u00e3o ordin\u00e1ria desta ter\u00e7a-feira (08) e torna p\u00fablico uma Nota de Rep\u00fadio contra as palavras racistas e ofensivas de Jos\u00e9 Ant\u00f4nio de Oliveira, proferidas recentemente e alardeadas num grupo de WhatsApp. Os vereadores repulsam as palavras agressivas e se manifestam. A presente Nota [&hellip;]<\/p>\n","protected":false},"author":1,"featured_media":45244,"comment_status":"closed","ping_status":"open","sticky":false,"template":"","format":"standard","meta":{"_uag_custom_page_level_css":"","_monsterinsights_skip_tracking":false,"_monsterinsights_sitenote_active":false,"_monsterinsights_sitenote_note":"","_monsterinsights_sitenote_category":0,"jetpack_post_was_ever_published":false,"_jetpack_newsletter_access":"","_jetpack_dont_email_post_to_subs":false,"_jetpack_newsletter_tier_id":0,"_jetpack_memberships_contains_paywalled_content":false,"_jetpack_memberships_contains_paid_content":false,"footnotes":"","jetpack_publicize_message":"","jetpack_publicize_feature_enabled":true,"jetpack_social_post_already_shared":true,"jetpack_social_options":{"image_generator_settings":{"template":"highway","default_image_id":0,"font":"","enabled":false},"version":2}},"categories":[203,197],"tags":[],"class_list":["post-45243","post","type-post","status-publish","format-standard","has-post-thumbnail","hentry","category-juazeiro","category-politica"],"jetpack_publicize_connections":[],"jetpack_featured_media_url":"https:\/\/blogopara.com.br\/wp-content\/uploads\/2022\/11\/WhatsApp-Image-2022-11-08-at-12.37.33.jpeg","uagb_featured_image_src":{"full":["https:\/\/blogopara.com.br\/wp-content\/uploads\/2022\/11\/WhatsApp-Image-2022-11-08-at-12.37.33.jpeg",500,357,false],"thumbnail":["https:\/\/blogopara.com.br\/wp-content\/uploads\/2022\/11\/WhatsApp-Image-2022-11-08-at-12.37.33-150x150.jpeg",150,150,true],"medium":["https:\/\/blogopara.com.br\/wp-content\/uploads\/2022\/11\/WhatsApp-Image-2022-11-08-at-12.37.33-300x214.jpeg",300,214,true],"medium_large":["https:\/\/blogopara.com.br\/wp-content\/uploads\/2022\/11\/WhatsApp-Image-2022-11-08-at-12.37.33.jpeg",500,357,false],"large":["https:\/\/blogopara.com.br\/wp-content\/uploads\/2022\/11\/WhatsApp-Image-2022-11-08-at-12.37.33.jpeg",500,357,false],"1536x1536":["https:\/\/blogopara.com.br\/wp-content\/uploads\/2022\/11\/WhatsApp-Image-2022-11-08-at-12.37.33.jpeg",500,357,false],"2048x2048":["https:\/\/blogopara.com.br\/wp-content\/uploads\/2022\/11\/WhatsApp-Image-2022-11-08-at-12.37.33.jpeg",500,357,false],"mantranews-slider-large":["https:\/\/blogopara.com.br\/wp-content\/uploads\/2022\/11\/WhatsApp-Image-2022-11-08-at-12.37.33.jpeg",500,357,false],"mantranews-featured-medium":["https:\/\/blogopara.com.br\/wp-content\/uploads\/2022\/11\/WhatsApp-Image-2022-11-08-at-12.37.33-420x307.jpeg",420,307,true],"mantranews-featured-long":["https:\/\/blogopara.com.br\/wp-content\/uploads\/2022\/11\/WhatsApp-Image-2022-11-08-at-12.37.33-300x357.jpeg",300,357,true],"mantranews-block-medium":["https:\/\/blogopara.com.br\/wp-content\/uploads\/2022\/11\/WhatsApp-Image-2022-11-08-at-12.37.33-464x290.jpeg",464,290,true],"mantranews-carousel-image":["https:\/\/blogopara.com.br\/wp-content\/uploads\/2022\/11\/WhatsApp-Image-2022-11-08-at-12.37.33.jpeg",500,357,false],"mantranews-block-thumb":["https:\/\/blogopara.com.br\/wp-content\/uploads\/2022\/11\/WhatsApp-Image-2022-11-08-at-12.37.33-322x230.jpeg",322,230,true],"mantranews-single-large":["https:\/\/blogopara.com.br\/wp-content\/uploads\/2022\/11\/WhatsApp-Image-2022-11-08-at-12.37.33.jpeg",500,357,false]},"uagb_author_info":{"display_name":"Reda\u00e7\u00e3o geral","author_link":"https:\/\/blogopara.com.br\/index.php\/author\/blogopara"},"uagb_comment_info":0,"uagb_excerpt":"O presidente da C\u00e2mara de Vereadores de Juazeiro, Berg da Carna\u00edba, abre sess\u00e3o ordin\u00e1ria desta ter\u00e7a-feira (08) e torna p\u00fablico uma Nota de Rep\u00fadio contra as palavras racistas e ofensivas de Jos\u00e9 Ant\u00f4nio de Oliveira, proferidas recentemente e alardeadas num grupo de WhatsApp. Os vereadores repulsam as palavras agressivas e se manifestam. A presente Nota&hellip;","jetpack_sharing_enabled":true,"jetpack_likes_enabled":true,"_links":{"self":[{"href":"https:\/\/blogopara.com.br\/index.php\/wp-json\/wp\/v2\/posts\/45243","targetHints":{"allow":["GET"]}}],"collection":[{"href":"https:\/\/blogopara.com.br\/index.php\/wp-json\/wp\/v2\/posts"}],"about":[{"href":"https:\/\/blogopara.com.br\/index.php\/wp-json\/wp\/v2\/types\/post"}],"author":[{"embeddable":true,"href":"https:\/\/blogopara.com.br\/index.php\/wp-json\/wp\/v2\/users\/1"}],"replies":[{"embeddable":true,"href":"https:\/\/blogopara.com.br\/index.php\/wp-json\/wp\/v2\/comments?post=45243"}],"version-history":[{"count":1,"href":"https:\/\/blogopara.com.br\/index.php\/wp-json\/wp\/v2\/posts\/45243\/revisions"}],"predecessor-version":[{"id":45245,"href":"https:\/\/blogopara.com.br\/index.php\/wp-json\/wp\/v2\/posts\/45243\/revisions\/45245"}],"wp:featuredmedia":[{"embeddable":true,"href":"https:\/\/blogopara.com.br\/index.php\/wp-json\/wp\/v2\/media\/45244"}],"wp:attachment":[{"href":"https:\/\/blogopara.com.br\/index.php\/wp-json\/wp\/v2\/media?parent=45243"}],"wp:term":[{"taxonomy":"category","embeddable":true,"href":"https:\/\/blogopara.com.br\/index.php\/wp-json\/wp\/v2\/categories?post=45243"},{"taxonomy":"post_tag","embeddable":true,"href":"https:\/\/blogopara.com.br\/index.php\/wp-json\/wp\/v2\/tags?post=45243"}],"curies":[{"name":"wp","href":"https:\/\/api.w.org\/{rel}","templated":true}]}}