{"id":45256,"date":"2022-11-09T08:35:00","date_gmt":"2022-11-09T11:35:00","guid":{"rendered":"https:\/\/blogopara.com.br\/?p=45256"},"modified":"2022-11-08T21:28:29","modified_gmt":"2022-11-09T00:28:29","slug":"fortalecendo-atuacao-em-juazeiro-guarda-civil-municipal-divulga-balanco-de-principais-acoes-e-servicos-prestados-ao-longo-do-ano","status":"publish","type":"post","link":"https:\/\/blogopara.com.br\/index.php\/2022\/11\/09\/fortalecendo-atuacao-em-juazeiro-guarda-civil-municipal-divulga-balanco-de-principais-acoes-e-servicos-prestados-ao-longo-do-ano","title":{"rendered":"Fortalecendo atua\u00e7\u00e3o em Juazeiro, Guarda Civil Municipal divulga balan\u00e7o de principais a\u00e7\u00f5es e servi\u00e7os prestados ao longo do ano"},"content":{"rendered":"<p dir=\"ltr\" style=\"text-align: justify;\">A Guarda Civil Municipal (GCM) de Juazeiro divulgou um balan\u00e7o de suas principais a\u00e7\u00f5es e servi\u00e7os realizados na cidade neste ano de 2022. Ao longo do ano, foram atendidas ocorr\u00eancias em toda a cidade, com pris\u00f5es e apreens\u00f5es de materiais il\u00edcitos, al\u00e9m de a\u00e7\u00f5es sociais em prol da comunidade.<\/p>\n<p dir=\"ltr\" style=\"text-align: justify;\">De acordo com os dados, centenas de abordagens foram realizadas ao longo do ano &#8211; principalmente durante as opera\u00e7\u00f5es Paz nas Comunidades; 13 apreens\u00f5es de arma branca (faca ou material perfurocortante), 13 pris\u00f5es por furto\/roubo, 48 den\u00fancias de polui\u00e7\u00e3o sonora, 3 pris\u00f5es por amea\u00e7a, 2 pris\u00f5es por tentativa de homic\u00eddio, 2 pris\u00f5es por descumprimento de medida protetiva (Lei Maria da Penha), 2 ve\u00edculos roubados foram recuperados, 4 pris\u00f5es por tr\u00e1fico de drogas, entre outros.<\/p>\n<p dir=\"ltr\" style=\"text-align: justify;\">\u201cDentro das ocorr\u00eancias da Guarda, houve uma redu\u00e7\u00e3o no \u00edndice de chamados pela Central de Atendimento em rela\u00e7\u00e3o ao ano passado. Na avalia\u00e7\u00e3o da GCM, o per\u00edodo de flexibiliza\u00e7\u00e3o p\u00f3s-pandemia fez os n\u00fameros reduzirem, pois em 2021 havia muitos chamados para ocorr\u00eancias envolvendo festas e eventos considerados irregulares diante dos decretos estaduais e municipais. A intensifica\u00e7\u00e3o do trabalho da GCM, seja na \u00e1rea central ou no interior, tamb\u00e9m fez com que os dados melhorassem. A presen\u00e7a refor\u00e7ada da Guarda inibe a\u00e7\u00f5es criminosas\u201d, explica o gestor de projetos da GCM, Reginaldo Mar\u00e7al.<\/p>\n<p dir=\"ltr\" style=\"text-align: justify;\">A\u00e7\u00f5es sociais<\/p>\n<p dir=\"ltr\" style=\"text-align: justify;\">No dia a dia de trabalho, durante rondas pela cidade, as equipes da GCM se deparam com pessoas em situa\u00e7\u00e3o de vulnerabilidade. Al\u00e9m de fazer o encaminhamento a outros \u00f3rg\u00e3os da Prefeitura, como as secretarias de Sa\u00fade e de Desenvolvimento Social, sempre acontece mobiliza\u00e7\u00f5es de agentes para a arrecada\u00e7\u00e3o de alimentos, material de higiene e limpeza e fraldas geri\u00e1tricas, por exemplo. A GCM tamb\u00e9m costuma fazer doa\u00e7\u00f5es para institui\u00e7\u00f5es filantr\u00f3picas da cidade, auxiliando essas institui\u00e7\u00f5es de forma imediata. No per\u00edodo, centenas de quilos de alimentos e fraldas geri\u00e1tricas foram doados para diversas institui\u00e7\u00f5es.\u00a0 \u00a0 Al\u00e9m disso, realizou campanha do Dia das Crian\u00e7as, com doa\u00e7\u00e3o de brinquedos e j\u00e1 est\u00e1 planejando a campanha de Natal.<\/p>\n<p dir=\"ltr\" style=\"text-align: justify;\">\u201cO balan\u00e7o demonstra a import\u00e2ncia da atua\u00e7\u00e3o da institui\u00e7\u00e3o para a promo\u00e7\u00e3o da seguran\u00e7a na cidade. A GCM tamb\u00e9m realiza a\u00e7\u00f5es integradas com outros \u00f3rg\u00e3os e institui\u00e7\u00f5es, como a Pol\u00edcia Militar, Pol\u00edcia Civil, \u00f3rg\u00e3os de desenvolvimento social e de meio ambiente e de fiscaliza\u00e7\u00e3o do munic\u00edpio. Seguimos atuando na prote\u00e7\u00e3o do patrim\u00f4nio p\u00fablico, preven\u00e7\u00e3o de delitos e atendimento de ocorr\u00eancias. Acreditamos que com isso estamos conseguindo trazer ainda mais seguran\u00e7a \u00e0 popula\u00e7\u00e3o&#8221;, destaca o inspetor-chefe da GCM, Gilson Santos.<\/p>\n<p dir=\"ltr\" style=\"text-align: justify;\">Proximidade com a comunidade<\/p>\n<p dir=\"ltr\" style=\"text-align: justify;\">Vinculada \u00e0 Companhia de Seguran\u00e7a, Tr\u00e2nsito e Transporte (CSTT), a Guarda Civil Municipal celebrou 20 anos em 2022 com diversos investimentos da Prefeitura de Juazeiro, podendo ser citadas algumas ao longo da atual gest\u00e3o, como a instala\u00e7\u00e3o do videomonitoramento e reforma da base da GCM; corre\u00e7\u00e3o das gratifica\u00e7\u00f5es dos agentes, igualando todas; cria\u00e7\u00e3o do Grupamento Ostensivo T\u00e1tico em \u00c1rea Rural (Gotar); Patrulha Maria da Penha; recria\u00e7\u00e3o do Projeto Viva Luciana, com a amplia\u00e7\u00e3o do servi\u00e7o; acordo de colabora\u00e7\u00e3o t\u00e9cnica com a Pol\u00edcia Rodovi\u00e1ria Federal (PRF), aquisi\u00e7\u00e3o de viaturas, entre outras tantas conquistas.<\/p>\n<p dir=\"ltr\" style=\"text-align: justify;\">Atendimento<\/p>\n<p dir=\"ltr\" style=\"text-align: justify;\">O servi\u00e7o de seguran\u00e7a da GCM funciona 24 horas por dia. Os agentes verificam as mais diversas den\u00fancias que s\u00e3o recebidas atrav\u00e9s dos n\u00fameros 153 (Central de Atendimento) e (74) 3611-9880.<\/p>\n","protected":false},"excerpt":{"rendered":"<p>A Guarda Civil Municipal (GCM) de Juazeiro divulgou um balan\u00e7o de suas principais a\u00e7\u00f5es e servi\u00e7os realizados na cidade neste ano de 2022. Ao longo do ano, foram atendidas ocorr\u00eancias em toda a cidade, com pris\u00f5es e apreens\u00f5es de materiais il\u00edcitos, al\u00e9m de a\u00e7\u00f5es sociais em prol da comunidade. De acordo com os dados, centenas [&hellip;]<\/p>\n","protected":false},"author":1,"featured_media":45257,"comment_status":"closed","ping_status":"open","sticky":false,"template":"","format":"standard","meta":{"_uag_custom_page_level_css":"","_monsterinsights_skip_tracking":false,"_monsterinsights_sitenote_active":false,"_monsterinsights_sitenote_note":"","_monsterinsights_sitenote_category":0,"jetpack_post_was_ever_published":false,"_jetpack_newsletter_access":"","_jetpack_dont_email_post_to_subs":false,"_jetpack_newsletter_tier_id":0,"_jetpack_memberships_contains_paywalled_content":false,"_jetpack_memberships_contains_paid_content":false,"footnotes":"","jetpack_publicize_message":"","jetpack_publicize_feature_enabled":true,"jetpack_social_post_already_shared":true,"jetpack_social_options":{"image_generator_settings":{"template":"highway","default_image_id":0,"font":"","enabled":false},"version":2}},"categories":[203],"tags":[340,2755],"class_list":["post-45256","post","type-post","status-publish","format-standard","has-post-thumbnail","hentry","category-juazeiro","tag-prefeitura-de-juazeiro","tag-seguranca-publica"],"jetpack_publicize_connections":[],"jetpack_featured_media_url":"https:\/\/blogopara.com.br\/wp-content\/uploads\/2022\/11\/Guarda-Municipal-de-Juazeiro-GCM-6-1.jpg","uagb_featured_image_src":{"full":["https:\/\/blogopara.com.br\/wp-content\/uploads\/2022\/11\/Guarda-Municipal-de-Juazeiro-GCM-6-1.jpg",500,333,false],"thumbnail":["https:\/\/blogopara.com.br\/wp-content\/uploads\/2022\/11\/Guarda-Municipal-de-Juazeiro-GCM-6-1-150x150.jpg",150,150,true],"medium":["https:\/\/blogopara.com.br\/wp-content\/uploads\/2022\/11\/Guarda-Municipal-de-Juazeiro-GCM-6-1-300x200.jpg",300,200,true],"medium_large":["https:\/\/blogopara.com.br\/wp-content\/uploads\/2022\/11\/Guarda-Municipal-de-Juazeiro-GCM-6-1.jpg",500,333,false],"large":["https:\/\/blogopara.com.br\/wp-content\/uploads\/2022\/11\/Guarda-Municipal-de-Juazeiro-GCM-6-1.jpg",500,333,false],"1536x1536":["https:\/\/blogopara.com.br\/wp-content\/uploads\/2022\/11\/Guarda-Municipal-de-Juazeiro-GCM-6-1.jpg",500,333,false],"2048x2048":["https:\/\/blogopara.com.br\/wp-content\/uploads\/2022\/11\/Guarda-Municipal-de-Juazeiro-GCM-6-1.jpg",500,333,false],"mantranews-slider-large":["https:\/\/blogopara.com.br\/wp-content\/uploads\/2022\/11\/Guarda-Municipal-de-Juazeiro-GCM-6-1.jpg",500,333,false],"mantranews-featured-medium":["https:\/\/blogopara.com.br\/wp-content\/uploads\/2022\/11\/Guarda-Municipal-de-Juazeiro-GCM-6-1-420x307.jpg",420,307,true],"mantranews-featured-long":["https:\/\/blogopara.com.br\/wp-content\/uploads\/2022\/11\/Guarda-Municipal-de-Juazeiro-GCM-6-1-300x333.jpg",300,333,true],"mantranews-block-medium":["https:\/\/blogopara.com.br\/wp-content\/uploads\/2022\/11\/Guarda-Municipal-de-Juazeiro-GCM-6-1-464x290.jpg",464,290,true],"mantranews-carousel-image":["https:\/\/blogopara.com.br\/wp-content\/uploads\/2022\/11\/Guarda-Municipal-de-Juazeiro-GCM-6-1.jpg",500,333,false],"mantranews-block-thumb":["https:\/\/blogopara.com.br\/wp-content\/uploads\/2022\/11\/Guarda-Municipal-de-Juazeiro-GCM-6-1-322x230.jpg",322,230,true],"mantranews-single-large":["https:\/\/blogopara.com.br\/wp-content\/uploads\/2022\/11\/Guarda-Municipal-de-Juazeiro-GCM-6-1.jpg",500,333,false]},"uagb_author_info":{"display_name":"Reda\u00e7\u00e3o geral","author_link":"https:\/\/blogopara.com.br\/index.php\/author\/blogopara"},"uagb_comment_info":0,"uagb_excerpt":"A Guarda Civil Municipal (GCM) de Juazeiro divulgou um balan\u00e7o de suas principais a\u00e7\u00f5es e servi\u00e7os realizados na cidade neste ano de 2022. Ao longo do ano, foram atendidas ocorr\u00eancias em toda a cidade, com pris\u00f5es e apreens\u00f5es de materiais il\u00edcitos, al\u00e9m de a\u00e7\u00f5es sociais em prol da comunidade. De acordo com os dados, centenas&hellip;","jetpack_sharing_enabled":true,"jetpack_likes_enabled":true,"_links":{"self":[{"href":"https:\/\/blogopara.com.br\/index.php\/wp-json\/wp\/v2\/posts\/45256","targetHints":{"allow":["GET"]}}],"collection":[{"href":"https:\/\/blogopara.com.br\/index.php\/wp-json\/wp\/v2\/posts"}],"about":[{"href":"https:\/\/blogopara.com.br\/index.php\/wp-json\/wp\/v2\/types\/post"}],"author":[{"embeddable":true,"href":"https:\/\/blogopara.com.br\/index.php\/wp-json\/wp\/v2\/users\/1"}],"replies":[{"embeddable":true,"href":"https:\/\/blogopara.com.br\/index.php\/wp-json\/wp\/v2\/comments?post=45256"}],"version-history":[{"count":1,"href":"https:\/\/blogopara.com.br\/index.php\/wp-json\/wp\/v2\/posts\/45256\/revisions"}],"predecessor-version":[{"id":45258,"href":"https:\/\/blogopara.com.br\/index.php\/wp-json\/wp\/v2\/posts\/45256\/revisions\/45258"}],"wp:featuredmedia":[{"embeddable":true,"href":"https:\/\/blogopara.com.br\/index.php\/wp-json\/wp\/v2\/media\/45257"}],"wp:attachment":[{"href":"https:\/\/blogopara.com.br\/index.php\/wp-json\/wp\/v2\/media?parent=45256"}],"wp:term":[{"taxonomy":"category","embeddable":true,"href":"https:\/\/blogopara.com.br\/index.php\/wp-json\/wp\/v2\/categories?post=45256"},{"taxonomy":"post_tag","embeddable":true,"href":"https:\/\/blogopara.com.br\/index.php\/wp-json\/wp\/v2\/tags?post=45256"}],"curies":[{"name":"wp","href":"https:\/\/api.w.org\/{rel}","templated":true}]}}