{"id":45332,"date":"2022-11-09T20:57:35","date_gmt":"2022-11-09T23:57:35","guid":{"rendered":"https:\/\/blogopara.com.br\/?p=45332"},"modified":"2022-11-09T20:57:36","modified_gmt":"2022-11-09T23:57:36","slug":"duas-pessoas-morrem-em-acidente-entre-carreta-que-transportava-pa-eolica-e-duas-caminhonetes-na-br-428-em-petrolina","status":"publish","type":"post","link":"https:\/\/blogopara.com.br\/index.php\/2022\/11\/09\/duas-pessoas-morrem-em-acidente-entre-carreta-que-transportava-pa-eolica-e-duas-caminhonetes-na-br-428-em-petrolina","title":{"rendered":"Duas pessoas morrem em acidente entre carreta que transportava p\u00e1 e\u00f3lica e duas caminhonetes na BR 428 em Petrolina"},"content":{"rendered":"<p>Nesta quarta-feira (9), duas pessoas morreram em um acidente de tr\u00e2nsito entre uma carreta e duas caminhonetes na BR 428, em Petrolina, no Sert\u00e3o de Pernambuco.<\/p>\n<p>De acordo com informa\u00e7\u00f5es da Pol\u00edcia Rodovi\u00e1ria Federal (PRF), a carreta que transportava um tubo de p\u00e1 e\u00f3lica tombou sobre duas caminhonetes no km 154 da rodovia. Os ocupantes de uma caminhonete morreram no local e ningu\u00e9m dos outros ve\u00edculos ficou ferido.<\/p>\n","protected":false},"excerpt":{"rendered":"<p>Nesta quarta-feira (9), duas pessoas morreram em um acidente de tr\u00e2nsito entre uma carreta e duas caminhonetes na BR 428, em Petrolina, no Sert\u00e3o de Pernambuco. De acordo com informa\u00e7\u00f5es da Pol\u00edcia Rodovi\u00e1ria Federal (PRF), a carreta que transportava um tubo de p\u00e1 e\u00f3lica tombou sobre duas caminhonetes no km 154 da rodovia. Os ocupantes [&hellip;]<\/p>\n","protected":false},"author":1,"featured_media":45335,"comment_status":"closed","ping_status":"open","sticky":false,"template":"","format":"standard","meta":{"_uag_custom_page_level_css":"","_monsterinsights_skip_tracking":false,"_monsterinsights_sitenote_active":false,"_monsterinsights_sitenote_note":"","_monsterinsights_sitenote_category":0,"jetpack_post_was_ever_published":false,"_jetpack_newsletter_access":"","_jetpack_dont_email_post_to_subs":false,"_jetpack_newsletter_tier_id":0,"_jetpack_memberships_contains_paywalled_content":false,"_jetpack_memberships_contains_paid_content":false,"footnotes":"","jetpack_publicize_message":"","jetpack_publicize_feature_enabled":true,"jetpack_social_post_already_shared":true,"jetpack_social_options":{"image_generator_settings":{"template":"highway","default_image_id":0,"font":"","enabled":false},"version":2}},"categories":[201,851],"tags":[],"class_list":["post-45332","post","type-post","status-publish","format-standard","has-post-thumbnail","hentry","category-bombeiro","category-petrolina"],"jetpack_publicize_connections":[],"jetpack_featured_media_url":"https:\/\/blogopara.com.br\/wp-content\/uploads\/2022\/11\/WhatsApp-Image-2022-11-09-at-20.55.53.jpeg","uagb_featured_image_src":{"full":["https:\/\/blogopara.com.br\/wp-content\/uploads\/2022\/11\/WhatsApp-Image-2022-11-09-at-20.55.53.jpeg",500,335,false],"thumbnail":["https:\/\/blogopara.com.br\/wp-content\/uploads\/2022\/11\/WhatsApp-Image-2022-11-09-at-20.55.53-150x150.jpeg",150,150,true],"medium":["https:\/\/blogopara.com.br\/wp-content\/uploads\/2022\/11\/WhatsApp-Image-2022-11-09-at-20.55.53-300x201.jpeg",300,201,true],"medium_large":["https:\/\/blogopara.com.br\/wp-content\/uploads\/2022\/11\/WhatsApp-Image-2022-11-09-at-20.55.53.jpeg",500,335,false],"large":["https:\/\/blogopara.com.br\/wp-content\/uploads\/2022\/11\/WhatsApp-Image-2022-11-09-at-20.55.53.jpeg",500,335,false],"1536x1536":["https:\/\/blogopara.com.br\/wp-content\/uploads\/2022\/11\/WhatsApp-Image-2022-11-09-at-20.55.53.jpeg",500,335,false],"2048x2048":["https:\/\/blogopara.com.br\/wp-content\/uploads\/2022\/11\/WhatsApp-Image-2022-11-09-at-20.55.53.jpeg",500,335,false],"mantranews-slider-large":["https:\/\/blogopara.com.br\/wp-content\/uploads\/2022\/11\/WhatsApp-Image-2022-11-09-at-20.55.53.jpeg",500,335,false],"mantranews-featured-medium":["https:\/\/blogopara.com.br\/wp-content\/uploads\/2022\/11\/WhatsApp-Image-2022-11-09-at-20.55.53-420x307.jpeg",420,307,true],"mantranews-featured-long":["https:\/\/blogopara.com.br\/wp-content\/uploads\/2022\/11\/WhatsApp-Image-2022-11-09-at-20.55.53-300x335.jpeg",300,335,true],"mantranews-block-medium":["https:\/\/blogopara.com.br\/wp-content\/uploads\/2022\/11\/WhatsApp-Image-2022-11-09-at-20.55.53-464x290.jpeg",464,290,true],"mantranews-carousel-image":["https:\/\/blogopara.com.br\/wp-content\/uploads\/2022\/11\/WhatsApp-Image-2022-11-09-at-20.55.53.jpeg",500,335,false],"mantranews-block-thumb":["https:\/\/blogopara.com.br\/wp-content\/uploads\/2022\/11\/WhatsApp-Image-2022-11-09-at-20.55.53-322x230.jpeg",322,230,true],"mantranews-single-large":["https:\/\/blogopara.com.br\/wp-content\/uploads\/2022\/11\/WhatsApp-Image-2022-11-09-at-20.55.53.jpeg",500,335,false]},"uagb_author_info":{"display_name":"Reda\u00e7\u00e3o geral","author_link":"https:\/\/blogopara.com.br\/index.php\/author\/blogopara"},"uagb_comment_info":0,"uagb_excerpt":"Nesta quarta-feira (9), duas pessoas morreram em um acidente de tr\u00e2nsito entre uma carreta e duas caminhonetes na BR 428, em Petrolina, no Sert\u00e3o de Pernambuco. De acordo com informa\u00e7\u00f5es da Pol\u00edcia Rodovi\u00e1ria Federal (PRF), a carreta que transportava um tubo de p\u00e1 e\u00f3lica tombou sobre duas caminhonetes no km 154 da rodovia. Os ocupantes&hellip;","jetpack_sharing_enabled":true,"jetpack_likes_enabled":true,"_links":{"self":[{"href":"https:\/\/blogopara.com.br\/index.php\/wp-json\/wp\/v2\/posts\/45332","targetHints":{"allow":["GET"]}}],"collection":[{"href":"https:\/\/blogopara.com.br\/index.php\/wp-json\/wp\/v2\/posts"}],"about":[{"href":"https:\/\/blogopara.com.br\/index.php\/wp-json\/wp\/v2\/types\/post"}],"author":[{"embeddable":true,"href":"https:\/\/blogopara.com.br\/index.php\/wp-json\/wp\/v2\/users\/1"}],"replies":[{"embeddable":true,"href":"https:\/\/blogopara.com.br\/index.php\/wp-json\/wp\/v2\/comments?post=45332"}],"version-history":[{"count":1,"href":"https:\/\/blogopara.com.br\/index.php\/wp-json\/wp\/v2\/posts\/45332\/revisions"}],"predecessor-version":[{"id":45336,"href":"https:\/\/blogopara.com.br\/index.php\/wp-json\/wp\/v2\/posts\/45332\/revisions\/45336"}],"wp:featuredmedia":[{"embeddable":true,"href":"https:\/\/blogopara.com.br\/index.php\/wp-json\/wp\/v2\/media\/45335"}],"wp:attachment":[{"href":"https:\/\/blogopara.com.br\/index.php\/wp-json\/wp\/v2\/media?parent=45332"}],"wp:term":[{"taxonomy":"category","embeddable":true,"href":"https:\/\/blogopara.com.br\/index.php\/wp-json\/wp\/v2\/categories?post=45332"},{"taxonomy":"post_tag","embeddable":true,"href":"https:\/\/blogopara.com.br\/index.php\/wp-json\/wp\/v2\/tags?post=45332"}],"curies":[{"name":"wp","href":"https:\/\/api.w.org\/{rel}","templated":true}]}}