{"id":45442,"date":"2022-11-12T10:49:00","date_gmt":"2022-11-12T13:49:00","guid":{"rendered":"https:\/\/blogopara.com.br\/?p=45442"},"modified":"2022-11-11T18:56:52","modified_gmt":"2022-11-11T21:56:52","slug":"psol-pode-enfrentar-debandada-se-embarcar-em-governo-lula","status":"publish","type":"post","link":"https:\/\/blogopara.com.br\/index.php\/2022\/11\/12\/psol-pode-enfrentar-debandada-se-embarcar-em-governo-lula","title":{"rendered":"PSOL pode enfrentar debandada se embarcar em governo Lula"},"content":{"rendered":"<article>\n<div class=\"mc-column content-text active-extra-styles active-capital-letter\" data-block-type=\"unstyled\" data-block-weight=\"46\" data-block-id=\"2\">\n<p class=\"content-text__container theme-color-primary-first-letter\" style=\"text-align: justify;\" data-track-category=\"Link no Texto\" data-track-links=\"\">Em meio aos an\u00fancios de participa\u00e7\u00e3o de quadros do PSOL na equipe de transi\u00e7\u00e3o do presidente eleito Luiz In\u00e1cio Lula da Silva (PT) e a expectativa de ter S\u00f4nia Guajajara como ministra dos Povos Origin\u00e1rios, alas do partido querem impedi-lo de integrar oficialmente o novo governo.<\/p>\n<\/div>\n<div class=\"wall protected-content\" style=\"text-align: justify;\">\n<div class=\"mc-column content-text active-extra-styles \" data-block-type=\"unstyled\" data-block-weight=\"40\" data-block-id=\"4\">\n<p class=\"content-text__container \" data-track-category=\"Link no Texto\" data-track-links=\"\">V\u00e1rias tend\u00eancias internas, como o Movimento Esquerda Socialista (MES), do qual fazem parte nomes como S\u00e2mia Bomfim, M\u00f4nica Seixas e Luciana Genro, tentam levar o partido para, sen\u00e3o uma oposi\u00e7\u00e3o, ao menos uma posi\u00e7\u00e3o de independ\u00eancia em rela\u00e7\u00e3o ao PT.<\/p>\n<\/div>\n<div class=\"mc-column content-text active-extra-styles \" data-block-type=\"unstyled\" data-block-weight=\"36\" data-block-id=\"5\">\n<p class=\"content-text__container \" data-track-category=\"Link no Texto\" data-track-links=\"\">O clima interno \u00e9 de acirramento e tens\u00e3o, segundo quadros ouvidos pelo GLOBO, e h\u00e1 risco de debandada a depender da decis\u00e3o tomada pela dire\u00e7\u00e3o nacional, que vai se reunir em dezembro para tratar o caso.<\/p>\n<\/div>\n<div class=\"mc-column content-text active-extra-styles \" data-block-type=\"unstyled\" data-block-weight=\"36\" data-block-id=\"6\">\n<p class=\"content-text__container \" data-track-category=\"Link no Texto\" data-track-links=\"\">Em junho, um grupo de mais de 100 integrantes, entre eles Plinio de Arruda Sampaio J\u00fanior, anunciou a desfilia\u00e7\u00e3o em massa ap\u00f3s a legenda aderir \u00e0 chapa Lula-Alckmin e formar uma federa\u00e7\u00e3o com a Rede Sustentabilidade.<\/p>\n<\/div>\n<div class=\"mc-column content-text active-extra-styles \" data-block-type=\"unstyled\" data-block-weight=\"29\" data-block-id=\"7\">\n<p class=\"content-text__container \" data-track-category=\"Link no Texto\" data-track-links=\"\">Agora, um grupo est\u00e1 insatisfeito com a composi\u00e7\u00e3o mais \u00e0 direita do gabinete de transi\u00e7\u00e3o, com o ex-tucano Geraldo Alckmin (PSB), Persio Arida e Andr\u00e9 Lara Resende, por exemplo.<\/p>\n<\/div>\n<div class=\"mc-column content-text active-extra-styles \" data-block-type=\"unstyled\" data-block-weight=\"34\" data-block-id=\"9\">\n<p class=\"content-text__container \" data-track-category=\"Link no Texto\" data-track-links=\"\">Mas o que mais pesa \u00e9 a expectativa de que o governo Lula dependa de siglas como MDB, PSD e Uni\u00e3o Brasil para governar e garantir maioria no Congresso para aprova\u00e7\u00e3o de seus projetos.<\/p>\n<\/div>\n<section id=\"gallery-95b4998a-081c-43ad-a190-9ddff93b6133\" class=\"galeria-fotos\">\n<h3 class=\"gallery-mosaic-title \">O que j\u00e1 se sabe sobre o novo governo Lula<\/h3>\n<div class=\"gallery-mosaic-container carousel__container \">\n<div class=\"gallery-mosaic-wrapper carousel__wrapper\">\n<div class=\"gallery-mosaic-item gallery-mosaic-last-item landscape\"><\/div>\n<\/div>\n<\/div>\n<div class=\"gallery-mosaic-subtitle\">Presidente eleito planeja para as primeiras semanas ap\u00f3s a posse um &#8220;revoga\u00e7o&#8221; de portarias e decretos implantados ao longo da gest\u00e3o de Jair Bolsonaro<\/div>\n<\/section>\n<div class=\"content-ads content-ads--reveal\" data-block-type=\"ads\" data-block-id=\"10\">\n<div id=\"banner_materia2\" class=\"tag-manager-publicidade-container mc-has-reveal mc-has-ad-lazyload\" data-id=\"banner_materia2\">\n<div id=\"google_ads_iframe_85042905\/info.web.oglobo\/politica\/materia_0__container__\"><\/div>\n<\/div>\n<\/div>\n<div class=\"mc-column content-text active-extra-styles \" data-block-type=\"unstyled\" data-block-weight=\"64\" data-block-id=\"11\">\n<p class=\"content-text__container \" data-track-category=\"Link no Texto\" data-track-links=\"\">H\u00e1 tamb\u00e9m o caso do PL, partido do presidente Jair Bolsonaro. Ainda que tenha anunciado oposi\u00e7\u00e3o ao governo Lula, a sigla continua abrigando deputados fisiol\u00f3gicos. A estimativa na executiva do PL \u00e9 que, entre os 99 deputados eleitos, mais de 40 estar\u00e3o dispostos a ajudar o futuro governo, se forem atendidos com cargos e emendas. O PSOL \u00e9 contra se aliar a esses parlamentares.<\/p>\n<\/div>\n<div class=\"mc-column content-text active-extra-styles \" data-block-type=\"unstyled\" data-block-weight=\"52\" data-block-id=\"13\">\n<p class=\"content-text__container \" data-track-category=\"Link no Texto\" data-track-links=\"\">O presidente da sigla, Juliano Medeiros, e o deputado federal eleito Guilherme Boulos, pr\u00f3ximos a Lula, foram anunciados na equipe de transi\u00e7\u00e3o \u2014 o que incomoda a ala mais \u00e0 esquerda do partido, ainda que a decis\u00e3o tenha sido deliberada e vencido uma vota\u00e7\u00e3o na dire\u00e7\u00e3o nacional por 10 votos a 9.<\/p>\n<\/div>\n<div class=\"mc-column content-text active-extra-styles \" data-block-type=\"unstyled\" data-block-weight=\"41\" data-block-id=\"14\">\n<p class=\"content-text__container \" data-track-category=\"Link no Texto\" data-track-links=\"\">Braga diz que as prioridades do PSOL s\u00e3o os enfrentamentos ao bolsonarismo e ao fisiologismo do Centr\u00e3o. Para ele, esses objetivos n\u00e3o poderiam ser alcan\u00e7ados com a legenda integrando um governo que deve depender de acordos com esses grupos \u00e0 direita.<\/p>\n<\/div>\n<div class=\"mc-column content-text active-extra-styles \" data-block-type=\"unstyled\" data-block-weight=\"47\" data-block-id=\"16\">\n<p class=\"content-text__container \" data-track-category=\"Link no Texto\" data-track-links=\"\">\u2014 Quando voc\u00ea est\u00e1 debaixo do guarda-chuva do governo, voc\u00ea perde a independ\u00eancia para fazer esse enfrentamento. Para o PSOL manter suas pautas ativas, vai ter muito mais capacidade de fazer isso enfrentando a extrema-direita fora do governo do que ocupando cargos l\u00e1 dentro \u2014 diz Braga.<\/p>\n<\/div>\n<div class=\"mc-column content-text active-extra-styles \" data-block-type=\"unstyled\" data-block-weight=\"58\" data-block-id=\"17\">\n<p class=\"content-text__container \" data-track-category=\"Link no Texto\" data-track-links=\"\">O PSOL nasceu de uma dissid\u00eancia do governo Lula. O partido foi fundado em 2004 ap\u00f3s a expuls\u00e3o dos parlamentares Helo\u00edsa Helena, Jo\u00e3o Fontes e Luciana Genro do PT. Uniu-se ent\u00e3o a movimentos sociais e a intelectuais descontentes com a gest\u00e3o petista e, a partir de ent\u00e3o, fez oposi\u00e7\u00e3o tanto a Lula (2003-10) quanto a Dilma Rousseff (2011-16).<\/p>\n<\/div>\n<div class=\"mc-column content-text active-extra-styles \" data-block-type=\"unstyled\" data-block-weight=\"27\" data-block-id=\"20\">\n<p class=\"content-text__container \" data-track-category=\"Link no Texto\" data-track-links=\"\">Ent\u00e3o candidata a presidente da Rep\u00fablica pelo PSOL em 2014, Genro chegou a comparar Dilma e o candidato tucano A\u00e9cio Neves como &#8220;irm\u00e3os siameses&#8221; durante a campanha.<\/p>\n<\/div>\n<div class=\"mc-column content-text active-extra-styles \" data-block-type=\"unstyled\" data-block-weight=\"40\" data-block-id=\"21\">\n<p class=\"content-text__container \" data-track-category=\"Link no Texto\" data-track-links=\"\">O partido voltou a se aproximar dos petistas no impeachment da presidente, a que muitos quadros chamam de golpe, foi contra a pris\u00e3o de Lula no \u00e2mbito da Opera\u00e7\u00e3o Lava-Jato e entrou de cabe\u00e7a na campanha pela elei\u00e7\u00e3o de Lula.<\/p>\n<\/div>\n<div class=\"mc-column content-text active-extra-styles \" data-block-type=\"unstyled\" data-block-weight=\"31\" data-block-id=\"23\">\n<p class=\"content-text__container \" data-track-category=\"Link no Texto\" data-track-links=\"\">Seixas, deputada reeleita na Assembleia Legislativa de S\u00e3o Paulo (Alesp), argumenta que o PSOL n\u00e3o poder\u00e1 mobilizar manifesta\u00e7\u00f5es de rua para pressionar o governo Lula se a sigla fizer parte dele.<\/p>\n<\/div>\n<div class=\"mc-column content-text active-extra-styles \" data-block-type=\"unstyled\" data-block-weight=\"36\" data-block-id=\"24\">\n<p class=\"content-text__container \" data-track-category=\"Link no Texto\" data-track-links=\"\">\u2014 Ambos os lados entendem que os pr\u00f3ximos dias v\u00e3o ser determinantes para a identidade do PSOL. Se a gente assume um novo perfil ou se vai ser consequente com a nossa hist\u00f3ria \u2014 diz Seixas.<\/p>\n<\/div>\n<div class=\"mc-column content-text active-extra-styles \" data-block-type=\"unstyled\" data-block-weight=\"48\" data-block-id=\"25\">\n<p class=\"content-text__container \" data-track-category=\"Link no Texto\" data-track-links=\"\">A esperan\u00e7a do grupo contr\u00e1rio ao embarque \u00e9 que duas tend\u00eancias internas que votaram a favor de compor a equipe de transi\u00e7\u00e3o s\u00e3o contra o partido ter cargos na m\u00e1quina federal \u2014 n\u00famero suficiente para virar o apertado placar que permitiu Medeiros e Boulos integrarem o gabinete transit\u00f3rio.<\/p>\n<\/div>\n<div data-track-category=\"multicontent\" data-track-action=\"ultimo chunk conteudo\" data-track-noninteraction=\"false\" data-track-scroll=\"view\">\n<div class=\"mc-column content-text active-extra-styles \" data-block-type=\"unstyled\" data-block-weight=\"21\" data-block-id=\"26\">\n<p class=\"content-text__container \" data-track-category=\"Link no Texto\" data-track-links=\"\">Procurado, Medeiros diz que o debate sobre o assunto n\u00e3o come\u00e7ou, e que o foco agora \u00e9 a transi\u00e7\u00e3o de governo.<\/p>\n<\/div>\n<\/div>\n<\/div>\n<\/article>\n<div class=\"mc-column entities\" style=\"text-align: justify;\"><\/div>\n","protected":false},"excerpt":{"rendered":"<p>Em meio aos an\u00fancios de participa\u00e7\u00e3o de quadros do PSOL na equipe de transi\u00e7\u00e3o do presidente eleito Luiz In\u00e1cio Lula da Silva (PT) e a expectativa de ter S\u00f4nia Guajajara como ministra dos Povos Origin\u00e1rios, alas do partido querem impedi-lo de integrar oficialmente o novo governo. V\u00e1rias tend\u00eancias internas, como o Movimento Esquerda Socialista (MES), [&hellip;]<\/p>\n","protected":false},"author":1,"featured_media":45443,"comment_status":"closed","ping_status":"open","sticky":false,"template":"","format":"standard","meta":{"_uag_custom_page_level_css":"","_monsterinsights_skip_tracking":false,"_monsterinsights_sitenote_active":false,"_monsterinsights_sitenote_note":"","_monsterinsights_sitenote_category":0,"jetpack_post_was_ever_published":false,"_jetpack_newsletter_access":"","_jetpack_dont_email_post_to_subs":false,"_jetpack_newsletter_tier_id":0,"_jetpack_memberships_contains_paywalled_content":false,"_jetpack_memberships_contains_paid_content":false,"footnotes":"","jetpack_publicize_message":"","jetpack_publicize_feature_enabled":true,"jetpack_social_post_already_shared":true,"jetpack_social_options":{"image_generator_settings":{"template":"highway","default_image_id":0,"font":"","enabled":false},"version":2}},"categories":[200,197],"tags":[],"class_list":["post-45442","post","type-post","status-publish","format-standard","has-post-thumbnail","hentry","category-brasil","category-politica"],"jetpack_publicize_connections":[],"jetpack_featured_media_url":"https:\/\/blogopara.com.br\/wp-content\/uploads\/2022\/11\/c6bfb210-c8aa-11ec-8efd-17bdafc5edab.jpg","uagb_featured_image_src":{"full":["https:\/\/blogopara.com.br\/wp-content\/uploads\/2022\/11\/c6bfb210-c8aa-11ec-8efd-17bdafc5edab.jpg",500,333,false],"thumbnail":["https:\/\/blogopara.com.br\/wp-content\/uploads\/2022\/11\/c6bfb210-c8aa-11ec-8efd-17bdafc5edab-150x150.jpg",150,150,true],"medium":["https:\/\/blogopara.com.br\/wp-content\/uploads\/2022\/11\/c6bfb210-c8aa-11ec-8efd-17bdafc5edab-300x200.jpg",300,200,true],"medium_large":["https:\/\/blogopara.com.br\/wp-content\/uploads\/2022\/11\/c6bfb210-c8aa-11ec-8efd-17bdafc5edab.jpg",500,333,false],"large":["https:\/\/blogopara.com.br\/wp-content\/uploads\/2022\/11\/c6bfb210-c8aa-11ec-8efd-17bdafc5edab.jpg",500,333,false],"1536x1536":["https:\/\/blogopara.com.br\/wp-content\/uploads\/2022\/11\/c6bfb210-c8aa-11ec-8efd-17bdafc5edab.jpg",500,333,false],"2048x2048":["https:\/\/blogopara.com.br\/wp-content\/uploads\/2022\/11\/c6bfb210-c8aa-11ec-8efd-17bdafc5edab.jpg",500,333,false],"mantranews-slider-large":["https:\/\/blogopara.com.br\/wp-content\/uploads\/2022\/11\/c6bfb210-c8aa-11ec-8efd-17bdafc5edab.jpg",500,333,false],"mantranews-featured-medium":["https:\/\/blogopara.com.br\/wp-content\/uploads\/2022\/11\/c6bfb210-c8aa-11ec-8efd-17bdafc5edab-420x307.jpg",420,307,true],"mantranews-featured-long":["https:\/\/blogopara.com.br\/wp-content\/uploads\/2022\/11\/c6bfb210-c8aa-11ec-8efd-17bdafc5edab-300x333.jpg",300,333,true],"mantranews-block-medium":["https:\/\/blogopara.com.br\/wp-content\/uploads\/2022\/11\/c6bfb210-c8aa-11ec-8efd-17bdafc5edab-464x290.jpg",464,290,true],"mantranews-carousel-image":["https:\/\/blogopara.com.br\/wp-content\/uploads\/2022\/11\/c6bfb210-c8aa-11ec-8efd-17bdafc5edab.jpg",500,333,false],"mantranews-block-thumb":["https:\/\/blogopara.com.br\/wp-content\/uploads\/2022\/11\/c6bfb210-c8aa-11ec-8efd-17bdafc5edab-322x230.jpg",322,230,true],"mantranews-single-large":["https:\/\/blogopara.com.br\/wp-content\/uploads\/2022\/11\/c6bfb210-c8aa-11ec-8efd-17bdafc5edab.jpg",500,333,false]},"uagb_author_info":{"display_name":"Reda\u00e7\u00e3o geral","author_link":"https:\/\/blogopara.com.br\/index.php\/author\/blogopara"},"uagb_comment_info":0,"uagb_excerpt":"Em meio aos an\u00fancios de participa\u00e7\u00e3o de quadros do PSOL na equipe de transi\u00e7\u00e3o do presidente eleito Luiz In\u00e1cio Lula da Silva (PT) e a expectativa de ter S\u00f4nia Guajajara como ministra dos Povos Origin\u00e1rios, alas do partido querem impedi-lo de integrar oficialmente o novo governo. V\u00e1rias tend\u00eancias internas, como o Movimento Esquerda Socialista (MES),&hellip;","jetpack_sharing_enabled":true,"jetpack_likes_enabled":true,"_links":{"self":[{"href":"https:\/\/blogopara.com.br\/index.php\/wp-json\/wp\/v2\/posts\/45442","targetHints":{"allow":["GET"]}}],"collection":[{"href":"https:\/\/blogopara.com.br\/index.php\/wp-json\/wp\/v2\/posts"}],"about":[{"href":"https:\/\/blogopara.com.br\/index.php\/wp-json\/wp\/v2\/types\/post"}],"author":[{"embeddable":true,"href":"https:\/\/blogopara.com.br\/index.php\/wp-json\/wp\/v2\/users\/1"}],"replies":[{"embeddable":true,"href":"https:\/\/blogopara.com.br\/index.php\/wp-json\/wp\/v2\/comments?post=45442"}],"version-history":[{"count":1,"href":"https:\/\/blogopara.com.br\/index.php\/wp-json\/wp\/v2\/posts\/45442\/revisions"}],"predecessor-version":[{"id":45444,"href":"https:\/\/blogopara.com.br\/index.php\/wp-json\/wp\/v2\/posts\/45442\/revisions\/45444"}],"wp:featuredmedia":[{"embeddable":true,"href":"https:\/\/blogopara.com.br\/index.php\/wp-json\/wp\/v2\/media\/45443"}],"wp:attachment":[{"href":"https:\/\/blogopara.com.br\/index.php\/wp-json\/wp\/v2\/media?parent=45442"}],"wp:term":[{"taxonomy":"category","embeddable":true,"href":"https:\/\/blogopara.com.br\/index.php\/wp-json\/wp\/v2\/categories?post=45442"},{"taxonomy":"post_tag","embeddable":true,"href":"https:\/\/blogopara.com.br\/index.php\/wp-json\/wp\/v2\/tags?post=45442"}],"curies":[{"name":"wp","href":"https:\/\/api.w.org\/{rel}","templated":true}]}}