{"id":45451,"date":"2022-11-12T07:35:00","date_gmt":"2022-11-12T10:35:00","guid":{"rendered":"https:\/\/blogopara.com.br\/?p=45451"},"modified":"2022-11-12T07:12:56","modified_gmt":"2022-11-12T10:12:56","slug":"obra-da-praca-central-de-abobora-avanca-e-em-breve-comunidade-vai-contar-com-novo-espaco-de-lazer-e-entretenimento","status":"publish","type":"post","link":"https:\/\/blogopara.com.br\/index.php\/2022\/11\/12\/obra-da-praca-central-de-abobora-avanca-e-em-breve-comunidade-vai-contar-com-novo-espaco-de-lazer-e-entretenimento","title":{"rendered":"Obra da Pra\u00e7a Central de Ab\u00f3bora avan\u00e7a e em breve comunidade vai contar com novo espa\u00e7o de lazer e entretenimento"},"content":{"rendered":"<div dir=\"auto\" style=\"text-align: justify;\">As obras de requalifica\u00e7\u00e3o da Pra\u00e7a Central Ant\u00f4nio Santos, em Ab\u00f3bora, j\u00e1 est\u00e3o em fase final e a Prefeitura de Juazeiro est\u00e1 aprontando tudo para que a comunidade receba mais uma obra realizada no distrito. Os servi\u00e7os s\u00e3o realizados com recursos pr\u00f3prios e s\u00e3o parte de a\u00e7\u00f5es de embelezamento de espa\u00e7os p\u00fablicos em todo munic\u00edpio.<\/div>\n<div dir=\"auto\" style=\"text-align: justify;\"><\/div>\n<div dir=\"auto\" style=\"text-align: justify;\">A Pra\u00e7a est\u00e1 recebendo a\u00e7\u00f5es de paisagismo, \u00e1rea de conviv\u00eancia com acessibilidade, novo meio-fio e implanta\u00e7\u00e3o de grama.<\/div>\n<div dir=\"auto\" style=\"text-align: justify;\"><\/div>\n<div dir=\"auto\" style=\"text-align: justify;\">O engenheiro civil da Secretaria de Obras e Desenvolvimento Urbano (Sedur), Airton Gon\u00e7alves J\u00fanior, destaca os servi\u00e7os realizados na comunidade. \u201cEsta a\u00e7\u00e3o \u00e9 uma indica\u00e7\u00e3o da prefeita Suzana Ramos que solicitou os servi\u00e7os de embelezamento em toda a cidade, principalmente, no interior. Ent\u00e3o, entramos com os servi\u00e7os na Pra\u00e7a Central de Ab\u00f3bora para modificar esse ambiente urbano e propiciar um novo espa\u00e7o de lazer e entretenimento para quem mora na comunidade. A obra j\u00e1 est\u00e1 em fase final e, em breve, vamos inaugur\u00e1-la\u201d, disse.<\/div>\n<div dir=\"auto\" style=\"text-align: justify;\"><\/div>\n<div dir=\"auto\" style=\"text-align: justify;\"><b>Outras obras em ab\u00f3bora<\/b><\/div>\n<div dir=\"auto\" style=\"text-align: justify;\"><\/div>\n<div dir=\"auto\" style=\"text-align: justify;\">Em Ab\u00f3bora j\u00e1 foram reformadas tr\u00eas unidades de ensino, a Escola Municipal Manoel de Souza Bonfim, a Extens\u00e3o Manoel de Souza Bonfim e a Escola Municipal de Educa\u00e7\u00e3o Infantil Am\u00e9rico Tanuri. A\u00e7\u00f5es de melhoramento de estradas vicinais tamb\u00e9m est\u00e3o programadas para serem realizadas pelas equipes da Sedur.<\/div>\n<div dir=\"auto\" style=\"text-align: justify;\"><\/div>\n","protected":false},"excerpt":{"rendered":"<p>As obras de requalifica\u00e7\u00e3o da Pra\u00e7a Central Ant\u00f4nio Santos, em Ab\u00f3bora, j\u00e1 est\u00e3o em fase final e a Prefeitura de Juazeiro est\u00e1 aprontando tudo para que a comunidade receba mais uma obra realizada no distrito. Os servi\u00e7os s\u00e3o realizados com recursos pr\u00f3prios e s\u00e3o parte de a\u00e7\u00f5es de embelezamento de espa\u00e7os p\u00fablicos em todo munic\u00edpio. [&hellip;]<\/p>\n","protected":false},"author":1,"featured_media":45452,"comment_status":"closed","ping_status":"open","sticky":false,"template":"","format":"standard","meta":{"_uag_custom_page_level_css":"","_monsterinsights_skip_tracking":false,"_monsterinsights_sitenote_active":false,"_monsterinsights_sitenote_note":"","_monsterinsights_sitenote_category":0,"jetpack_post_was_ever_published":false,"_jetpack_newsletter_access":"","_jetpack_dont_email_post_to_subs":false,"_jetpack_newsletter_tier_id":0,"_jetpack_memberships_contains_paywalled_content":false,"_jetpack_memberships_contains_paid_content":false,"footnotes":"","jetpack_publicize_message":"","jetpack_publicize_feature_enabled":true,"jetpack_social_post_already_shared":true,"jetpack_social_options":{"image_generator_settings":{"template":"highway","default_image_id":0,"font":"","enabled":false},"version":2}},"categories":[203],"tags":[340],"class_list":["post-45451","post","type-post","status-publish","format-standard","has-post-thumbnail","hentry","category-juazeiro","tag-prefeitura-de-juazeiro"],"jetpack_publicize_connections":[],"jetpack_featured_media_url":"https:\/\/blogopara.com.br\/wp-content\/uploads\/2022\/11\/Prac\u0327a-de-Abo\u0301bora-6.jpg","uagb_featured_image_src":{"full":["https:\/\/blogopara.com.br\/wp-content\/uploads\/2022\/11\/Prac\u0327a-de-Abo\u0301bora-6.jpg",500,333,false],"thumbnail":["https:\/\/blogopara.com.br\/wp-content\/uploads\/2022\/11\/Prac\u0327a-de-Abo\u0301bora-6-150x150.jpg",150,150,true],"medium":["https:\/\/blogopara.com.br\/wp-content\/uploads\/2022\/11\/Prac\u0327a-de-Abo\u0301bora-6-300x200.jpg",300,200,true],"medium_large":["https:\/\/blogopara.com.br\/wp-content\/uploads\/2022\/11\/Prac\u0327a-de-Abo\u0301bora-6.jpg",500,333,false],"large":["https:\/\/blogopara.com.br\/wp-content\/uploads\/2022\/11\/Prac\u0327a-de-Abo\u0301bora-6.jpg",500,333,false],"1536x1536":["https:\/\/blogopara.com.br\/wp-content\/uploads\/2022\/11\/Prac\u0327a-de-Abo\u0301bora-6.jpg",500,333,false],"2048x2048":["https:\/\/blogopara.com.br\/wp-content\/uploads\/2022\/11\/Prac\u0327a-de-Abo\u0301bora-6.jpg",500,333,false],"mantranews-slider-large":["https:\/\/blogopara.com.br\/wp-content\/uploads\/2022\/11\/Prac\u0327a-de-Abo\u0301bora-6.jpg",500,333,false],"mantranews-featured-medium":["https:\/\/blogopara.com.br\/wp-content\/uploads\/2022\/11\/Prac\u0327a-de-Abo\u0301bora-6-420x307.jpg",420,307,true],"mantranews-featured-long":["https:\/\/blogopara.com.br\/wp-content\/uploads\/2022\/11\/Prac\u0327a-de-Abo\u0301bora-6-300x333.jpg",300,333,true],"mantranews-block-medium":["https:\/\/blogopara.com.br\/wp-content\/uploads\/2022\/11\/Prac\u0327a-de-Abo\u0301bora-6-464x290.jpg",464,290,true],"mantranews-carousel-image":["https:\/\/blogopara.com.br\/wp-content\/uploads\/2022\/11\/Prac\u0327a-de-Abo\u0301bora-6.jpg",500,333,false],"mantranews-block-thumb":["https:\/\/blogopara.com.br\/wp-content\/uploads\/2022\/11\/Prac\u0327a-de-Abo\u0301bora-6-322x230.jpg",322,230,true],"mantranews-single-large":["https:\/\/blogopara.com.br\/wp-content\/uploads\/2022\/11\/Prac\u0327a-de-Abo\u0301bora-6.jpg",500,333,false]},"uagb_author_info":{"display_name":"Reda\u00e7\u00e3o geral","author_link":"https:\/\/blogopara.com.br\/index.php\/author\/blogopara"},"uagb_comment_info":0,"uagb_excerpt":"As obras de requalifica\u00e7\u00e3o da Pra\u00e7a Central Ant\u00f4nio Santos, em Ab\u00f3bora, j\u00e1 est\u00e3o em fase final e a Prefeitura de Juazeiro est\u00e1 aprontando tudo para que a comunidade receba mais uma obra realizada no distrito. Os servi\u00e7os s\u00e3o realizados com recursos pr\u00f3prios e s\u00e3o parte de a\u00e7\u00f5es de embelezamento de espa\u00e7os p\u00fablicos em todo munic\u00edpio.&hellip;","jetpack_sharing_enabled":true,"jetpack_likes_enabled":true,"_links":{"self":[{"href":"https:\/\/blogopara.com.br\/index.php\/wp-json\/wp\/v2\/posts\/45451","targetHints":{"allow":["GET"]}}],"collection":[{"href":"https:\/\/blogopara.com.br\/index.php\/wp-json\/wp\/v2\/posts"}],"about":[{"href":"https:\/\/blogopara.com.br\/index.php\/wp-json\/wp\/v2\/types\/post"}],"author":[{"embeddable":true,"href":"https:\/\/blogopara.com.br\/index.php\/wp-json\/wp\/v2\/users\/1"}],"replies":[{"embeddable":true,"href":"https:\/\/blogopara.com.br\/index.php\/wp-json\/wp\/v2\/comments?post=45451"}],"version-history":[{"count":1,"href":"https:\/\/blogopara.com.br\/index.php\/wp-json\/wp\/v2\/posts\/45451\/revisions"}],"predecessor-version":[{"id":45453,"href":"https:\/\/blogopara.com.br\/index.php\/wp-json\/wp\/v2\/posts\/45451\/revisions\/45453"}],"wp:featuredmedia":[{"embeddable":true,"href":"https:\/\/blogopara.com.br\/index.php\/wp-json\/wp\/v2\/media\/45452"}],"wp:attachment":[{"href":"https:\/\/blogopara.com.br\/index.php\/wp-json\/wp\/v2\/media?parent=45451"}],"wp:term":[{"taxonomy":"category","embeddable":true,"href":"https:\/\/blogopara.com.br\/index.php\/wp-json\/wp\/v2\/categories?post=45451"},{"taxonomy":"post_tag","embeddable":true,"href":"https:\/\/blogopara.com.br\/index.php\/wp-json\/wp\/v2\/tags?post=45451"}],"curies":[{"name":"wp","href":"https:\/\/api.w.org\/{rel}","templated":true}]}}