{"id":4553,"date":"2019-11-07T09:26:01","date_gmt":"2019-11-07T11:26:01","guid":{"rendered":"http:\/\/blogopara.com.br\/?p=4553"},"modified":"2019-11-07T10:21:28","modified_gmt":"2019-11-07T12:21:28","slug":"camara-outorga-titulo-de-cidada-juazeirense-a-monica-ishikawa","status":"publish","type":"post","link":"https:\/\/blogopara.com.br\/index.php\/2019\/11\/07\/camara-outorga-titulo-de-cidada-juazeirense-a-monica-ishikawa","title":{"rendered":"C\u00e2mara outorga t\u00edtulo de cidad\u00e3 juazeirense a M\u00f4nica Ishikawa"},"content":{"rendered":"<p style=\"text-align: justify;\">Por iniciativa da vereadora Valdeci Alves, a C\u00e2mara de Vereadores concedeu o t\u00edtulo de cidad\u00e3 juazeirense a engenheira agr\u00f4noma Monica Ishikawa. \u00a0Pesquisadora e neta do fundador da Cooperativa Agr\u00edcola de Cotia, consultora, autora de livros e conferencista com experi\u00eancia internacional, diretora de empresas p\u00fablicas e particulares, radicada em Juazeiro h\u00e1 34 anos.<\/p>\n<p style=\"text-align: justify;\">A homenageada \u00e9 sem sombra de d\u00favidas uma das grandes respons\u00e1veis pelo desenvolvimento agr\u00edcola do Vale, com participa\u00e7\u00e3o em in\u00fameras cooperativas e associa\u00e7\u00f5es de produtores, viaja pelo mundo ministrando cursos e prestando consultorias.<\/p>\n<h4 style=\"text-align: justify;\">Quem \u00e9 M\u00f4nica Ishikawa?<\/h4>\n<p style=\"text-align: justify;\">M\u00f4nica nasceu em S\u00e3o Paulo (capital), filha de Etsusaburo Ishikawa e Mituco Mori Ishikawa, neta de Turuki Mori, fundador da extinta Cooperativa Agr\u00edcola de Cotia. Casou-se com Ademar Virgolino da Silva Filho, com quem construiu uma linda fam\u00edlia de tr\u00eas filhos, sendo um mineiro, uma paulista e uma pernambucana. Mora em Petrolina desde 1985, mas a maior parte da vida profissional foi em Juazeiro.<\/p>\n<p style=\"text-align: justify;\">A vinda para o Vale do S\u00e3o Francisco aconteceu mediante a contrata\u00e7\u00e3o de seu esposo pela Cooperativa Agr\u00edcola de Cotia. M\u00f4nica formou-se em agronomia pela Famesf em Juazeiro, e ap\u00f3s a conclus\u00e3o do curso foi trabalhar na Cooperativa Agr\u00edcola de Cotia, prestou relevantes servi\u00e7os na Univasf de Juazeiro, como tamb\u00e9m teve a oportunidade de elaborar muitos projetos dos cooperados do munic\u00edpio de Cura\u00e7\u00e1 que passou a ser chamado de CAJ.<\/p>\n<p style=\"text-align: justify;\">\u00a0A vontade de crescer profissionalmente n\u00e3o parou e, ent\u00e3o, buscou conhecimento, participou e organizou diversos eventos, palestras, publica\u00e7\u00f5es, livros e relat\u00f3rios t\u00e9cnicos. Fez cursos de outras l\u00ednguas, mestrado em Defesa Sanit\u00e1ria Vegetal na UFV &#8211; Universidade Federal de Vi\u00e7osa em Minas Gerais. M\u00f4nica trabalhou no setor de supervis\u00e3o das frutas do Vale do S\u00e3o Francisco de Juazeiro e Petrolina, prestou servi\u00e7os ao Instituto de Economia Agr\u00edcola no projeto de estudo da manga para exportar para o mercado japon\u00eas. De 2010 a 2015 ela teve a oportunidade de ir trabalhar fora do pa\u00eds, em Holanda, onde ficou respons\u00e1vel pela ger\u00eancia do escrit\u00f3rio do ITEP em Rotterdam. Hoje M\u00f4nica presta consultoria a diversas empresas p\u00fablicas e privadas.<\/p>\n<p style=\"text-align: justify;\">\u00a0\u00c9 a 1\u00aa secret\u00e1ria da Associa\u00e7\u00e3o da Inst\u00e2ncia de Governan\u00e7a da Regi\u00e3o Tur\u00edstica Sol, \u00c1guas e Vinhos Vale do S\u00e3o Francisco. De 13 de julho de 2018 a 27 de fevereiro de 2019 atuou como diretora do Centro de Excel\u00eancia em Fruticultura do Sistema CNA\/Senar.<\/p>\n","protected":false},"excerpt":{"rendered":"<p>&#8220;para Juazeiro se transformar no munic\u00edpio que merecidamente aspiramos, n\u00e3o \u00e9 necess\u00e1rio, como descreve o nosso Hino Nacional um povo heroico, bravo e retumbante. O que se faz necess\u00e1rio \u00e9 executar pol\u00edticas voltadas para integra\u00e7\u00e3o social em todas as \u00e1reas, especialmente na educa\u00e7\u00e3o, na sa\u00fade, na seguran\u00e7a e na agricultura&#8221;. Finalizou seu emocionado discurso com um &#8220;Hurruuu! Sou baiana!!!&#8221;<\/p>\n","protected":false},"author":1,"featured_media":4554,"comment_status":"open","ping_status":"open","sticky":false,"template":"","format":"standard","meta":{"_uag_custom_page_level_css":"","_monsterinsights_skip_tracking":false,"_monsterinsights_sitenote_active":false,"_monsterinsights_sitenote_note":"","_monsterinsights_sitenote_category":0,"jetpack_post_was_ever_published":false,"_jetpack_newsletter_access":"","_jetpack_dont_email_post_to_subs":false,"_jetpack_newsletter_tier_id":0,"_jetpack_memberships_contains_paywalled_content":false,"_jetpack_memberships_contains_paid_content":false,"footnotes":"","jetpack_publicize_message":"","jetpack_publicize_feature_enabled":true,"jetpack_social_post_already_shared":true,"jetpack_social_options":{"image_generator_settings":{"template":"highway","default_image_id":0,"font":"","enabled":false},"version":2}},"categories":[203],"tags":[338,1137,1138],"class_list":["post-4553","post","type-post","status-publish","format-standard","has-post-thumbnail","hentry","category-juazeiro","tag-camara-de-vereadores","tag-monica-ishikawa","tag-titulo-de-cidada"],"jetpack_publicize_connections":[],"jetpack_featured_media_url":"https:\/\/blogopara.com.br\/wp-content\/uploads\/2019\/11\/Com-familiares-e-o-titulo-de-cidad\u00e3.jpg","uagb_featured_image_src":{"full":["https:\/\/blogopara.com.br\/wp-content\/uploads\/2019\/11\/Com-familiares-e-o-titulo-de-cidad\u00e3.jpg",1000,667,false],"thumbnail":["https:\/\/blogopara.com.br\/wp-content\/uploads\/2019\/11\/Com-familiares-e-o-titulo-de-cidad\u00e3-150x150.jpg",150,150,true],"medium":["https:\/\/blogopara.com.br\/wp-content\/uploads\/2019\/11\/Com-familiares-e-o-titulo-de-cidad\u00e3-300x200.jpg",300,200,true],"medium_large":["https:\/\/blogopara.com.br\/wp-content\/uploads\/2019\/11\/Com-familiares-e-o-titulo-de-cidad\u00e3-768x512.jpg",640,427,true],"large":["https:\/\/blogopara.com.br\/wp-content\/uploads\/2019\/11\/Com-familiares-e-o-titulo-de-cidad\u00e3.jpg",640,427,false],"1536x1536":["https:\/\/blogopara.com.br\/wp-content\/uploads\/2019\/11\/Com-familiares-e-o-titulo-de-cidad\u00e3.jpg",1000,667,false],"2048x2048":["https:\/\/blogopara.com.br\/wp-content\/uploads\/2019\/11\/Com-familiares-e-o-titulo-de-cidad\u00e3.jpg",1000,667,false],"mantranews-slider-large":["https:\/\/blogopara.com.br\/wp-content\/uploads\/2019\/11\/Com-familiares-e-o-titulo-de-cidad\u00e3.jpg",1000,667,false],"mantranews-featured-medium":["https:\/\/blogopara.com.br\/wp-content\/uploads\/2019\/11\/Com-familiares-e-o-titulo-de-cidad\u00e3.jpg",420,280,false],"mantranews-featured-long":["https:\/\/blogopara.com.br\/wp-content\/uploads\/2019\/11\/Com-familiares-e-o-titulo-de-cidad\u00e3.jpg",300,200,false],"mantranews-block-medium":["https:\/\/blogopara.com.br\/wp-content\/uploads\/2019\/11\/Com-familiares-e-o-titulo-de-cidad\u00e3.jpg",435,290,false],"mantranews-carousel-image":["https:\/\/blogopara.com.br\/wp-content\/uploads\/2019\/11\/Com-familiares-e-o-titulo-de-cidad\u00e3.jpg",600,400,false],"mantranews-block-thumb":["https:\/\/blogopara.com.br\/wp-content\/uploads\/2019\/11\/Com-familiares-e-o-titulo-de-cidad\u00e3.jpg",322,215,false],"mantranews-single-large":["https:\/\/blogopara.com.br\/wp-content\/uploads\/2019\/11\/Com-familiares-e-o-titulo-de-cidad\u00e3.jpg",963,642,false]},"uagb_author_info":{"display_name":"Reda\u00e7\u00e3o geral","author_link":"https:\/\/blogopara.com.br\/index.php\/author\/blogopara"},"uagb_comment_info":0,"uagb_excerpt":"\"para Juazeiro se transformar no munic\u00edpio que merecidamente aspiramos, n\u00e3o \u00e9 necess\u00e1rio, como descreve o nosso Hino Nacional um povo heroico, bravo e retumbante. O que se faz necess\u00e1rio \u00e9 executar pol\u00edticas voltadas para integra\u00e7\u00e3o social em todas as \u00e1reas, especialmente na educa\u00e7\u00e3o, na sa\u00fade, na seguran\u00e7a e na agricultura\". Finalizou seu emocionado discurso com&hellip;","jetpack_sharing_enabled":true,"jetpack_likes_enabled":true,"_links":{"self":[{"href":"https:\/\/blogopara.com.br\/index.php\/wp-json\/wp\/v2\/posts\/4553","targetHints":{"allow":["GET"]}}],"collection":[{"href":"https:\/\/blogopara.com.br\/index.php\/wp-json\/wp\/v2\/posts"}],"about":[{"href":"https:\/\/blogopara.com.br\/index.php\/wp-json\/wp\/v2\/types\/post"}],"author":[{"embeddable":true,"href":"https:\/\/blogopara.com.br\/index.php\/wp-json\/wp\/v2\/users\/1"}],"replies":[{"embeddable":true,"href":"https:\/\/blogopara.com.br\/index.php\/wp-json\/wp\/v2\/comments?post=4553"}],"version-history":[{"count":2,"href":"https:\/\/blogopara.com.br\/index.php\/wp-json\/wp\/v2\/posts\/4553\/revisions"}],"predecessor-version":[{"id":4559,"href":"https:\/\/blogopara.com.br\/index.php\/wp-json\/wp\/v2\/posts\/4553\/revisions\/4559"}],"wp:featuredmedia":[{"embeddable":true,"href":"https:\/\/blogopara.com.br\/index.php\/wp-json\/wp\/v2\/media\/4554"}],"wp:attachment":[{"href":"https:\/\/blogopara.com.br\/index.php\/wp-json\/wp\/v2\/media?parent=4553"}],"wp:term":[{"taxonomy":"category","embeddable":true,"href":"https:\/\/blogopara.com.br\/index.php\/wp-json\/wp\/v2\/categories?post=4553"},{"taxonomy":"post_tag","embeddable":true,"href":"https:\/\/blogopara.com.br\/index.php\/wp-json\/wp\/v2\/tags?post=4553"}],"curies":[{"name":"wp","href":"https:\/\/api.w.org\/{rel}","templated":true}]}}