{"id":45566,"date":"2022-11-15T11:46:00","date_gmt":"2022-11-15T14:46:00","guid":{"rendered":"https:\/\/blogopara.com.br\/?p=45566"},"modified":"2022-11-14T21:49:03","modified_gmt":"2022-11-15T00:49:03","slug":"matriculas-2023-periodo-para-transferencia-interna-inicia-esta-semana-em-petrolina","status":"publish","type":"post","link":"https:\/\/blogopara.com.br\/index.php\/2022\/11\/15\/matriculas-2023-periodo-para-transferencia-interna-inicia-esta-semana-em-petrolina","title":{"rendered":"Matr\u00edculas 2023: per\u00edodo para transfer\u00eancia interna inicia esta semana em Petrolina"},"content":{"rendered":"<p style=\"font-weight: 400; text-align: justify;\">Entre os dias 17 e 24 de novembro, a Prefeitura de Petrolina, por meio da Secretaria de Educa\u00e7\u00e3o, Cultura e Esportes, inicia a segunda fase para efetiva\u00e7\u00e3o das matr\u00edculas 2023 da rede municipal de ensino: a transfer\u00eancia interna dos alunos da Educa\u00e7\u00e3o Infantil ao 2\u00ba ano do Ensino Fundamental. Assim, os pais, m\u00e3es ou respons\u00e1veis legais devem ficar atentos a data e aos hor\u00e1rios estabelecidos por cada unidade de ensino.<\/p>\n<p style=\"font-weight: 400; text-align: justify;\">J\u00e1 entre os dias 23 e 30 de dezembro, inicia o processo de transfer\u00eancia interna dos alunos do 3\u00ba ao 9\u00ba ano do Ensino Fundamental. Essa etapa consiste na transfer\u00eancia do aluno dentro da pr\u00f3pria rede, de uma escola para outra, onde o pai ou respons\u00e1vel dever\u00e1 informar na unidade em que o aluno est\u00e1 matriculado, a mudan\u00e7a de institui\u00e7\u00e3o para o ano letivo de 2023. A pr\u00f3pria escola realiza o processo de continuidade e garantia da vaga. Ap\u00f3s isso, a confirma\u00e7\u00e3o da rematr\u00edcula ocorrer\u00e1 com a entrega da documenta\u00e7\u00e3o do aluno e do respons\u00e1vel na escola em que a vaga foi pleiteada entre os dias 2 e 6 de janeiro.<\/p>\n<p style=\"font-weight: 400; text-align: justify;\">\u201c<em>\u00c9 necess\u00e1rio que os respons\u00e1veis estejam atentos \u00e0s datas. Primeiramente, consultem se h\u00e1 vagas dispon\u00edveis nas unidades que desejam fazer a transfer\u00eancia. Com planejamento e aten\u00e7\u00e3o, conseguiremos um per\u00edodo de matr\u00edcula tranquilo<\/em>\u201d, refor\u00e7a a secret\u00e1ria Executiva de Gest\u00e3o de Rede, Auxiliadora Freire.<\/p>\n<p style=\"font-weight: 400; text-align: justify;\"><strong>Pr\u00f3ximas fases<\/strong><\/p>\n<p style=\"font-weight: 400; text-align: justify;\">Ap\u00f3s encerrada a fase de transfer\u00eancia interna, ser\u00e1 aberta a matr\u00edcula para novos alunos, no m\u00eas de janeiro de 2023. Esta etapa \u00e9 direcionada aos estudantes que desejam ingressar na rede municipal de ensino de Petrolina vindos de outras redes. As aulas da rede municipal de Petrolina est\u00e3o previstas para iniciar em fevereiro de 2022. Mesmo ap\u00f3s o in\u00edcio das aulas, as matr\u00edculas remanescentes, aquelas n\u00e3o preenchidas ao longo do processo, continuam abertas.<\/p>\n<p style=\"font-weight: 400; text-align: justify;\">\n","protected":false},"excerpt":{"rendered":"<p>Entre os dias 17 e 24 de novembro, a Prefeitura de Petrolina, por meio da Secretaria de Educa\u00e7\u00e3o, Cultura e Esportes, inicia a segunda fase para efetiva\u00e7\u00e3o das matr\u00edculas 2023 da rede municipal de ensino: a transfer\u00eancia interna dos alunos da Educa\u00e7\u00e3o Infantil ao 2\u00ba ano do Ensino Fundamental. Assim, os pais, m\u00e3es ou respons\u00e1veis [&hellip;]<\/p>\n","protected":false},"author":1,"featured_media":45567,"comment_status":"closed","ping_status":"open","sticky":false,"template":"","format":"standard","meta":{"_uag_custom_page_level_css":"","_monsterinsights_skip_tracking":false,"_monsterinsights_sitenote_active":false,"_monsterinsights_sitenote_note":"","_monsterinsights_sitenote_category":0,"jetpack_post_was_ever_published":false,"_jetpack_newsletter_access":"","_jetpack_dont_email_post_to_subs":false,"_jetpack_newsletter_tier_id":0,"_jetpack_memberships_contains_paywalled_content":false,"_jetpack_memberships_contains_paid_content":false,"footnotes":"","jetpack_publicize_message":"","jetpack_publicize_feature_enabled":true,"jetpack_social_post_already_shared":true,"jetpack_social_options":{"image_generator_settings":{"template":"highway","default_image_id":0,"font":"","enabled":false},"version":2}},"categories":[209],"tags":[58],"class_list":["post-45566","post","type-post","status-publish","format-standard","has-post-thumbnail","hentry","category-educacao","tag-petrolina"],"jetpack_publicize_connections":[],"jetpack_featured_media_url":"https:\/\/blogopara.com.br\/wp-content\/uploads\/2022\/11\/matriculas2.jpg","uagb_featured_image_src":{"full":["https:\/\/blogopara.com.br\/wp-content\/uploads\/2022\/11\/matriculas2.jpg",500,333,false],"thumbnail":["https:\/\/blogopara.com.br\/wp-content\/uploads\/2022\/11\/matriculas2-150x150.jpg",150,150,true],"medium":["https:\/\/blogopara.com.br\/wp-content\/uploads\/2022\/11\/matriculas2-300x200.jpg",300,200,true],"medium_large":["https:\/\/blogopara.com.br\/wp-content\/uploads\/2022\/11\/matriculas2.jpg",500,333,false],"large":["https:\/\/blogopara.com.br\/wp-content\/uploads\/2022\/11\/matriculas2.jpg",500,333,false],"1536x1536":["https:\/\/blogopara.com.br\/wp-content\/uploads\/2022\/11\/matriculas2.jpg",500,333,false],"2048x2048":["https:\/\/blogopara.com.br\/wp-content\/uploads\/2022\/11\/matriculas2.jpg",500,333,false],"mantranews-slider-large":["https:\/\/blogopara.com.br\/wp-content\/uploads\/2022\/11\/matriculas2.jpg",500,333,false],"mantranews-featured-medium":["https:\/\/blogopara.com.br\/wp-content\/uploads\/2022\/11\/matriculas2-420x307.jpg",420,307,true],"mantranews-featured-long":["https:\/\/blogopara.com.br\/wp-content\/uploads\/2022\/11\/matriculas2-300x333.jpg",300,333,true],"mantranews-block-medium":["https:\/\/blogopara.com.br\/wp-content\/uploads\/2022\/11\/matriculas2-464x290.jpg",464,290,true],"mantranews-carousel-image":["https:\/\/blogopara.com.br\/wp-content\/uploads\/2022\/11\/matriculas2.jpg",500,333,false],"mantranews-block-thumb":["https:\/\/blogopara.com.br\/wp-content\/uploads\/2022\/11\/matriculas2-322x230.jpg",322,230,true],"mantranews-single-large":["https:\/\/blogopara.com.br\/wp-content\/uploads\/2022\/11\/matriculas2.jpg",500,333,false]},"uagb_author_info":{"display_name":"Reda\u00e7\u00e3o geral","author_link":"https:\/\/blogopara.com.br\/index.php\/author\/blogopara"},"uagb_comment_info":0,"uagb_excerpt":"Entre os dias 17 e 24 de novembro, a Prefeitura de Petrolina, por meio da Secretaria de Educa\u00e7\u00e3o, Cultura e Esportes, inicia a segunda fase para efetiva\u00e7\u00e3o das matr\u00edculas 2023 da rede municipal de ensino: a transfer\u00eancia interna dos alunos da Educa\u00e7\u00e3o Infantil ao 2\u00ba ano do Ensino Fundamental. Assim, os pais, m\u00e3es ou respons\u00e1veis&hellip;","jetpack_sharing_enabled":true,"jetpack_likes_enabled":true,"_links":{"self":[{"href":"https:\/\/blogopara.com.br\/index.php\/wp-json\/wp\/v2\/posts\/45566","targetHints":{"allow":["GET"]}}],"collection":[{"href":"https:\/\/blogopara.com.br\/index.php\/wp-json\/wp\/v2\/posts"}],"about":[{"href":"https:\/\/blogopara.com.br\/index.php\/wp-json\/wp\/v2\/types\/post"}],"author":[{"embeddable":true,"href":"https:\/\/blogopara.com.br\/index.php\/wp-json\/wp\/v2\/users\/1"}],"replies":[{"embeddable":true,"href":"https:\/\/blogopara.com.br\/index.php\/wp-json\/wp\/v2\/comments?post=45566"}],"version-history":[{"count":1,"href":"https:\/\/blogopara.com.br\/index.php\/wp-json\/wp\/v2\/posts\/45566\/revisions"}],"predecessor-version":[{"id":45568,"href":"https:\/\/blogopara.com.br\/index.php\/wp-json\/wp\/v2\/posts\/45566\/revisions\/45568"}],"wp:featuredmedia":[{"embeddable":true,"href":"https:\/\/blogopara.com.br\/index.php\/wp-json\/wp\/v2\/media\/45567"}],"wp:attachment":[{"href":"https:\/\/blogopara.com.br\/index.php\/wp-json\/wp\/v2\/media?parent=45566"}],"wp:term":[{"taxonomy":"category","embeddable":true,"href":"https:\/\/blogopara.com.br\/index.php\/wp-json\/wp\/v2\/categories?post=45566"},{"taxonomy":"post_tag","embeddable":true,"href":"https:\/\/blogopara.com.br\/index.php\/wp-json\/wp\/v2\/tags?post=45566"}],"curies":[{"name":"wp","href":"https:\/\/api.w.org\/{rel}","templated":true}]}}