{"id":45579,"date":"2022-11-15T10:45:00","date_gmt":"2022-11-15T13:45:00","guid":{"rendered":"https:\/\/blogopara.com.br\/?p=45579"},"modified":"2022-11-14T22:24:55","modified_gmt":"2022-11-15T01:24:55","slug":"vice-presidente-eleito-anuncia-mais-61-nomes-da-equipe-de-transicao","status":"publish","type":"post","link":"https:\/\/blogopara.com.br\/index.php\/2022\/11\/15\/vice-presidente-eleito-anuncia-mais-61-nomes-da-equipe-de-transicao","title":{"rendered":"Vice-presidente eleito anuncia mais 61 nomes da equipe de transi\u00e7\u00e3o"},"content":{"rendered":"<p style=\"text-align: justify;\">O vice-presidente eleito, Geraldo Alckmin (PSB), coordenador-geral do Gabinete de Transi\u00e7\u00e3o, anunciou hoje (14) 61 novos nomes que v\u00e3o integrar as equipes de transi\u00e7\u00e3o para o futuro governo. Eles v\u00e3o fazer parte de seis grupos tem\u00e1ticos: Educa\u00e7\u00e3o, Esporte, Infraestrutura, Juventudes, Cidades e Cultura. Foram anunciados tamb\u00e9m integrantes do subgrupo Inf\u00e2ncia, dentro do grupo Direitos Humanos.<\/p>\n<p style=\"text-align: justify;\">Ao todo, 31 grupos t\u00e9cnicos v\u00e3o debater e produzir subs\u00eddios para elabora\u00e7\u00e3o de um relat\u00f3rio final de transi\u00e7\u00e3o que ser\u00e1 entregue em dezembro ao presidente e vice eleitos e ministros indicados. Confira abaixo os nomes anunciados hoje, durante coletiva de imprensa. Alckmin destacou que espera concluir a indica\u00e7\u00e3o dos nomes de todos grupos na quarta-feira (16) em Bras\u00edlia.<\/p>\n<p style=\"text-align: justify;\">At\u00e9 este domingo, foram publicados no Di\u00e1rio Oficial da Uni\u00e3o os integrantes de oito grupos t\u00e9cnicos: Economia; Desenvolvimento Social e Combate \u00e0 Fome; Ind\u00fastria, Com\u00e9rcio e Servi\u00e7os\/Pequena Empresa; Mulheres; Igualdade Racial; Direitos Humanos; Planejamento, Or\u00e7amento e Gest\u00e3o; e Comunica\u00e7\u00f5es.<\/p>\n<p style=\"text-align: justify;\">Durante a coletiva, Alckmin informou ainda que o gabinete est\u00e1 solicitando ao governo federal relat\u00f3rios completos do Projeto de Monitoramento do Desmatamento na Amaz\u00f4nia Legal por Sat\u00e9lite (Prodes), incluindo Amaz\u00f4nia e Cerrado, referentes a agosto de 2021 a julho de 2022. \u201cPara que possamos analisar as informa\u00e7\u00f5es que trazem e possamos tomar as medidas necess\u00e1rias nos nossos planos imediatos. H\u00e1 informa\u00e7\u00e3o de que esses n\u00fameros j\u00e1 existem e h\u00e1 necessidade de que sejam informados\u201d, apontou.<\/p>\n<p style=\"text-align: justify;\">O coordenador-geral do Gabinete da Transi\u00e7\u00e3o tamb\u00e9m destacou que os grupos t\u00e9cnicos n\u00e3o precisam ficar limitados aos nomes que foram indicados at\u00e9 o momento. \u201cEles v\u00e3o come\u00e7ar a trabalhar e podem convidar outras pessoas. Eles t\u00eam uma liberdade de a\u00e7\u00e3o. \u00c9 pra levantar dados, n\u00f3s vamos receber na quarta-feira um relat\u00f3rio completo do presidente do TCU [Tribunal de Contas da Uni\u00e3o], o Bruno Dantas, e o trabalho desses grupos \u00e9 a prepara\u00e7\u00e3o da transi\u00e7\u00e3o para o novo governo.\u201d<\/p>\n<p style=\"text-align: justify;\"><strong>Confira a lista de nomes anunciados hoje:<\/strong><\/p>\n<p style=\"text-align: justify;\"><strong>Educa\u00e7\u00e3o<\/strong><\/p>\n<p style=\"text-align: justify;\">Andressa Pellanda, coordenadora-geral da Campanha Nacional pelo Direito \u00e0 Educa\u00e7\u00e3o;<br \/>\nAlexandre Scheiner, ex-secret\u00e1rio municipal de Educa\u00e7\u00e3o S\u00e3o Paulo;<br \/>\nBinho Marques, ex-governador do Acre;<br \/>\nClaudio Alex, presidente do Conif e reitor do Instituto Federal do Par\u00e1 (IFPA);<br \/>\nHeleno Ara\u00fajo, presidente da Confedera\u00e7\u00e3o Nacional dos Trabalhadores em Educa\u00e7\u00e3o (CNTE);<br \/>\nHenrique Paim, ex-ministro da Educa\u00e7\u00e3o;<br \/>\nMaca\u00e9 Evaristo, ex-secret\u00e1ria municipal de Belo Horizonte e secret\u00e1ria estadual de Educa\u00e7\u00e3o de Minas Gerais, deputada estadual eleita;<br \/>\nMaria Alice Neca Set\u00fabal, presidente do Conselho Consultivo da Funda\u00e7\u00e3o Tide Set\u00fabal;<br \/>\nPaulo Gabriel, ex-reitor UFRBA e presidente do Conselho Estadual de Educa\u00e7\u00e3o da Bahia;<br \/>\nPriscila Cruz, presidente executiva do Todos pela Educa\u00e7\u00e3o;<br \/>\nRicardo Marcelo Fonseca, presidente da Associa\u00e7\u00e3o Nacional dos Dirigentes das Institui\u00e7\u00f5es Federais de Ensino Superior (Andifes) e reitor Universidade Federal Paran\u00e1;<br \/>\nRosa Neide, ex-secret\u00e1ria de Educa\u00e7\u00e3o do Mato Grosso e deputada federal;<br \/>\nTeresa Leit\u00e3o, professora, ex-deputada estadual e senadora eleita por Pernambuco; e<br \/>\nVeveu Arruda, ex-prefeito Sobral do Cear\u00e1.<\/p>\n","protected":false},"excerpt":{"rendered":"<p>O vice-presidente eleito, Geraldo Alckmin (PSB), coordenador-geral do Gabinete de Transi\u00e7\u00e3o, anunciou hoje (14) 61 novos nomes que v\u00e3o integrar as equipes de transi\u00e7\u00e3o para o futuro governo. Eles v\u00e3o fazer parte de seis grupos tem\u00e1ticos: Educa\u00e7\u00e3o, Esporte, Infraestrutura, Juventudes, Cidades e Cultura. Foram anunciados tamb\u00e9m integrantes do subgrupo Inf\u00e2ncia, dentro do grupo Direitos Humanos. [&hellip;]<\/p>\n","protected":false},"author":1,"featured_media":30353,"comment_status":"closed","ping_status":"open","sticky":false,"template":"","format":"standard","meta":{"_uag_custom_page_level_css":"","_monsterinsights_skip_tracking":false,"_monsterinsights_sitenote_active":false,"_monsterinsights_sitenote_note":"","_monsterinsights_sitenote_category":0,"jetpack_post_was_ever_published":false,"_jetpack_newsletter_access":"","_jetpack_dont_email_post_to_subs":false,"_jetpack_newsletter_tier_id":0,"_jetpack_memberships_contains_paywalled_content":false,"_jetpack_memberships_contains_paid_content":false,"footnotes":"","jetpack_publicize_message":"","jetpack_publicize_feature_enabled":true,"jetpack_social_post_already_shared":true,"jetpack_social_options":{"image_generator_settings":{"template":"highway","default_image_id":0,"font":"","enabled":false},"version":2}},"categories":[197],"tags":[1327],"class_list":["post-45579","post","type-post","status-publish","format-standard","has-post-thumbnail","hentry","category-politica","tag-eleicoes-2022"],"jetpack_publicize_connections":[],"jetpack_featured_media_url":"https:\/\/blogopara.com.br\/wp-content\/uploads\/2021\/11\/lula-geraldo-alckmin.jpg","uagb_featured_image_src":{"full":["https:\/\/blogopara.com.br\/wp-content\/uploads\/2021\/11\/lula-geraldo-alckmin.jpg",500,370,false],"thumbnail":["https:\/\/blogopara.com.br\/wp-content\/uploads\/2021\/11\/lula-geraldo-alckmin-150x150.jpg",150,150,true],"medium":["https:\/\/blogopara.com.br\/wp-content\/uploads\/2021\/11\/lula-geraldo-alckmin-300x222.jpg",300,222,true],"medium_large":["https:\/\/blogopara.com.br\/wp-content\/uploads\/2021\/11\/lula-geraldo-alckmin.jpg",500,370,false],"large":["https:\/\/blogopara.com.br\/wp-content\/uploads\/2021\/11\/lula-geraldo-alckmin.jpg",500,370,false],"1536x1536":["https:\/\/blogopara.com.br\/wp-content\/uploads\/2021\/11\/lula-geraldo-alckmin.jpg",500,370,false],"2048x2048":["https:\/\/blogopara.com.br\/wp-content\/uploads\/2021\/11\/lula-geraldo-alckmin.jpg",500,370,false],"mantranews-slider-large":["https:\/\/blogopara.com.br\/wp-content\/uploads\/2021\/11\/lula-geraldo-alckmin.jpg",500,370,false],"mantranews-featured-medium":["https:\/\/blogopara.com.br\/wp-content\/uploads\/2021\/11\/lula-geraldo-alckmin-420x307.jpg",420,307,true],"mantranews-featured-long":["https:\/\/blogopara.com.br\/wp-content\/uploads\/2021\/11\/lula-geraldo-alckmin-300x370.jpg",300,370,true],"mantranews-block-medium":["https:\/\/blogopara.com.br\/wp-content\/uploads\/2021\/11\/lula-geraldo-alckmin-464x290.jpg",464,290,true],"mantranews-carousel-image":["https:\/\/blogopara.com.br\/wp-content\/uploads\/2021\/11\/lula-geraldo-alckmin.jpg",500,370,false],"mantranews-block-thumb":["https:\/\/blogopara.com.br\/wp-content\/uploads\/2021\/11\/lula-geraldo-alckmin-322x230.jpg",322,230,true],"mantranews-single-large":["https:\/\/blogopara.com.br\/wp-content\/uploads\/2021\/11\/lula-geraldo-alckmin.jpg",500,370,false]},"uagb_author_info":{"display_name":"Reda\u00e7\u00e3o geral","author_link":"https:\/\/blogopara.com.br\/index.php\/author\/blogopara"},"uagb_comment_info":0,"uagb_excerpt":"O vice-presidente eleito, Geraldo Alckmin (PSB), coordenador-geral do Gabinete de Transi\u00e7\u00e3o, anunciou hoje (14) 61 novos nomes que v\u00e3o integrar as equipes de transi\u00e7\u00e3o para o futuro governo. Eles v\u00e3o fazer parte de seis grupos tem\u00e1ticos: Educa\u00e7\u00e3o, Esporte, Infraestrutura, Juventudes, Cidades e Cultura. Foram anunciados tamb\u00e9m integrantes do subgrupo Inf\u00e2ncia, dentro do grupo Direitos Humanos.&hellip;","jetpack_sharing_enabled":true,"jetpack_likes_enabled":true,"_links":{"self":[{"href":"https:\/\/blogopara.com.br\/index.php\/wp-json\/wp\/v2\/posts\/45579","targetHints":{"allow":["GET"]}}],"collection":[{"href":"https:\/\/blogopara.com.br\/index.php\/wp-json\/wp\/v2\/posts"}],"about":[{"href":"https:\/\/blogopara.com.br\/index.php\/wp-json\/wp\/v2\/types\/post"}],"author":[{"embeddable":true,"href":"https:\/\/blogopara.com.br\/index.php\/wp-json\/wp\/v2\/users\/1"}],"replies":[{"embeddable":true,"href":"https:\/\/blogopara.com.br\/index.php\/wp-json\/wp\/v2\/comments?post=45579"}],"version-history":[{"count":1,"href":"https:\/\/blogopara.com.br\/index.php\/wp-json\/wp\/v2\/posts\/45579\/revisions"}],"predecessor-version":[{"id":45580,"href":"https:\/\/blogopara.com.br\/index.php\/wp-json\/wp\/v2\/posts\/45579\/revisions\/45580"}],"wp:featuredmedia":[{"embeddable":true,"href":"https:\/\/blogopara.com.br\/index.php\/wp-json\/wp\/v2\/media\/30353"}],"wp:attachment":[{"href":"https:\/\/blogopara.com.br\/index.php\/wp-json\/wp\/v2\/media?parent=45579"}],"wp:term":[{"taxonomy":"category","embeddable":true,"href":"https:\/\/blogopara.com.br\/index.php\/wp-json\/wp\/v2\/categories?post=45579"},{"taxonomy":"post_tag","embeddable":true,"href":"https:\/\/blogopara.com.br\/index.php\/wp-json\/wp\/v2\/tags?post=45579"}],"curies":[{"name":"wp","href":"https:\/\/api.w.org\/{rel}","templated":true}]}}