{"id":45585,"date":"2022-11-15T15:46:00","date_gmt":"2022-11-15T18:46:00","guid":{"rendered":"https:\/\/blogopara.com.br\/?p=45585"},"modified":"2022-11-15T11:49:45","modified_gmt":"2022-11-15T14:49:45","slug":"secretaria-de-saude-realiza-acoes-educativas-e-de-combate-ao-mosquito-aedes-aegypti-em-juazeiro","status":"publish","type":"post","link":"https:\/\/blogopara.com.br\/index.php\/2022\/11\/15\/secretaria-de-saude-realiza-acoes-educativas-e-de-combate-ao-mosquito-aedes-aegypti-em-juazeiro","title":{"rendered":"Secretaria de Sa\u00fade realiza a\u00e7\u00f5es educativas e de combate ao mosquito Aedes aegypti em Juazeiro"},"content":{"rendered":"<p dir=\"ltr\" style=\"text-align: justify;\">O per\u00edodo de chuvas acende um alerta quanto a prolifera\u00e7\u00e3o do mosquito Aedes aegypti em todo o pa\u00eds. Eles s\u00e3o respons\u00e1veis por transmitir as arboviroses da dengue, chikungunya e zika v\u00edrus. Em Juazeiro, a Prefeitura Municipal p\u00f5e em pr\u00e1tica um plano de a\u00e7\u00f5es que envolvem a participa\u00e7\u00e3o popular com os agentes de endemias da Secretaria de Sa\u00fade, na realiza\u00e7\u00e3o de mutir\u00f5es de visitas em pontos estrat\u00e9gicos da cidade.<\/p>\n<p dir=\"ltr\" style=\"text-align: justify;\">\n<p dir=\"ltr\" style=\"text-align: justify;\">As atividades come\u00e7ar\u00e3o na EMEI Maria J\u00falia Rodrigues Tanuri, no bairro Dom Tomaz nos dias 16 e 17 de novembro, \u00e0s 08h30 e 14h30, respectivamente. Atrav\u00e9s de palestras educativas, os profissionais de sa\u00fade levar\u00e3o informa\u00e7\u00f5es sobre os perigos das arboviroses e formas de preven\u00e7\u00e3o \u00e0s crian\u00e7as da rede municipal. J\u00e1 no dia 18, ocorrer\u00e1 o \u2018Dia D\u2019 com mutir\u00e3o de visitas domiciliares e bloqueio focal no bairro Ant\u00f4nio Guilhermino e palestra l\u00fadica na EMEI Dilma Calmon Oliveira, no bairro Alto do Quid\u00e9, \u00e0s 08h30.<\/p>\n<p dir=\"ltr\" style=\"text-align: justify;\">\n<p dir=\"ltr\" style=\"text-align: justify;\">Para o supervisor do N\u00facleo de Endemias da Secretaria de Sa\u00fade, Diego Alves da Silva, o trabalho desenvolvido pela gest\u00e3o tem tido uma boa ades\u00e3o da comunidade. <i>&#8220;Os agentes de endemias fazem visitas domiciliares regularmente e tem percebido que muitas pessoas est\u00e3o se dedicando mais ao combate do mosquito. Mas pedimos que a popula\u00e7\u00e3o se una aos nossos esfor\u00e7os, porque todos precisam fazer a sua parte&#8221;<\/i>, falou.<\/p>\n<p dir=\"ltr\" style=\"text-align: justify;\">\n<p dir=\"ltr\" style=\"text-align: justify;\">O N\u00facleo de Combate \u00e0s Endemias \u00e9 o respons\u00e1vel pelos trabalhos de controle e preven\u00e7\u00e3o dessas arboviroses, disponibilizando cerca de 80 servidores para cobrir as \u00e1reas da zona urbana e interior de Juazeiro, periodicamente. Infelizmente, diante do cen\u00e1rio de chuvas, os n\u00fameros de notifica\u00e7\u00f5es aumentam. <i>&#8220;Estamos num per\u00edodo\u00a0 de chuvas na regi\u00e3o, a popula\u00e7\u00e3o mais tempo em casa, o descarte irregular de lixo, entre outros fatores, propiciam o surgimento dessas doen\u00e7as\/arboviroses. Nosso trabalho de combate \u00e9 composto por a\u00e7\u00f5es educativas, mutir\u00f5es de visita domiciliar em locais com maiores \u00edndices de infesta\u00e7\u00e3o, realiza\u00e7\u00e3o de pulveriza\u00e7\u00e3o com o apoio do N\u00facleo Regional de Sa\u00fade Norte, e o bloqueio em pontos estrat\u00e9gicos como: borracharias, sucat\u00f5es, entre outros&#8221;<\/i>, explicou a superintendente da Vigil\u00e2ncia em Sa\u00fade de Juazeiro, Caroline Moraes.<\/p>\n<p dir=\"ltr\" style=\"text-align: justify;\"><b>\u2018Dengue Zap\u2019<\/b><\/p>\n<p dir=\"ltr\" style=\"text-align: justify;\">Como forma de agilizar o atendimento de demandas relacionadas ao mosquito Aedes aegypti, a Sesau disponibiliza o servi\u00e7o &#8216;Dengue Zap&#8217; (74 98827-9832). Nele \u00e9 poss\u00edvel indicar a exist\u00eancia de locais que possam servir de criadouros para o mosquito.<\/p>\n<p dir=\"ltr\" style=\"text-align: justify;\"><b>Lei municipal<\/b><\/p>\n<p dir=\"ltr\" style=\"text-align: justify;\">No ano de 2017, foi institu\u00eddo em \u00e2mbito municipal a lei 3.368 &#8211; da Semana Municipal de Preven\u00e7\u00e3o \u00e0s Doen\u00e7as Exantem\u00e1ticas, a ser comemorada anualmente na terceira semana de novembro, em alus\u00e3o ao Dia Nacional de Combate \u00e0 Dengue (19 de novembro).<\/p>\n<p style=\"text-align: justify;\">\n","protected":false},"excerpt":{"rendered":"<p>O per\u00edodo de chuvas acende um alerta quanto a prolifera\u00e7\u00e3o do mosquito Aedes aegypti em todo o pa\u00eds. Eles s\u00e3o respons\u00e1veis por transmitir as arboviroses da dengue, chikungunya e zika v\u00edrus. Em Juazeiro, a Prefeitura Municipal p\u00f5e em pr\u00e1tica um plano de a\u00e7\u00f5es que envolvem a participa\u00e7\u00e3o popular com os agentes de endemias da Secretaria [&hellip;]<\/p>\n","protected":false},"author":1,"featured_media":45586,"comment_status":"closed","ping_status":"open","sticky":false,"template":"","format":"standard","meta":{"_uag_custom_page_level_css":"","_monsterinsights_skip_tracking":false,"_monsterinsights_sitenote_active":false,"_monsterinsights_sitenote_note":"","_monsterinsights_sitenote_category":0,"jetpack_post_was_ever_published":false,"_jetpack_newsletter_access":"","_jetpack_dont_email_post_to_subs":false,"_jetpack_newsletter_tier_id":0,"_jetpack_memberships_contains_paywalled_content":false,"_jetpack_memberships_contains_paid_content":false,"footnotes":"","jetpack_publicize_message":"","jetpack_publicize_feature_enabled":true,"jetpack_social_post_already_shared":true,"jetpack_social_options":{"image_generator_settings":{"template":"highway","default_image_id":0,"font":"","enabled":false},"version":2}},"categories":[203],"tags":[340,815,536],"class_list":["post-45585","post","type-post","status-publish","format-standard","has-post-thumbnail","hentry","category-juazeiro","tag-prefeitura-de-juazeiro","tag-saude-publica","tag-sesau"],"jetpack_publicize_connections":[],"jetpack_featured_media_url":"https:\/\/blogopara.com.br\/wp-content\/uploads\/2022\/11\/3.jpg","uagb_featured_image_src":{"full":["https:\/\/blogopara.com.br\/wp-content\/uploads\/2022\/11\/3.jpg",500,333,false],"thumbnail":["https:\/\/blogopara.com.br\/wp-content\/uploads\/2022\/11\/3-150x150.jpg",150,150,true],"medium":["https:\/\/blogopara.com.br\/wp-content\/uploads\/2022\/11\/3-300x200.jpg",300,200,true],"medium_large":["https:\/\/blogopara.com.br\/wp-content\/uploads\/2022\/11\/3.jpg",500,333,false],"large":["https:\/\/blogopara.com.br\/wp-content\/uploads\/2022\/11\/3.jpg",500,333,false],"1536x1536":["https:\/\/blogopara.com.br\/wp-content\/uploads\/2022\/11\/3.jpg",500,333,false],"2048x2048":["https:\/\/blogopara.com.br\/wp-content\/uploads\/2022\/11\/3.jpg",500,333,false],"mantranews-slider-large":["https:\/\/blogopara.com.br\/wp-content\/uploads\/2022\/11\/3.jpg",500,333,false],"mantranews-featured-medium":["https:\/\/blogopara.com.br\/wp-content\/uploads\/2022\/11\/3-420x307.jpg",420,307,true],"mantranews-featured-long":["https:\/\/blogopara.com.br\/wp-content\/uploads\/2022\/11\/3-300x333.jpg",300,333,true],"mantranews-block-medium":["https:\/\/blogopara.com.br\/wp-content\/uploads\/2022\/11\/3-464x290.jpg",464,290,true],"mantranews-carousel-image":["https:\/\/blogopara.com.br\/wp-content\/uploads\/2022\/11\/3.jpg",500,333,false],"mantranews-block-thumb":["https:\/\/blogopara.com.br\/wp-content\/uploads\/2022\/11\/3-322x230.jpg",322,230,true],"mantranews-single-large":["https:\/\/blogopara.com.br\/wp-content\/uploads\/2022\/11\/3.jpg",500,333,false]},"uagb_author_info":{"display_name":"Reda\u00e7\u00e3o geral","author_link":"https:\/\/blogopara.com.br\/index.php\/author\/blogopara"},"uagb_comment_info":0,"uagb_excerpt":"O per\u00edodo de chuvas acende um alerta quanto a prolifera\u00e7\u00e3o do mosquito Aedes aegypti em todo o pa\u00eds. Eles s\u00e3o respons\u00e1veis por transmitir as arboviroses da dengue, chikungunya e zika v\u00edrus. Em Juazeiro, a Prefeitura Municipal p\u00f5e em pr\u00e1tica um plano de a\u00e7\u00f5es que envolvem a participa\u00e7\u00e3o popular com os agentes de endemias da Secretaria&hellip;","jetpack_sharing_enabled":true,"jetpack_likes_enabled":true,"_links":{"self":[{"href":"https:\/\/blogopara.com.br\/index.php\/wp-json\/wp\/v2\/posts\/45585","targetHints":{"allow":["GET"]}}],"collection":[{"href":"https:\/\/blogopara.com.br\/index.php\/wp-json\/wp\/v2\/posts"}],"about":[{"href":"https:\/\/blogopara.com.br\/index.php\/wp-json\/wp\/v2\/types\/post"}],"author":[{"embeddable":true,"href":"https:\/\/blogopara.com.br\/index.php\/wp-json\/wp\/v2\/users\/1"}],"replies":[{"embeddable":true,"href":"https:\/\/blogopara.com.br\/index.php\/wp-json\/wp\/v2\/comments?post=45585"}],"version-history":[{"count":1,"href":"https:\/\/blogopara.com.br\/index.php\/wp-json\/wp\/v2\/posts\/45585\/revisions"}],"predecessor-version":[{"id":45587,"href":"https:\/\/blogopara.com.br\/index.php\/wp-json\/wp\/v2\/posts\/45585\/revisions\/45587"}],"wp:featuredmedia":[{"embeddable":true,"href":"https:\/\/blogopara.com.br\/index.php\/wp-json\/wp\/v2\/media\/45586"}],"wp:attachment":[{"href":"https:\/\/blogopara.com.br\/index.php\/wp-json\/wp\/v2\/media?parent=45585"}],"wp:term":[{"taxonomy":"category","embeddable":true,"href":"https:\/\/blogopara.com.br\/index.php\/wp-json\/wp\/v2\/categories?post=45585"},{"taxonomy":"post_tag","embeddable":true,"href":"https:\/\/blogopara.com.br\/index.php\/wp-json\/wp\/v2\/tags?post=45585"}],"curies":[{"name":"wp","href":"https:\/\/api.w.org\/{rel}","templated":true}]}}