{"id":45673,"date":"2022-11-16T19:00:00","date_gmt":"2022-11-16T22:00:00","guid":{"rendered":"https:\/\/blogopara.com.br\/?p=45673"},"modified":"2022-11-16T13:48:50","modified_gmt":"2022-11-16T16:48:50","slug":"mais-uma-edicao-do-cafe-prosa-acontece-nessa-quinta-feira-17-no-sesc-petrolina","status":"publish","type":"post","link":"https:\/\/blogopara.com.br\/index.php\/2022\/11\/16\/mais-uma-edicao-do-cafe-prosa-acontece-nessa-quinta-feira-17-no-sesc-petrolina","title":{"rendered":"Mais uma edi\u00e7\u00e3o do CAF\u00c9 &#038; PROSA acontece nessa quinta-feira (17) no Sesc-Petrolina"},"content":{"rendered":"<p style=\"font-weight: 400; text-align: justify;\">No dia\u00a0<strong>17 de novembro (quinta-feira), \u00e0s 19h,<\/strong>\u00a0vai acontecer mais uma edi\u00e7\u00e3o do Caf\u00e9 &amp; Prosa, com a participa\u00e7\u00e3o da autora Lu\u00e1dia Mabel e a organizadora Raylane Nayara, do livro \u201c<strong>Tessituras Narrativas: A produ\u00e7\u00e3o liter\u00e1ria de mulheres negras no sert\u00e3o do S\u00e3o Francisco<\/strong>\u201d.<\/p>\n<p style=\"font-weight: 400; text-align: justify;\">\u00a0O projeto Caf\u00e9 &amp; Prosa busca muito mais do que reunir leitores e escritores. \u00c9 um espa\u00e7o de fala, de escuta e de troca de conhecimentos, que tem como proposta, criar momentos em que os participantes possam partilhar suas impress\u00f5es, experi\u00eancias e conhecer o trabalho dos autores da cidade de Petrolina\/PE e de outras cidades vizinhas.\u00a0O\u00a0<strong>Caf\u00e9 &amp; Prosa \u00e9 gratuito<\/strong>\u00a0e est\u00e1 aberto para toda a nossa comunidade. Esperamos por voc\u00eas.\u00a0<\/p>\n<p style=\"font-weight: 400; text-align: justify;\"><strong>\u00a0<\/strong>Sobre o livro:\u00a0<\/p>\n<p style=\"font-weight: 400; text-align: justify;\">Escritas insurgentes. Po\u00e9ticas embebecidas de pretitude, com nuances de uma est\u00e9tica ancestral poderosa. Tessituras Narrativas \u2013 A Produ\u00e7\u00e3o Liter\u00e1ria de Mulheres Negras no Sert\u00e3o do S\u00e3o Francisco \u00e9 um lugar de afirma\u00e7\u00e3o de uma identidade historicamente negada pelo racismo estrutural, sobre o qual se construiu o Brasil. Neste lugar, as teias costuram uma tez negra, um tecido po\u00e9tico onde as experi\u00eancias das autoras insurgem em versos, prosas e poemas, que se imp\u00f5em para destruir os velhos pilares coloniais da escrita.\u00a0<\/p>\n\n\n<p><\/p>\n","protected":false},"excerpt":{"rendered":"<p>No dia\u00a017 de novembro (quinta-feira), \u00e0s 19h,\u00a0vai acontecer mais uma edi\u00e7\u00e3o do Caf\u00e9 &amp; Prosa, com a participa\u00e7\u00e3o da autora Lu\u00e1dia Mabel e a organizadora Raylane Nayara, do livro \u201cTessituras Narrativas: A produ\u00e7\u00e3o liter\u00e1ria de mulheres negras no sert\u00e3o do S\u00e3o Francisco\u201d. \u00a0O projeto Caf\u00e9 &amp; Prosa busca muito mais do que reunir leitores e [&hellip;]<\/p>\n","protected":false},"author":1,"featured_media":45675,"comment_status":"closed","ping_status":"open","sticky":false,"template":"","format":"standard","meta":{"_uag_custom_page_level_css":"","_monsterinsights_skip_tracking":false,"_monsterinsights_sitenote_active":false,"_monsterinsights_sitenote_note":"","_monsterinsights_sitenote_category":0,"jetpack_post_was_ever_published":false,"_jetpack_newsletter_access":"","_jetpack_dont_email_post_to_subs":false,"_jetpack_newsletter_tier_id":0,"_jetpack_memberships_contains_paywalled_content":false,"_jetpack_memberships_contains_paid_content":false,"footnotes":"","jetpack_publicize_message":"","jetpack_publicize_feature_enabled":true,"jetpack_social_post_already_shared":true,"jetpack_social_options":{"image_generator_settings":{"template":"highway","default_image_id":0,"font":"","enabled":false},"version":2}},"categories":[1784],"tags":[58,1827],"class_list":["post-45673","post","type-post","status-publish","format-standard","has-post-thumbnail","hentry","category-cultura-2","tag-petrolina","tag-sesc"],"jetpack_publicize_connections":[],"jetpack_featured_media_url":"https:\/\/blogopara.com.br\/wp-content\/uploads\/2022\/11\/Card-CafeProsa-Novembro_Prancheta-1-copia-1.png","uagb_featured_image_src":{"full":["https:\/\/blogopara.com.br\/wp-content\/uploads\/2022\/11\/Card-CafeProsa-Novembro_Prancheta-1-copia-1.png",500,499,false],"thumbnail":["https:\/\/blogopara.com.br\/wp-content\/uploads\/2022\/11\/Card-CafeProsa-Novembro_Prancheta-1-copia-1-150x150.png",150,150,true],"medium":["https:\/\/blogopara.com.br\/wp-content\/uploads\/2022\/11\/Card-CafeProsa-Novembro_Prancheta-1-copia-1-300x300.png",300,300,true],"medium_large":["https:\/\/blogopara.com.br\/wp-content\/uploads\/2022\/11\/Card-CafeProsa-Novembro_Prancheta-1-copia-1.png",500,499,false],"large":["https:\/\/blogopara.com.br\/wp-content\/uploads\/2022\/11\/Card-CafeProsa-Novembro_Prancheta-1-copia-1.png",500,499,false],"1536x1536":["https:\/\/blogopara.com.br\/wp-content\/uploads\/2022\/11\/Card-CafeProsa-Novembro_Prancheta-1-copia-1.png",500,499,false],"2048x2048":["https:\/\/blogopara.com.br\/wp-content\/uploads\/2022\/11\/Card-CafeProsa-Novembro_Prancheta-1-copia-1.png",500,499,false],"mantranews-slider-large":["https:\/\/blogopara.com.br\/wp-content\/uploads\/2022\/11\/Card-CafeProsa-Novembro_Prancheta-1-copia-1.png",500,499,false],"mantranews-featured-medium":["https:\/\/blogopara.com.br\/wp-content\/uploads\/2022\/11\/Card-CafeProsa-Novembro_Prancheta-1-copia-1-420x307.png",420,307,true],"mantranews-featured-long":["https:\/\/blogopara.com.br\/wp-content\/uploads\/2022\/11\/Card-CafeProsa-Novembro_Prancheta-1-copia-1-300x443.png",300,443,true],"mantranews-block-medium":["https:\/\/blogopara.com.br\/wp-content\/uploads\/2022\/11\/Card-CafeProsa-Novembro_Prancheta-1-copia-1-464x290.png",464,290,true],"mantranews-carousel-image":["https:\/\/blogopara.com.br\/wp-content\/uploads\/2022\/11\/Card-CafeProsa-Novembro_Prancheta-1-copia-1.png",500,499,false],"mantranews-block-thumb":["https:\/\/blogopara.com.br\/wp-content\/uploads\/2022\/11\/Card-CafeProsa-Novembro_Prancheta-1-copia-1-322x230.png",322,230,true],"mantranews-single-large":["https:\/\/blogopara.com.br\/wp-content\/uploads\/2022\/11\/Card-CafeProsa-Novembro_Prancheta-1-copia-1.png",500,499,false]},"uagb_author_info":{"display_name":"Reda\u00e7\u00e3o geral","author_link":"https:\/\/blogopara.com.br\/index.php\/author\/blogopara"},"uagb_comment_info":0,"uagb_excerpt":"No dia\u00a017 de novembro (quinta-feira), \u00e0s 19h,\u00a0vai acontecer mais uma edi\u00e7\u00e3o do Caf\u00e9 &amp; Prosa, com a participa\u00e7\u00e3o da autora Lu\u00e1dia Mabel e a organizadora Raylane Nayara, do livro \u201cTessituras Narrativas: A produ\u00e7\u00e3o liter\u00e1ria de mulheres negras no sert\u00e3o do S\u00e3o Francisco\u201d. \u00a0O projeto Caf\u00e9 &amp; Prosa busca muito mais do que reunir leitores e&hellip;","jetpack_sharing_enabled":true,"jetpack_likes_enabled":true,"_links":{"self":[{"href":"https:\/\/blogopara.com.br\/index.php\/wp-json\/wp\/v2\/posts\/45673","targetHints":{"allow":["GET"]}}],"collection":[{"href":"https:\/\/blogopara.com.br\/index.php\/wp-json\/wp\/v2\/posts"}],"about":[{"href":"https:\/\/blogopara.com.br\/index.php\/wp-json\/wp\/v2\/types\/post"}],"author":[{"embeddable":true,"href":"https:\/\/blogopara.com.br\/index.php\/wp-json\/wp\/v2\/users\/1"}],"replies":[{"embeddable":true,"href":"https:\/\/blogopara.com.br\/index.php\/wp-json\/wp\/v2\/comments?post=45673"}],"version-history":[{"count":1,"href":"https:\/\/blogopara.com.br\/index.php\/wp-json\/wp\/v2\/posts\/45673\/revisions"}],"predecessor-version":[{"id":45676,"href":"https:\/\/blogopara.com.br\/index.php\/wp-json\/wp\/v2\/posts\/45673\/revisions\/45676"}],"wp:featuredmedia":[{"embeddable":true,"href":"https:\/\/blogopara.com.br\/index.php\/wp-json\/wp\/v2\/media\/45675"}],"wp:attachment":[{"href":"https:\/\/blogopara.com.br\/index.php\/wp-json\/wp\/v2\/media?parent=45673"}],"wp:term":[{"taxonomy":"category","embeddable":true,"href":"https:\/\/blogopara.com.br\/index.php\/wp-json\/wp\/v2\/categories?post=45673"},{"taxonomy":"post_tag","embeddable":true,"href":"https:\/\/blogopara.com.br\/index.php\/wp-json\/wp\/v2\/tags?post=45673"}],"curies":[{"name":"wp","href":"https:\/\/api.w.org\/{rel}","templated":true}]}}