{"id":45708,"date":"2022-11-17T09:45:00","date_gmt":"2022-11-17T12:45:00","guid":{"rendered":"https:\/\/blogopara.com.br\/?p=45708"},"modified":"2022-11-16T21:20:46","modified_gmt":"2022-11-17T00:20:46","slug":"mourao-explica-ausencia-de-bolsonaro-no-planalto-esta-com-uma-ferida-na-perna","status":"publish","type":"post","link":"https:\/\/blogopara.com.br\/index.php\/2022\/11\/17\/mourao-explica-ausencia-de-bolsonaro-no-planalto-esta-com-uma-ferida-na-perna","title":{"rendered":"Mour\u00e3o explica aus\u00eancia de Bolsonaro no Planalto: &#8220;Est\u00e1 com uma ferida na perna&#8221;"},"content":{"rendered":"<p style=\"text-align: justify;\">Recluso no\u00a0<strong>Pal\u00e1cio da Alvorada<\/strong>\u00a0h\u00e1 duas semanas, desde que foi derrotado nas\u00a0<strong>elei\u00e7\u00f5es presidenciais<\/strong>, o presidente\u00a0<strong>Jair Bolsonaro\u00a0<\/strong>delegou ao seu vice,\u00a0<strong>Hamilton Mour\u00e3o<\/strong>, a tarefa de receber as cartas credenciais de embaixadores estrangeiros. A justificativa, segundo o\u00a0<strong>senador<\/strong>\u00a0eleito pelo\u00a0<strong>RS<\/strong>, \u00e9 de que o presidente est\u00e1 com uma\u00a0<strong>ferida na perna<\/strong>\u00a0que o impede de colocar uma cal\u00e7a.<\/p>\n<p style=\"text-align: justify;\">A cerim\u00f4nia, que geralmente conta com a participa\u00e7\u00e3o do chefe do Executivo, foi realizada na manh\u00e3 desta quarta-feira no Pal\u00e1cio do Planalto.<\/p>\n","protected":false},"excerpt":{"rendered":"<p>Recluso no\u00a0Pal\u00e1cio da Alvorada\u00a0h\u00e1 duas semanas, desde que foi derrotado nas\u00a0elei\u00e7\u00f5es presidenciais, o presidente\u00a0Jair Bolsonaro\u00a0delegou ao seu vice,\u00a0Hamilton Mour\u00e3o, a tarefa de receber as cartas credenciais de embaixadores estrangeiros. A justificativa, segundo o\u00a0senador\u00a0eleito pelo\u00a0RS, \u00e9 de que o presidente est\u00e1 com uma\u00a0ferida na perna\u00a0que o impede de colocar uma cal\u00e7a. A cerim\u00f4nia, que geralmente conta [&hellip;]<\/p>\n","protected":false},"author":1,"featured_media":45709,"comment_status":"closed","ping_status":"open","sticky":false,"template":"","format":"standard","meta":{"_uag_custom_page_level_css":"","_monsterinsights_skip_tracking":false,"_monsterinsights_sitenote_active":false,"_monsterinsights_sitenote_note":"","_monsterinsights_sitenote_category":0,"jetpack_post_was_ever_published":false,"_jetpack_newsletter_access":"","_jetpack_dont_email_post_to_subs":false,"_jetpack_newsletter_tier_id":0,"_jetpack_memberships_contains_paywalled_content":false,"_jetpack_memberships_contains_paid_content":false,"footnotes":"","jetpack_publicize_message":"","jetpack_publicize_feature_enabled":true,"jetpack_social_post_already_shared":true,"jetpack_social_options":{"image_generator_settings":{"template":"highway","default_image_id":0,"font":"","enabled":false},"version":2}},"categories":[197],"tags":[21],"class_list":["post-45708","post","type-post","status-publish","format-standard","has-post-thumbnail","hentry","category-politica","tag-bolsonaro"],"jetpack_publicize_connections":[],"jetpack_featured_media_url":"https:\/\/blogopara.com.br\/wp-content\/uploads\/2022\/11\/WhatsApp-Image-2022-11-16-at-21.11.53.jpg","uagb_featured_image_src":{"full":["https:\/\/blogopara.com.br\/wp-content\/uploads\/2022\/11\/WhatsApp-Image-2022-11-16-at-21.11.53.jpg",500,239,false],"thumbnail":["https:\/\/blogopara.com.br\/wp-content\/uploads\/2022\/11\/WhatsApp-Image-2022-11-16-at-21.11.53-150x150.jpg",150,150,true],"medium":["https:\/\/blogopara.com.br\/wp-content\/uploads\/2022\/11\/WhatsApp-Image-2022-11-16-at-21.11.53-300x143.jpg",300,143,true],"medium_large":["https:\/\/blogopara.com.br\/wp-content\/uploads\/2022\/11\/WhatsApp-Image-2022-11-16-at-21.11.53.jpg",500,239,false],"large":["https:\/\/blogopara.com.br\/wp-content\/uploads\/2022\/11\/WhatsApp-Image-2022-11-16-at-21.11.53.jpg",500,239,false],"1536x1536":["https:\/\/blogopara.com.br\/wp-content\/uploads\/2022\/11\/WhatsApp-Image-2022-11-16-at-21.11.53.jpg",500,239,false],"2048x2048":["https:\/\/blogopara.com.br\/wp-content\/uploads\/2022\/11\/WhatsApp-Image-2022-11-16-at-21.11.53.jpg",500,239,false],"mantranews-slider-large":["https:\/\/blogopara.com.br\/wp-content\/uploads\/2022\/11\/WhatsApp-Image-2022-11-16-at-21.11.53.jpg",500,239,false],"mantranews-featured-medium":["https:\/\/blogopara.com.br\/wp-content\/uploads\/2022\/11\/WhatsApp-Image-2022-11-16-at-21.11.53-420x239.jpg",420,239,true],"mantranews-featured-long":["https:\/\/blogopara.com.br\/wp-content\/uploads\/2022\/11\/WhatsApp-Image-2022-11-16-at-21.11.53-300x239.jpg",300,239,true],"mantranews-block-medium":["https:\/\/blogopara.com.br\/wp-content\/uploads\/2022\/11\/WhatsApp-Image-2022-11-16-at-21.11.53-464x239.jpg",464,239,true],"mantranews-carousel-image":["https:\/\/blogopara.com.br\/wp-content\/uploads\/2022\/11\/WhatsApp-Image-2022-11-16-at-21.11.53.jpg",500,239,false],"mantranews-block-thumb":["https:\/\/blogopara.com.br\/wp-content\/uploads\/2022\/11\/WhatsApp-Image-2022-11-16-at-21.11.53-322x230.jpg",322,230,true],"mantranews-single-large":["https:\/\/blogopara.com.br\/wp-content\/uploads\/2022\/11\/WhatsApp-Image-2022-11-16-at-21.11.53.jpg",500,239,false]},"uagb_author_info":{"display_name":"Reda\u00e7\u00e3o geral","author_link":"https:\/\/blogopara.com.br\/index.php\/author\/blogopara"},"uagb_comment_info":0,"uagb_excerpt":"Recluso no\u00a0Pal\u00e1cio da Alvorada\u00a0h\u00e1 duas semanas, desde que foi derrotado nas\u00a0elei\u00e7\u00f5es presidenciais, o presidente\u00a0Jair Bolsonaro\u00a0delegou ao seu vice,\u00a0Hamilton Mour\u00e3o, a tarefa de receber as cartas credenciais de embaixadores estrangeiros. A justificativa, segundo o\u00a0senador\u00a0eleito pelo\u00a0RS, \u00e9 de que o presidente est\u00e1 com uma\u00a0ferida na perna\u00a0que o impede de colocar uma cal\u00e7a. A cerim\u00f4nia, que geralmente conta&hellip;","jetpack_sharing_enabled":true,"jetpack_likes_enabled":true,"_links":{"self":[{"href":"https:\/\/blogopara.com.br\/index.php\/wp-json\/wp\/v2\/posts\/45708","targetHints":{"allow":["GET"]}}],"collection":[{"href":"https:\/\/blogopara.com.br\/index.php\/wp-json\/wp\/v2\/posts"}],"about":[{"href":"https:\/\/blogopara.com.br\/index.php\/wp-json\/wp\/v2\/types\/post"}],"author":[{"embeddable":true,"href":"https:\/\/blogopara.com.br\/index.php\/wp-json\/wp\/v2\/users\/1"}],"replies":[{"embeddable":true,"href":"https:\/\/blogopara.com.br\/index.php\/wp-json\/wp\/v2\/comments?post=45708"}],"version-history":[{"count":1,"href":"https:\/\/blogopara.com.br\/index.php\/wp-json\/wp\/v2\/posts\/45708\/revisions"}],"predecessor-version":[{"id":45710,"href":"https:\/\/blogopara.com.br\/index.php\/wp-json\/wp\/v2\/posts\/45708\/revisions\/45710"}],"wp:featuredmedia":[{"embeddable":true,"href":"https:\/\/blogopara.com.br\/index.php\/wp-json\/wp\/v2\/media\/45709"}],"wp:attachment":[{"href":"https:\/\/blogopara.com.br\/index.php\/wp-json\/wp\/v2\/media?parent=45708"}],"wp:term":[{"taxonomy":"category","embeddable":true,"href":"https:\/\/blogopara.com.br\/index.php\/wp-json\/wp\/v2\/categories?post=45708"},{"taxonomy":"post_tag","embeddable":true,"href":"https:\/\/blogopara.com.br\/index.php\/wp-json\/wp\/v2\/tags?post=45708"}],"curies":[{"name":"wp","href":"https:\/\/api.w.org\/{rel}","templated":true}]}}