{"id":45828,"date":"2022-11-19T19:38:00","date_gmt":"2022-11-19T22:38:00","guid":{"rendered":"https:\/\/blogopara.com.br\/?p=45828"},"modified":"2022-11-18T21:28:31","modified_gmt":"2022-11-19T00:28:31","slug":"como-aumento-da-temperatura-pode-matar-peixes-e-causar-fome-na-amazonia","status":"publish","type":"post","link":"https:\/\/blogopara.com.br\/index.php\/2022\/11\/19\/como-aumento-da-temperatura-pode-matar-peixes-e-causar-fome-na-amazonia","title":{"rendered":"Como aumento da temperatura pode matar peixes e causar fome na Amaz\u00f4nia"},"content":{"rendered":"<div class=\"bbc-19j92fr ebmt73l0\" dir=\"ltr\">\n<p class=\"bbc-hhl7in e17g058b0\" dir=\"ltr\"><b>As pesquisas do bi\u00f3logo Adalberto Luis Val permitiram entender melhor como os peixes e outros organismos aqu\u00e1ticos da Amaz\u00f4nia vivem, se reproduzem e morrem.<\/b><\/p>\n<\/div>\n<div class=\"bbc-19j92fr ebmt73l0\" dir=\"ltr\">\n<p class=\"bbc-hhl7in e17g058b0\" dir=\"ltr\">O trabalho dele explora como essas esp\u00e9cies foram capazes de se adaptar a condi\u00e7\u00f5es extremas \u2014 como a baixa disponibilidade de oxig\u00eanio e a acidez intensa \u2014 ao longo dos milh\u00f5es de anos de evolu\u00e7\u00e3o do planeta.<\/p>\n<div class=\"bbc-19j92fr ebmt73l0\" dir=\"ltr\">\n<p class=\"bbc-hhl7in e17g058b0\" dir=\"ltr\">Os estudos tamb\u00e9m ajudaram a compreender como as \u00faltimas d\u00e9cadas submeteram toda essa biodiversidade a um estresse nunca antes visto, com o despejo de min\u00e9rios, pl\u00e1sticos e metais pesados em rios e igarap\u00e9s.<\/p>\n<\/div>\n<div class=\"bbc-19j92fr ebmt73l0\" dir=\"ltr\">\n<p class=\"bbc-hhl7in e17g058b0\" dir=\"ltr\">E tudo isso representa um risco enorme: o aumento de 1,5 \u00b0C na temperatura j\u00e1 seria suficiente para extinguir muitos desses seres, que s\u00e3o vitais na dieta da popula\u00e7\u00e3o local.<\/p>\n<div class=\"bbc-19j92fr ebmt73l0\" dir=\"ltr\">\n<p class=\"bbc-hhl7in e17g058b0\" dir=\"ltr\">Val est\u00e1 participando da Confer\u00eancia sobre Mudan\u00e7as Clim\u00e1ticas das Na\u00e7\u00f5es Unidas (COP27), que acontece em Sharm El-Sheikh, no Egito.<\/p>\n<\/div>\n<div class=\"bbc-19j92fr ebmt73l0\" dir=\"ltr\">\n<p class=\"bbc-hhl7in e17g058b0\" dir=\"ltr\">Numa reuni\u00e3o da sociedade civil com o presidente eleito Luiz In\u00e1cio Lula da Silva, realizada em 17 de novembro, ele foi um dos seis escolhidos para falar e apresentou as demandas do setor de ci\u00eancia, pesquisa e desenvolvimento.<\/p>\n<\/div>\n<div class=\"bbc-19j92fr ebmt73l0\" dir=\"ltr\">\n<p class=\"bbc-hhl7in e17g058b0\" dir=\"ltr\">Um dos pedidos do bi\u00f3logo foi que o novo governo crie pol\u00edticas p\u00fablicas para &#8220;trazer os meninos para casa&#8221; \u2014 uma alus\u00e3o aos cientistas brasileiros que fizeram toda a forma\u00e7\u00e3o no pa\u00eds, mas que foram trabalhar no exterior em busca de melhores condi\u00e7\u00f5es de vida.<\/p>\n<\/div>\n<div class=\"bbc-19j92fr ebmt73l0\" dir=\"ltr\">\n<p class=\"bbc-hhl7in e17g058b0\" dir=\"ltr\">Numa entrevista \u00e0 BBC News Brasil, Val contou um pouco sobre suas pesquisas, falou da import\u00e2ncia de conhecer os saberes tradicionais amaz\u00f4nicos e apontou o caminho para incentivar a pesquisa no pa\u00eds.<\/p>\n<div class=\"bbc-sffzb7 e1hrqbfn0\">\n<div class=\"bbc-19j92fr ebmt73l0\" dir=\"ltr\">\n<h2 id=\"Muitas-mudan\u00e7as-em-pouco-tempo\" class=\"bbc-1f03ibc eglt09e0\" tabindex=\"-1\">Muitas mudan\u00e7as em pouco tempo<\/h2>\n<\/div>\n<\/div>\n<div class=\"bbc-19j92fr ebmt73l0\" dir=\"ltr\">\n<p class=\"bbc-hhl7in e17g058b0\" dir=\"ltr\">Embora v\u00e1rias dessas esp\u00e9cies aqu\u00e1ticas tenham aprendido a se adaptar a ambientes extremos ao longo de centenas de milhares de anos, elas nunca foram submetidas a uma situa\u00e7\u00e3o t\u00e3o complicada, acredita Val.<\/p>\n<\/div>\n<div class=\"bbc-19j92fr ebmt73l0\" dir=\"ltr\">\n<p class=\"bbc-hhl7in e17g058b0\" dir=\"ltr\">Por tr\u00e1s disso, est\u00e1 a a\u00e7\u00e3o humana e a destrui\u00e7\u00e3o dos rios que correm pela regi\u00e3o.<\/p>\n<\/div>\n<div class=\"bbc-19j92fr ebmt73l0\" dir=\"ltr\">\n<p class=\"bbc-hhl7in e17g058b0\" dir=\"ltr\">&#8220;\u00c9 poss\u00edvel observar um conjunto de outras modifica\u00e7\u00f5es produzidas pelo homem de forma r\u00e1pida e imediata, como a polui\u00e7\u00e3o de tudo que \u00e9 tipo, com medicamentos, agrot\u00f3xicos, nanopart\u00edculas de pl\u00e1stico, petr\u00f3leo\u2026&#8221;, lista.<\/p>\n<\/div>\n<div class=\"bbc-19j92fr ebmt73l0\" dir=\"ltr\">\n<p class=\"bbc-hhl7in e17g058b0\" dir=\"ltr\">&#8220;Tudo isso nos preocupa muito, porque as altera\u00e7\u00f5es causadas pelo homem s\u00e3o r\u00e1pidas demais e n\u00e3o d\u00e1 tempo de as esp\u00e9cies aqu\u00e1ticas se adaptarem&#8221;, diz.<\/p>\n<\/div>\n<div class=\"bbc-19j92fr ebmt73l0\" dir=\"ltr\">\n<p class=\"bbc-hhl7in e17g058b0\" dir=\"ltr\">A distribui\u00e7\u00e3o de uma fina camada de petr\u00f3leo na superf\u00edcie da \u00e1gua, por exemplo, impede que os tambaquis acessem o oxig\u00eanio que os mant\u00eam vivos.<\/p>\n<\/div>\n<div class=\"bbc-19j92fr ebmt73l0\" dir=\"ltr\">\n<p class=\"bbc-hhl7in e17g058b0\" dir=\"ltr\">&#8220;Estamos concluindo v\u00e1rios estudos que detectaram a presen\u00e7a de micropl\u00e1sticos nos peixes, inclusive com uma transfer\u00eancia direta desse material da m\u00e3e para os filhos&#8221;, informa.<\/p>\n<\/div>\n<div class=\"bbc-19j92fr ebmt73l0\" dir=\"ltr\">\n<p class=\"bbc-hhl7in e17g058b0\" dir=\"ltr\">&#8220;Uma prote\u00edna nos \u00f3vulos dos peixes se liga \u00e0s mol\u00e9culas de pl\u00e1stico, ent\u00e3o o filhote j\u00e1 nasce com essa subst\u00e2ncia no organismo.&#8221;<\/p>\n<\/div>\n<div class=\"bbc-19j92fr ebmt73l0\" dir=\"ltr\">\n<p class=\"bbc-hhl7in e17g058b0\" dir=\"ltr\">Al\u00e9m de representar um risco \u00e0 biodiversidade da Amaz\u00f4nia, a extin\u00e7\u00e3o de esp\u00e9cies \u00e9 um perigo \u00e0 seguran\u00e7a alimentar do povo que vive ali.<\/p>\n<\/div>\n<div class=\"bbc-19j92fr ebmt73l0\" dir=\"ltr\">\n<p class=\"bbc-hhl7in e17g058b0\" dir=\"ltr\">&#8220;Vale lembrar que 90% da prote\u00edna consumida pela popula\u00e7\u00e3o local tem origem nos peixes. Trata-se de uma coisa extremamente importante para a regi\u00e3o&#8221;, chama a aten\u00e7\u00e3o.<\/p>\n<\/div>\n<div class=\"bbc-19j92fr ebmt73l0\" dir=\"ltr\">\n<p class=\"bbc-hhl7in e17g058b0\" dir=\"ltr\">Val alerta que, apesar do clima local, os peixes amaz\u00f4nicos s\u00e3o extremamente vulner\u00e1veis \u00e0 varia\u00e7\u00e3o da temperatura.<\/p>\n<\/div>\n<div class=\"bbc-19j92fr ebmt73l0\" dir=\"ltr\">\n<p class=\"bbc-hhl7in e17g058b0\" dir=\"ltr\">&#8220;Muitos deles j\u00e1 vivem no limite t\u00e9rmico superior e qualquer varia\u00e7\u00e3o futura pode levar ao desaparecimento de v\u00e1rias esp\u00e9cies&#8221;, diz.<\/p>\n<\/div>\n<\/div>\n<\/div>\n<\/div>\n","protected":false},"excerpt":{"rendered":"<p>As pesquisas do bi\u00f3logo Adalberto Luis Val permitiram entender melhor como os peixes e outros organismos aqu\u00e1ticos da Amaz\u00f4nia vivem, se reproduzem e morrem. O trabalho dele explora como essas esp\u00e9cies foram capazes de se adaptar a condi\u00e7\u00f5es extremas \u2014 como a baixa disponibilidade de oxig\u00eanio e a acidez intensa \u2014 ao longo dos milh\u00f5es [&hellip;]<\/p>\n","protected":false},"author":1,"featured_media":45829,"comment_status":"closed","ping_status":"open","sticky":false,"template":"","format":"standard","meta":{"_uag_custom_page_level_css":"","_monsterinsights_skip_tracking":false,"_monsterinsights_sitenote_active":false,"_monsterinsights_sitenote_note":"","_monsterinsights_sitenote_category":0,"jetpack_post_was_ever_published":false,"_jetpack_newsletter_access":"","_jetpack_dont_email_post_to_subs":false,"_jetpack_newsletter_tier_id":0,"_jetpack_memberships_contains_paywalled_content":false,"_jetpack_memberships_contains_paid_content":false,"footnotes":"","jetpack_publicize_message":"","jetpack_publicize_feature_enabled":true,"jetpack_social_post_already_shared":true,"jetpack_social_options":{"image_generator_settings":{"template":"highway","default_image_id":0,"font":"","enabled":false},"version":2}},"categories":[3372],"tags":[2122,14],"class_list":["post-45828","post","type-post","status-publish","format-standard","has-post-thumbnail","hentry","category-meio-ambiente","tag-amazonas","tag-brasil"],"jetpack_publicize_connections":[],"jetpack_featured_media_url":"https:\/\/blogopara.com.br\/wp-content\/uploads\/2022\/11\/WhatsApp-Image-2022-11-18-at-21.26.56.jpg","uagb_featured_image_src":{"full":["https:\/\/blogopara.com.br\/wp-content\/uploads\/2022\/11\/WhatsApp-Image-2022-11-18-at-21.26.56.jpg",500,255,false],"thumbnail":["https:\/\/blogopara.com.br\/wp-content\/uploads\/2022\/11\/WhatsApp-Image-2022-11-18-at-21.26.56-150x150.jpg",150,150,true],"medium":["https:\/\/blogopara.com.br\/wp-content\/uploads\/2022\/11\/WhatsApp-Image-2022-11-18-at-21.26.56-300x153.jpg",300,153,true],"medium_large":["https:\/\/blogopara.com.br\/wp-content\/uploads\/2022\/11\/WhatsApp-Image-2022-11-18-at-21.26.56.jpg",500,255,false],"large":["https:\/\/blogopara.com.br\/wp-content\/uploads\/2022\/11\/WhatsApp-Image-2022-11-18-at-21.26.56.jpg",500,255,false],"1536x1536":["https:\/\/blogopara.com.br\/wp-content\/uploads\/2022\/11\/WhatsApp-Image-2022-11-18-at-21.26.56.jpg",500,255,false],"2048x2048":["https:\/\/blogopara.com.br\/wp-content\/uploads\/2022\/11\/WhatsApp-Image-2022-11-18-at-21.26.56.jpg",500,255,false],"mantranews-slider-large":["https:\/\/blogopara.com.br\/wp-content\/uploads\/2022\/11\/WhatsApp-Image-2022-11-18-at-21.26.56.jpg",500,255,false],"mantranews-featured-medium":["https:\/\/blogopara.com.br\/wp-content\/uploads\/2022\/11\/WhatsApp-Image-2022-11-18-at-21.26.56-420x255.jpg",420,255,true],"mantranews-featured-long":["https:\/\/blogopara.com.br\/wp-content\/uploads\/2022\/11\/WhatsApp-Image-2022-11-18-at-21.26.56-300x255.jpg",300,255,true],"mantranews-block-medium":["https:\/\/blogopara.com.br\/wp-content\/uploads\/2022\/11\/WhatsApp-Image-2022-11-18-at-21.26.56-464x255.jpg",464,255,true],"mantranews-carousel-image":["https:\/\/blogopara.com.br\/wp-content\/uploads\/2022\/11\/WhatsApp-Image-2022-11-18-at-21.26.56.jpg",500,255,false],"mantranews-block-thumb":["https:\/\/blogopara.com.br\/wp-content\/uploads\/2022\/11\/WhatsApp-Image-2022-11-18-at-21.26.56-322x230.jpg",322,230,true],"mantranews-single-large":["https:\/\/blogopara.com.br\/wp-content\/uploads\/2022\/11\/WhatsApp-Image-2022-11-18-at-21.26.56.jpg",500,255,false]},"uagb_author_info":{"display_name":"Reda\u00e7\u00e3o geral","author_link":"https:\/\/blogopara.com.br\/index.php\/author\/blogopara"},"uagb_comment_info":0,"uagb_excerpt":"As pesquisas do bi\u00f3logo Adalberto Luis Val permitiram entender melhor como os peixes e outros organismos aqu\u00e1ticos da Amaz\u00f4nia vivem, se reproduzem e morrem. O trabalho dele explora como essas esp\u00e9cies foram capazes de se adaptar a condi\u00e7\u00f5es extremas \u2014 como a baixa disponibilidade de oxig\u00eanio e a acidez intensa \u2014 ao longo dos milh\u00f5es&hellip;","jetpack_sharing_enabled":true,"jetpack_likes_enabled":true,"_links":{"self":[{"href":"https:\/\/blogopara.com.br\/index.php\/wp-json\/wp\/v2\/posts\/45828","targetHints":{"allow":["GET"]}}],"collection":[{"href":"https:\/\/blogopara.com.br\/index.php\/wp-json\/wp\/v2\/posts"}],"about":[{"href":"https:\/\/blogopara.com.br\/index.php\/wp-json\/wp\/v2\/types\/post"}],"author":[{"embeddable":true,"href":"https:\/\/blogopara.com.br\/index.php\/wp-json\/wp\/v2\/users\/1"}],"replies":[{"embeddable":true,"href":"https:\/\/blogopara.com.br\/index.php\/wp-json\/wp\/v2\/comments?post=45828"}],"version-history":[{"count":1,"href":"https:\/\/blogopara.com.br\/index.php\/wp-json\/wp\/v2\/posts\/45828\/revisions"}],"predecessor-version":[{"id":45830,"href":"https:\/\/blogopara.com.br\/index.php\/wp-json\/wp\/v2\/posts\/45828\/revisions\/45830"}],"wp:featuredmedia":[{"embeddable":true,"href":"https:\/\/blogopara.com.br\/index.php\/wp-json\/wp\/v2\/media\/45829"}],"wp:attachment":[{"href":"https:\/\/blogopara.com.br\/index.php\/wp-json\/wp\/v2\/media?parent=45828"}],"wp:term":[{"taxonomy":"category","embeddable":true,"href":"https:\/\/blogopara.com.br\/index.php\/wp-json\/wp\/v2\/categories?post=45828"},{"taxonomy":"post_tag","embeddable":true,"href":"https:\/\/blogopara.com.br\/index.php\/wp-json\/wp\/v2\/tags?post=45828"}],"curies":[{"name":"wp","href":"https:\/\/api.w.org\/{rel}","templated":true}]}}