{"id":45837,"date":"2022-11-20T09:45:00","date_gmt":"2022-11-20T12:45:00","guid":{"rendered":"https:\/\/blogopara.com.br\/?p=45837"},"modified":"2022-11-20T10:16:49","modified_gmt":"2022-11-20T13:16:49","slug":"premiacao-do-festival-sabores-de-juazeiro-acontece-segunda-feira-21","status":"publish","type":"post","link":"https:\/\/blogopara.com.br\/index.php\/2022\/11\/20\/premiacao-do-festival-sabores-de-juazeiro-acontece-segunda-feira-21","title":{"rendered":"Premia\u00e7\u00e3o do Festival Sabores de Juazeiro acontece segunda-feira, 21"},"content":{"rendered":"<p style=\"text-align: justify;\">Apresentada ao p\u00fablico em 9 de agosto durante evento promocional que reuniu empres\u00e1rios do segmento de alimentos e bebidas, parceiros, apoiadores, imprensa e convidados, a segunda edi\u00e7\u00e3o do Festival Gastron\u00f4mico Sabores de Juazeiro, com o tema Os Frutos do S\u00e3o Francisco, chegar\u00e1 ao final na pr\u00f3xima segunda-feira (21), com a solenidade de premia\u00e7\u00e3o dos melhores pratos e drinks concorrentes, al\u00e9m dos destaques individuais.<\/p>\n<p style=\"text-align: justify;\">O encontro acontece no Restaurante e Bar Brasa Beef Pub, na Avenida Machado de Assis, n\u00famero 100, Bairro Alto do Alencar, \u00e0s 19 horas.&nbsp;Mais de 60 empresas dos segmentos de restaurantes, bares, petiscarias, confeitarias e lanchonetes se inscreveram para a segunda edi\u00e7\u00e3o do festival, o que, de acordo com os organizadores, representa um aumento de 25% de participantes em rela\u00e7\u00e3o ao ano de 2021, quando ocorreu a primeira edi\u00e7\u00e3o.<\/p>\n<p style=\"text-align: justify;\">Ao todo, concorreram 88 pratos em cinco categorias, s\u00e3o elas: prato principal, petiscos, lanches, sobremesas e drinks.&nbsp;Ser\u00e3o premiados os vencedores em cada categoria e mais quatro destaques: Envolvimento (atua\u00e7\u00e3o nas redes sociais); Atendimento e Entrega; Supera\u00e7\u00e3o (empresas que prosperaram por conta do festival); e Participa\u00e7\u00e3o (assiduidade nas oficinas de capacita\u00e7\u00e3o).<\/p>\n<p style=\"text-align: justify;\"><strong>Festival<\/strong><\/p>\n<p style=\"text-align: justify;\">O Festival Gastron\u00f4mico Sabores de Juazeiro \u00e9 uma iniciativa vitoriosa do Sebrae em parceria com a Prefeitura de Juazeiro atrav\u00e9s da Secretaria de Cultura, Turismo e Esporte (SECULTE) e da Ag\u00eancia de Desenvolvimento Econ\u00f4mico, Agricultura e Pecu\u00e1ria (ADEAP), e apoio do aplicativo delivery pede.ai, empres\u00e1rios locais, Banco do Nordeste, Abrasel, TV S\u00e3o Francisco, Sindhaj, Sindilojas-BA e participa\u00e7\u00e3o de empresas do setor de gastronomia da regi\u00e3o.<\/p>\n","protected":false},"excerpt":{"rendered":"<p>Apresentada ao p\u00fablico em 9 de agosto durante evento promocional que reuniu empres\u00e1rios do segmento de alimentos e bebidas, parceiros, apoiadores, imprensa e convidados, a segunda edi\u00e7\u00e3o do Festival Gastron\u00f4mico Sabores de Juazeiro, com o tema Os Frutos do S\u00e3o Francisco, chegar\u00e1 ao final na pr\u00f3xima segunda-feira (21), com a solenidade de premia\u00e7\u00e3o dos melhores [&hellip;]<\/p>\n","protected":false},"author":1,"featured_media":45880,"comment_status":"closed","ping_status":"open","sticky":false,"template":"","format":"standard","meta":{"_uag_custom_page_level_css":"","_monsterinsights_skip_tracking":false,"_monsterinsights_sitenote_active":false,"_monsterinsights_sitenote_note":"","_monsterinsights_sitenote_category":0,"jetpack_post_was_ever_published":false,"_jetpack_newsletter_access":"","_jetpack_dont_email_post_to_subs":false,"_jetpack_newsletter_tier_id":0,"_jetpack_memberships_contains_paywalled_content":false,"_jetpack_memberships_contains_paid_content":false,"footnotes":"","jetpack_publicize_message":"","jetpack_publicize_feature_enabled":true,"jetpack_social_post_already_shared":true,"jetpack_social_options":{"image_generator_settings":{"template":"highway","default_image_id":0,"font":"","enabled":false},"version":2}},"categories":[203],"tags":[340,320],"class_list":["post-45837","post","type-post","status-publish","format-standard","has-post-thumbnail","hentry","category-juazeiro","tag-prefeitura-de-juazeiro","tag-sou-mais-juazeiro"],"jetpack_publicize_connections":[],"jetpack_featured_media_url":"https:\/\/blogopara.com.br\/wp-content\/uploads\/2022\/11\/Abertura-Festival-Sabores-2022-2-1.jpg","uagb_featured_image_src":{"full":["https:\/\/blogopara.com.br\/wp-content\/uploads\/2022\/11\/Abertura-Festival-Sabores-2022-2-1.jpg",500,341,false],"thumbnail":["https:\/\/blogopara.com.br\/wp-content\/uploads\/2022\/11\/Abertura-Festival-Sabores-2022-2-1-150x150.jpg",150,150,true],"medium":["https:\/\/blogopara.com.br\/wp-content\/uploads\/2022\/11\/Abertura-Festival-Sabores-2022-2-1-300x205.jpg",300,205,true],"medium_large":["https:\/\/blogopara.com.br\/wp-content\/uploads\/2022\/11\/Abertura-Festival-Sabores-2022-2-1.jpg",500,341,false],"large":["https:\/\/blogopara.com.br\/wp-content\/uploads\/2022\/11\/Abertura-Festival-Sabores-2022-2-1.jpg",500,341,false],"1536x1536":["https:\/\/blogopara.com.br\/wp-content\/uploads\/2022\/11\/Abertura-Festival-Sabores-2022-2-1.jpg",500,341,false],"2048x2048":["https:\/\/blogopara.com.br\/wp-content\/uploads\/2022\/11\/Abertura-Festival-Sabores-2022-2-1.jpg",500,341,false],"mantranews-slider-large":["https:\/\/blogopara.com.br\/wp-content\/uploads\/2022\/11\/Abertura-Festival-Sabores-2022-2-1.jpg",500,341,false],"mantranews-featured-medium":["https:\/\/blogopara.com.br\/wp-content\/uploads\/2022\/11\/Abertura-Festival-Sabores-2022-2-1-420x307.jpg",420,307,true],"mantranews-featured-long":["https:\/\/blogopara.com.br\/wp-content\/uploads\/2022\/11\/Abertura-Festival-Sabores-2022-2-1-300x341.jpg",300,341,true],"mantranews-block-medium":["https:\/\/blogopara.com.br\/wp-content\/uploads\/2022\/11\/Abertura-Festival-Sabores-2022-2-1-464x290.jpg",464,290,true],"mantranews-carousel-image":["https:\/\/blogopara.com.br\/wp-content\/uploads\/2022\/11\/Abertura-Festival-Sabores-2022-2-1.jpg",500,341,false],"mantranews-block-thumb":["https:\/\/blogopara.com.br\/wp-content\/uploads\/2022\/11\/Abertura-Festival-Sabores-2022-2-1-322x230.jpg",322,230,true],"mantranews-single-large":["https:\/\/blogopara.com.br\/wp-content\/uploads\/2022\/11\/Abertura-Festival-Sabores-2022-2-1.jpg",500,341,false]},"uagb_author_info":{"display_name":"Reda\u00e7\u00e3o geral","author_link":"https:\/\/blogopara.com.br\/index.php\/author\/blogopara"},"uagb_comment_info":0,"uagb_excerpt":"Apresentada ao p\u00fablico em 9 de agosto durante evento promocional que reuniu empres\u00e1rios do segmento de alimentos e bebidas, parceiros, apoiadores, imprensa e convidados, a segunda edi\u00e7\u00e3o do Festival Gastron\u00f4mico Sabores de Juazeiro, com o tema Os Frutos do S\u00e3o Francisco, chegar\u00e1 ao final na pr\u00f3xima segunda-feira (21), com a solenidade de premia\u00e7\u00e3o dos melhores&hellip;","jetpack_sharing_enabled":true,"jetpack_likes_enabled":true,"_links":{"self":[{"href":"https:\/\/blogopara.com.br\/index.php\/wp-json\/wp\/v2\/posts\/45837","targetHints":{"allow":["GET"]}}],"collection":[{"href":"https:\/\/blogopara.com.br\/index.php\/wp-json\/wp\/v2\/posts"}],"about":[{"href":"https:\/\/blogopara.com.br\/index.php\/wp-json\/wp\/v2\/types\/post"}],"author":[{"embeddable":true,"href":"https:\/\/blogopara.com.br\/index.php\/wp-json\/wp\/v2\/users\/1"}],"replies":[{"embeddable":true,"href":"https:\/\/blogopara.com.br\/index.php\/wp-json\/wp\/v2\/comments?post=45837"}],"version-history":[{"count":2,"href":"https:\/\/blogopara.com.br\/index.php\/wp-json\/wp\/v2\/posts\/45837\/revisions"}],"predecessor-version":[{"id":45879,"href":"https:\/\/blogopara.com.br\/index.php\/wp-json\/wp\/v2\/posts\/45837\/revisions\/45879"}],"wp:featuredmedia":[{"embeddable":true,"href":"https:\/\/blogopara.com.br\/index.php\/wp-json\/wp\/v2\/media\/45880"}],"wp:attachment":[{"href":"https:\/\/blogopara.com.br\/index.php\/wp-json\/wp\/v2\/media?parent=45837"}],"wp:term":[{"taxonomy":"category","embeddable":true,"href":"https:\/\/blogopara.com.br\/index.php\/wp-json\/wp\/v2\/categories?post=45837"},{"taxonomy":"post_tag","embeddable":true,"href":"https:\/\/blogopara.com.br\/index.php\/wp-json\/wp\/v2\/tags?post=45837"}],"curies":[{"name":"wp","href":"https:\/\/api.w.org\/{rel}","templated":true}]}}