{"id":45843,"date":"2022-11-20T08:30:00","date_gmt":"2022-11-20T11:30:00","guid":{"rendered":"https:\/\/blogopara.com.br\/?p=45843"},"modified":"2022-11-19T19:13:23","modified_gmt":"2022-11-19T22:13:23","slug":"zumbi-dos-palmares","status":"publish","type":"post","link":"https:\/\/blogopara.com.br\/index.php\/2022\/11\/20\/zumbi-dos-palmares","title":{"rendered":"Zumbi dos Palmares"},"content":{"rendered":"<p style=\"text-align: justify;\">Nascido livre em 1655, na ent\u00e3o capitania de Pernambuco, na regi\u00e3o da Serra da Barriga, Zumbi \u00e9 considerado um \u00edcone da resist\u00eancia negra \u00e0 escravid\u00e3o. Liderou o Quilombo dos Palmares, comunidade livre formada por escravos fugitivos das fazendas no Brasil Colonial, atualmente integra o munic\u00edpio alagoano de Uni\u00e3o dos Palmares.<\/p>\n<p style=\"text-align: justify;\">Zumbi \u00e9 considerado um dos grandes l\u00edderes de nossa hist\u00f3ria. S\u00edmbolo da luta contra a escravid\u00e3o, lutou tamb\u00e9m pela liberdade de culto religioso e pela pr\u00e1tica da cultura africana no pa\u00eds. O dia de sua morte, 20 de novembro, \u00e9 lembrado e comemorado em todo o territ\u00f3rio nacional como o Dia da Consci\u00eancia Negra.<\/p>\n<p style=\"text-align: justify;\">Historiadores relatam que ele foi aprisionado pela expedi\u00e7\u00e3o de Br\u00e1s da Rocha Cardoso e entregue aos cuidados do Padre Ant\u00f4nio Melo, em Porto Calvo, quando ainda tinha cerca de seis ou sete anos. Batizado com o nome Francisco, recebeu uma educa\u00e7\u00e3o esmerada, aprendendo portugu\u00eas e latim, al\u00e9m do catecismo para ser batizado na f\u00e9 cat\u00f3lica.<\/p>\n<p style=\"text-align: justify;\">Aos 10 anos de idade, j\u00e1 era fluente em portugu\u00eas e latim. Mas, aos 15, fugiu e voltou para o Quilombo de Palmares. Alguns anos depois, em 1675, Zumbi ganhou notoriedade ao defender o quilombo do ataque de tropas portuguesas. Nesta batalha sangrenta, demonstrou suas habilidades de guerreiro jaga.<\/p>\n<p style=\"text-align: justify;\">Aos 25 anos, desafia o tio, e em 1680 assume o lugar de Ganga Zumba como l\u00edder de Palmares (segundo estudiosos, Ganga Zumba teria sido assassinado). Sua postura diante do governo colonial \u00e9 de desafio e enfrentamento. Assim, os l\u00edderes portugueses contratam os servi\u00e7os dos bandeirantes Domingos Jorge Velho e Bernardo Vieira de Melo.<\/p>\n<p style=\"text-align: justify;\">Em 1694, eles lideram o ataque que ir\u00e1 destruir a &#8216;Cerca Real do Macaco&#8217;, capital de Palmares. Destru\u00edram-na completamente e ferem o l\u00edder Zumbi, que consegue fugir. Mas, em 1695, no dia 20 de novembro, Zumbi \u00e9 delatado por um de seus capit\u00e3es, Ant\u00f4nio Soares, e morto pelo capit\u00e3o Furtado de Mendon\u00e7a. O l\u00edder de Palmares tinha 40 anos de idade.<\/p>\n<p style=\"text-align: justify;\">Ap\u00f3s derrotar e matar Zumbi, o capit\u00e3o foi premiado com cinquenta mil r\u00e9is pelo monarca D. Pedro II de Portugal. Sua cabe\u00e7a foi cortada, salgada e levada ao governador Melo e Castro, exposta em pra\u00e7a p\u00fablica de modo a acabar com o mito da imortalidade de Zumbi dos Palmares. O dia de sua morte, 20 de novembro, \u00e9 lembrado e comemorado em todo o territ\u00f3rio nacional como o Dia da Consci\u00eancia Negra.<\/p>\n<p style=\"text-align: justify;\"><strong>D\u00favidas que permanecem<\/strong><\/p>\n<div id=\"move\" class=\"text-center\" style=\"text-align: justify;\">\n<section id=\"block-views-banners-block-14\" class=\"block block-views clearfix\">\n<div class=\"view view-banners view-id-banners view-display-id-block_14 view-dom-id-ac3d33fd707fd2b921c28640fbdcd84c\">\n<div class=\"view-empty\">\n<div class=\"box-pub\">\n<div class=\"pub-wrapper\"><span class=\"pub-title\">PUBLICIDADE<\/span><br \/>\n<ins class=\"adsbygoogle\" data-ad-client=\"ca-pub-5655634159094775\" data-ad-slot=\"5019433959\" data-adsbygoogle-status=\"done\" data-ad-status=\"filled\"><\/p>\n<div id=\"aswift_0_host\" tabindex=\"0\" title=\"Advertisement\" aria-label=\"Advertisement\"><iframe loading=\"lazy\" id=\"aswift_0\" src=\"https:\/\/googleads.g.doubleclick.net\/pagead\/ads?client=ca-pub-5655634159094775&amp;output=html&amp;h=250&amp;slotname=5019433959&amp;adk=203359892&amp;adf=1935420937&amp;pi=t.ma~as.5019433959&amp;w=300&amp;lmt=1668895551&amp;format=300x250&amp;url=https%3A%2F%2Favozdaserra.com.br%2Fnoticias%2Fzumbi-dos-palmares&amp;wgl=1&amp;uach=WyJXaW5kb3dzIiwiMy4wLjAiLCJ4ODYiLCIiLCIxMDcuMC41MzA0LjEwNyIsW10sZmFsc2UsbnVsbCwiNjQiLFtbIkdvb2dsZSBDaHJvbWUiLCIxMDcuMC41MzA0LjEwNyJdLFsiQ2hyb21pdW0iLCIxMDcuMC41MzA0LjEwNyJdLFsiTm90PUE_QnJhbmQiLCIyNC4wLjAuMCJdXSxmYWxzZV0.&amp;dt=1668895551202&amp;bpp=8&amp;bdt=1783&amp;idt=632&amp;shv=r20221110&amp;mjsv=m202211100101&amp;ptt=9&amp;saldr=aa&amp;abxe=1&amp;correlator=1904388426357&amp;frm=20&amp;pv=2&amp;ga_vid=1099998679.1668895552&amp;ga_sid=1668895552&amp;ga_hid=1911090269&amp;ga_fc=0&amp;ga_wpids=UA-79687773-1&amp;u_tz=-180&amp;u_his=4&amp;u_h=768&amp;u_w=1366&amp;u_ah=728&amp;u_aw=1366&amp;u_cd=24&amp;u_sd=1&amp;dmc=4&amp;adx=330&amp;ady=2612&amp;biw=1349&amp;bih=657&amp;scr_x=0&amp;scr_y=0&amp;eid=44759875%2C44759926%2C44759842%2C42531706%2C44770881%2C31070949&amp;oid=2&amp;pvsid=93692261864636&amp;tmod=252219346&amp;uas=0&amp;nvt=1&amp;eae=0&amp;fc=896&amp;brdim=0%2C0%2C0%2C0%2C1366%2C0%2C1366%2C728%2C1366%2C657&amp;vis=1&amp;rsz=o%7C%7CeEbr%7C&amp;abl=CS&amp;pfx=0&amp;fu=0&amp;bc=31&amp;ifi=1&amp;uci=a!1&amp;btvi=1&amp;fsb=1&amp;xpc=0WiNtpmvT9&amp;p=https%3A\/\/avozdaserra.com.br&amp;dtd=677\" name=\"aswift_0\" width=\"300\" height=\"250\" frameborder=\"0\" marginwidth=\"0\" marginheight=\"0\" scrolling=\"no\" sandbox=\"allow-forms allow-popups allow-popups-to-escape-sandbox allow-same-origin allow-scripts allow-top-navigation-by-user-activation\" data-google-container-id=\"a!1\" data-google-query-id=\"CMXr6o2hu_sCFQQ3uQYdLRUBlw\" data-load-complete=\"true\" data-mce-fragment=\"1\"><\/iframe><\/div>\n<p><\/ins><\/div>\n<\/div>\n<\/div>\n<\/div>\n<\/section>\n<\/div>\n<p style=\"text-align: justify;\">&#8220;Sabe-se muito pouco sobre a vida de Zumbi. No entanto, a pesquisa hist\u00f3rica procura desembara\u00e7ar algumas informa\u00e7\u00f5es a respeito da biografia dessa grande personalidade brasileira. As profundas lacunas a respeito da vida de Zumbi est\u00e3o em torno de sua vida pessoal. A respeito de sua inf\u00e2ncia, o \u00fanico relato existente \u00e9 o do jornalista D\u00e9cio Freitas, j\u00e1 descrito acima.<\/p>\n<p style=\"text-align: justify;\">Mas, essa vers\u00e3o cl\u00e1ssica da inf\u00e2ncia de Zumbi n\u00e3o \u00e9 levada em considera\u00e7\u00e3o pelos historiadores e \u00e9 tida como improv\u00e1vel, porque n\u00e3o existem evid\u00eancias que a comprovem, al\u00e9m do pr\u00f3prio relato de D\u00e9cio Freitas. Outra coisa que n\u00e3o se sabe \u00e9 se Zumbi teve esposa e filhos, apesar de existir uma carta escrita pelo rei portugu\u00eas D. Pedro II para Zumbi sugerindo que este os tinha.<\/p>\n<p style=\"text-align: justify;\">Nesta carta, D. Pedro II oferece perd\u00e3o a Zumbi pelas a\u00e7\u00f5es por ele realizadas contra colonos portugueses, desde que Zumbi aceite ser seu s\u00fadito, e o faz por meio deste convite:<\/p>\n<p style=\"text-align: justify;\"><em>&#8220;Eu El-Rei fa\u00e7o saber a v\u00f3s Capit\u00e3o Zumbi dos Palmares que hei por bem perdoar-vos de todos os excessos que haveis praticado [\u2026]. Convido-vos a assistir em qualquer est\u00e2ncia que vos convier, com vossa mulher e vossos filhos e todos os vossos capit\u00e3es, livres de qualquer cativeiro ou sujei\u00e7\u00e3o, como meus fi\u00e9is s\u00faditos, sob minha real prote\u00e7\u00e3o, do que fica ciente meu governador que vai para o governo dessa capitania para que o cumpra e guarde [\u2026]&#8221;.<\/em><\/p>\n<p style=\"text-align: justify;\">Ganga Zumba teria aceitado a oferta, mas Zumbi, indignado, teria defendido que a liberdade fosse uma conquista para todos. Assim, acredita-se que Zumbi, ou um de seus aliados, tenha assassinado Ganga Zumba e se autodeclarado l\u00edder de Palmares, conduzindo a resist\u00eancia palmarina nos anos seguintes at\u00e9 a capitula\u00e7\u00e3o final do quilombo, quando as tropas de Domingos Jorge Velho atacaram e destru\u00edram Cerca Real do Macaco.<\/p>\n<p style=\"text-align: justify;\"><em>Fonte: \/\/brasilescola.uol.com.br\/<\/em><\/p>\n","protected":false},"excerpt":{"rendered":"<p>Nascido livre em 1655, na ent\u00e3o capitania de Pernambuco, na regi\u00e3o da Serra da Barriga, Zumbi \u00e9 considerado um \u00edcone da resist\u00eancia negra \u00e0 escravid\u00e3o. Liderou o Quilombo dos Palmares, comunidade livre formada por escravos fugitivos das fazendas no Brasil Colonial, atualmente integra o munic\u00edpio alagoano de Uni\u00e3o dos Palmares. Zumbi \u00e9 considerado um dos [&hellip;]<\/p>\n","protected":false},"author":1,"featured_media":45844,"comment_status":"closed","ping_status":"open","sticky":false,"template":"","format":"standard","meta":{"_uag_custom_page_level_css":"","_monsterinsights_skip_tracking":false,"_monsterinsights_sitenote_active":false,"_monsterinsights_sitenote_note":"","_monsterinsights_sitenote_category":0,"jetpack_post_was_ever_published":false,"_jetpack_newsletter_access":"","_jetpack_dont_email_post_to_subs":false,"_jetpack_newsletter_tier_id":0,"_jetpack_memberships_contains_paywalled_content":false,"_jetpack_memberships_contains_paid_content":false,"footnotes":"","jetpack_publicize_message":"","jetpack_publicize_feature_enabled":true,"jetpack_social_post_already_shared":true,"jetpack_social_options":{"image_generator_settings":{"template":"highway","default_image_id":0,"font":"","enabled":false},"version":2}},"categories":[200,1506,10114],"tags":[],"class_list":["post-45843","post","type-post","status-publish","format-standard","has-post-thumbnail","hentry","category-brasil","category-cultura","category-direitos-humanos"],"jetpack_publicize_connections":[],"jetpack_featured_media_url":"https:\/\/blogopara.com.br\/wp-content\/uploads\/2022\/11\/conscnegra2016site.png","uagb_featured_image_src":{"full":["https:\/\/blogopara.com.br\/wp-content\/uploads\/2022\/11\/conscnegra2016site.png",500,260,false],"thumbnail":["https:\/\/blogopara.com.br\/wp-content\/uploads\/2022\/11\/conscnegra2016site-150x150.png",150,150,true],"medium":["https:\/\/blogopara.com.br\/wp-content\/uploads\/2022\/11\/conscnegra2016site-300x156.png",300,156,true],"medium_large":["https:\/\/blogopara.com.br\/wp-content\/uploads\/2022\/11\/conscnegra2016site.png",500,260,false],"large":["https:\/\/blogopara.com.br\/wp-content\/uploads\/2022\/11\/conscnegra2016site.png",500,260,false],"1536x1536":["https:\/\/blogopara.com.br\/wp-content\/uploads\/2022\/11\/conscnegra2016site.png",500,260,false],"2048x2048":["https:\/\/blogopara.com.br\/wp-content\/uploads\/2022\/11\/conscnegra2016site.png",500,260,false],"mantranews-slider-large":["https:\/\/blogopara.com.br\/wp-content\/uploads\/2022\/11\/conscnegra2016site.png",500,260,false],"mantranews-featured-medium":["https:\/\/blogopara.com.br\/wp-content\/uploads\/2022\/11\/conscnegra2016site-420x260.png",420,260,true],"mantranews-featured-long":["https:\/\/blogopara.com.br\/wp-content\/uploads\/2022\/11\/conscnegra2016site-300x260.png",300,260,true],"mantranews-block-medium":["https:\/\/blogopara.com.br\/wp-content\/uploads\/2022\/11\/conscnegra2016site-464x260.png",464,260,true],"mantranews-carousel-image":["https:\/\/blogopara.com.br\/wp-content\/uploads\/2022\/11\/conscnegra2016site.png",500,260,false],"mantranews-block-thumb":["https:\/\/blogopara.com.br\/wp-content\/uploads\/2022\/11\/conscnegra2016site-322x230.png",322,230,true],"mantranews-single-large":["https:\/\/blogopara.com.br\/wp-content\/uploads\/2022\/11\/conscnegra2016site.png",500,260,false]},"uagb_author_info":{"display_name":"Reda\u00e7\u00e3o geral","author_link":"https:\/\/blogopara.com.br\/index.php\/author\/blogopara"},"uagb_comment_info":0,"uagb_excerpt":"Nascido livre em 1655, na ent\u00e3o capitania de Pernambuco, na regi\u00e3o da Serra da Barriga, Zumbi \u00e9 considerado um \u00edcone da resist\u00eancia negra \u00e0 escravid\u00e3o. Liderou o Quilombo dos Palmares, comunidade livre formada por escravos fugitivos das fazendas no Brasil Colonial, atualmente integra o munic\u00edpio alagoano de Uni\u00e3o dos Palmares. Zumbi \u00e9 considerado um dos&hellip;","jetpack_sharing_enabled":true,"jetpack_likes_enabled":true,"_links":{"self":[{"href":"https:\/\/blogopara.com.br\/index.php\/wp-json\/wp\/v2\/posts\/45843","targetHints":{"allow":["GET"]}}],"collection":[{"href":"https:\/\/blogopara.com.br\/index.php\/wp-json\/wp\/v2\/posts"}],"about":[{"href":"https:\/\/blogopara.com.br\/index.php\/wp-json\/wp\/v2\/types\/post"}],"author":[{"embeddable":true,"href":"https:\/\/blogopara.com.br\/index.php\/wp-json\/wp\/v2\/users\/1"}],"replies":[{"embeddable":true,"href":"https:\/\/blogopara.com.br\/index.php\/wp-json\/wp\/v2\/comments?post=45843"}],"version-history":[{"count":1,"href":"https:\/\/blogopara.com.br\/index.php\/wp-json\/wp\/v2\/posts\/45843\/revisions"}],"predecessor-version":[{"id":45845,"href":"https:\/\/blogopara.com.br\/index.php\/wp-json\/wp\/v2\/posts\/45843\/revisions\/45845"}],"wp:featuredmedia":[{"embeddable":true,"href":"https:\/\/blogopara.com.br\/index.php\/wp-json\/wp\/v2\/media\/45844"}],"wp:attachment":[{"href":"https:\/\/blogopara.com.br\/index.php\/wp-json\/wp\/v2\/media?parent=45843"}],"wp:term":[{"taxonomy":"category","embeddable":true,"href":"https:\/\/blogopara.com.br\/index.php\/wp-json\/wp\/v2\/categories?post=45843"},{"taxonomy":"post_tag","embeddable":true,"href":"https:\/\/blogopara.com.br\/index.php\/wp-json\/wp\/v2\/tags?post=45843"}],"curies":[{"name":"wp","href":"https:\/\/api.w.org\/{rel}","templated":true}]}}