{"id":46035,"date":"2022-11-22T16:11:26","date_gmt":"2022-11-22T19:11:26","guid":{"rendered":"https:\/\/blogopara.com.br\/?p=46035"},"modified":"2022-11-22T16:15:22","modified_gmt":"2022-11-22T19:15:22","slug":"video-veiculo-pega-fogo-no-bairro-do-country-club-na-tarde-desta-terca-feira-22","status":"publish","type":"post","link":"https:\/\/blogopara.com.br\/index.php\/2022\/11\/22\/video-veiculo-pega-fogo-no-bairro-do-country-club-na-tarde-desta-terca-feira-22","title":{"rendered":"[V\u00eddeo] Ve\u00edculo pega fogo no bairro do Country Club, na tarde desta ter\u00e7a-feira, 22"},"content":{"rendered":"<p style=\"text-align: justify;\">Um veiculo pegou fogo na Avenida Almirante Inha\u00fama, bairro Country Club. Segundo populares um homem e uma crian\u00e7a estavam no ve\u00edculo quando de repente come\u00e7aram as chamas, mas ningu\u00e9m se feriu.<\/p>\n<p style=\"text-align: justify;\">Uma guarni\u00e7\u00e3o do 9\u00ba GBM esteve no local para debelar o fogo. Ainda n\u00e3o se sabe as causas do inc\u00eandio.<\/p>\n<p>Informa\u00e7\u00f5es d\u00e3o conta que o ve\u00edculo pertence a Rodrigo da Arca Sport.<\/p>\n<p>Confira o v\u00eddeo:<\/p>\n<div style=\"width: 640px;\" class=\"wp-video\"><!--[if lt IE 9]><script>document.createElement('video');<\/script><![endif]-->\n<video class=\"wp-video-shortcode\" id=\"video-46035-1\" width=\"640\" height=\"360\" preload=\"metadata\" controls=\"controls\"><source type=\"video\/mp4\" src=\"https:\/\/blogopara.com.br\/wp-content\/uploads\/2022\/11\/WhatsApp-Video-2022-11-22-at-15.50.47.mp4?_=1\" \/><a href=\"https:\/\/blogopara.com.br\/wp-content\/uploads\/2022\/11\/WhatsApp-Video-2022-11-22-at-15.50.47.mp4\">https:\/\/blogopara.com.br\/wp-content\/uploads\/2022\/11\/WhatsApp-Video-2022-11-22-at-15.50.47.mp4<\/a><\/video><\/div>\n<p style=\"text-align: justify;\">\n","protected":false},"excerpt":{"rendered":"<p>Um veiculo pegou fogo na Avenida Almirante Inha\u00fama, bairro Country Club. Segundo populares um homem e uma crian\u00e7a estavam no ve\u00edculo quando de repente come\u00e7aram as chamas, mas ningu\u00e9m se feriu. Uma guarni\u00e7\u00e3o do 9\u00ba GBM esteve no local para debelar o fogo. Ainda n\u00e3o se sabe as causas do inc\u00eandio. Informa\u00e7\u00f5es d\u00e3o conta que [&hellip;]<\/p>\n","protected":false},"author":1,"featured_media":46037,"comment_status":"closed","ping_status":"open","sticky":false,"template":"","format":"standard","meta":{"_uag_custom_page_level_css":"","_monsterinsights_skip_tracking":false,"_monsterinsights_sitenote_active":false,"_monsterinsights_sitenote_note":"","_monsterinsights_sitenote_category":0,"jetpack_post_was_ever_published":false,"_jetpack_newsletter_access":"","_jetpack_dont_email_post_to_subs":false,"_jetpack_newsletter_tier_id":0,"_jetpack_memberships_contains_paywalled_content":false,"_jetpack_memberships_contains_paid_content":false,"footnotes":"","jetpack_publicize_message":"","jetpack_publicize_feature_enabled":true,"jetpack_social_post_already_shared":true,"jetpack_social_options":{"image_generator_settings":{"template":"highway","default_image_id":0,"font":"","enabled":false},"version":2}},"categories":[201,203],"tags":[],"class_list":["post-46035","post","type-post","status-publish","format-standard","has-post-thumbnail","hentry","category-bombeiro","category-juazeiro"],"jetpack_publicize_connections":[],"jetpack_featured_media_url":"https:\/\/blogopara.com.br\/wp-content\/uploads\/2022\/11\/Captura-de-tela-2022-11-22-160854.jpg","uagb_featured_image_src":{"full":["https:\/\/blogopara.com.br\/wp-content\/uploads\/2022\/11\/Captura-de-tela-2022-11-22-160854.jpg",500,281,false],"thumbnail":["https:\/\/blogopara.com.br\/wp-content\/uploads\/2022\/11\/Captura-de-tela-2022-11-22-160854-150x150.jpg",150,150,true],"medium":["https:\/\/blogopara.com.br\/wp-content\/uploads\/2022\/11\/Captura-de-tela-2022-11-22-160854-300x169.jpg",300,169,true],"medium_large":["https:\/\/blogopara.com.br\/wp-content\/uploads\/2022\/11\/Captura-de-tela-2022-11-22-160854.jpg",500,281,false],"large":["https:\/\/blogopara.com.br\/wp-content\/uploads\/2022\/11\/Captura-de-tela-2022-11-22-160854.jpg",500,281,false],"1536x1536":["https:\/\/blogopara.com.br\/wp-content\/uploads\/2022\/11\/Captura-de-tela-2022-11-22-160854.jpg",500,281,false],"2048x2048":["https:\/\/blogopara.com.br\/wp-content\/uploads\/2022\/11\/Captura-de-tela-2022-11-22-160854.jpg",500,281,false],"mantranews-slider-large":["https:\/\/blogopara.com.br\/wp-content\/uploads\/2022\/11\/Captura-de-tela-2022-11-22-160854.jpg",500,281,false],"mantranews-featured-medium":["https:\/\/blogopara.com.br\/wp-content\/uploads\/2022\/11\/Captura-de-tela-2022-11-22-160854-420x281.jpg",420,281,true],"mantranews-featured-long":["https:\/\/blogopara.com.br\/wp-content\/uploads\/2022\/11\/Captura-de-tela-2022-11-22-160854-300x281.jpg",300,281,true],"mantranews-block-medium":["https:\/\/blogopara.com.br\/wp-content\/uploads\/2022\/11\/Captura-de-tela-2022-11-22-160854-464x281.jpg",464,281,true],"mantranews-carousel-image":["https:\/\/blogopara.com.br\/wp-content\/uploads\/2022\/11\/Captura-de-tela-2022-11-22-160854.jpg",500,281,false],"mantranews-block-thumb":["https:\/\/blogopara.com.br\/wp-content\/uploads\/2022\/11\/Captura-de-tela-2022-11-22-160854-322x230.jpg",322,230,true],"mantranews-single-large":["https:\/\/blogopara.com.br\/wp-content\/uploads\/2022\/11\/Captura-de-tela-2022-11-22-160854.jpg",500,281,false]},"uagb_author_info":{"display_name":"Reda\u00e7\u00e3o geral","author_link":"https:\/\/blogopara.com.br\/index.php\/author\/blogopara"},"uagb_comment_info":0,"uagb_excerpt":"Um veiculo pegou fogo na Avenida Almirante Inha\u00fama, bairro Country Club. Segundo populares um homem e uma crian\u00e7a estavam no ve\u00edculo quando de repente come\u00e7aram as chamas, mas ningu\u00e9m se feriu. Uma guarni\u00e7\u00e3o do 9\u00ba GBM esteve no local para debelar o fogo. Ainda n\u00e3o se sabe as causas do inc\u00eandio. Informa\u00e7\u00f5es d\u00e3o conta que&hellip;","jetpack_sharing_enabled":true,"jetpack_likes_enabled":true,"_links":{"self":[{"href":"https:\/\/blogopara.com.br\/index.php\/wp-json\/wp\/v2\/posts\/46035","targetHints":{"allow":["GET"]}}],"collection":[{"href":"https:\/\/blogopara.com.br\/index.php\/wp-json\/wp\/v2\/posts"}],"about":[{"href":"https:\/\/blogopara.com.br\/index.php\/wp-json\/wp\/v2\/types\/post"}],"author":[{"embeddable":true,"href":"https:\/\/blogopara.com.br\/index.php\/wp-json\/wp\/v2\/users\/1"}],"replies":[{"embeddable":true,"href":"https:\/\/blogopara.com.br\/index.php\/wp-json\/wp\/v2\/comments?post=46035"}],"version-history":[{"count":2,"href":"https:\/\/blogopara.com.br\/index.php\/wp-json\/wp\/v2\/posts\/46035\/revisions"}],"predecessor-version":[{"id":46040,"href":"https:\/\/blogopara.com.br\/index.php\/wp-json\/wp\/v2\/posts\/46035\/revisions\/46040"}],"wp:featuredmedia":[{"embeddable":true,"href":"https:\/\/blogopara.com.br\/index.php\/wp-json\/wp\/v2\/media\/46037"}],"wp:attachment":[{"href":"https:\/\/blogopara.com.br\/index.php\/wp-json\/wp\/v2\/media?parent=46035"}],"wp:term":[{"taxonomy":"category","embeddable":true,"href":"https:\/\/blogopara.com.br\/index.php\/wp-json\/wp\/v2\/categories?post=46035"},{"taxonomy":"post_tag","embeddable":true,"href":"https:\/\/blogopara.com.br\/index.php\/wp-json\/wp\/v2\/tags?post=46035"}],"curies":[{"name":"wp","href":"https:\/\/api.w.org\/{rel}","templated":true}]}}