{"id":46085,"date":"2022-11-24T13:48:00","date_gmt":"2022-11-24T16:48:00","guid":{"rendered":"https:\/\/blogopara.com.br\/?p=46085"},"modified":"2022-11-24T08:50:51","modified_gmt":"2022-11-24T11:50:51","slug":"decisao-de-moraes-sobre-multa-de-r-22-milhoes-no-pl-gera-memes-veja-repercussao","status":"publish","type":"post","link":"https:\/\/blogopara.com.br\/index.php\/2022\/11\/24\/decisao-de-moraes-sobre-multa-de-r-22-milhoes-no-pl-gera-memes-veja-repercussao","title":{"rendered":"Decis\u00e3o de Moraes sobre multa de R$ 22 milh\u00f5es no PL gera memes; veja repercuss\u00e3o"},"content":{"rendered":"<p class=\"texto\" style=\"text-align: justify;\">A decis\u00e3o de Alexandre de Moraes, presidente do TSE, de aplicar uma\u00a0<a href=\"https:\/\/jc.ne10.uol.com.br\/colunas\/jamildo\/2022\/11\/15127435-entenda-decisao-de-alexandre-de-moraes-no-tse-que-gerou-multa-para-coligacao-de-bolsonaro-em-rs-229-milhoes.html\"><strong>multa milion\u00e1ria no PL<\/strong><\/a>\u00a0por conta da contesta\u00e7\u00e3o das urnas usadas no segundo turno, gerou memes e piadas na Internet.<\/p>\n<p class=\"texto\" style=\"text-align: justify;\">Na noite de ontem, Moraes aplicou multa de R$ 22,9 milh\u00f5es sobre o partido, sob a justificativa de que o pedido havia sido feito por \u201cm\u00e1-f\u00e9\u201d.<\/p>\n<p class=\"texto\" style=\"text-align: justify;\">Na internet, muitos usu\u00e1rios fizeram piada associando o valor da multa ao n\u00famero do Partido Liberal.<\/p>\n<p class=\"texto\" style=\"text-align: justify;\">Um deles foi o deputado\u00a0<a href=\"https:\/\/jc.ne10.uol.com.br\/colunas\/jamildo\/2022\/11\/15124793-janones-bate-martelo-apos-audio-de-ministro-do-tcu-insinuando-movimento-forte-por-bolsonaro-veja-decisao.html\"><strong>Andr\u00e9 Janones<\/strong><\/a>, que publicou uma montagem de Moraes posando ao lado de um t\u00famulo com o emblema do PL na l\u00e1pide.<\/p>\n<p class=\"texto\" style=\"text-align: justify;\">Outros ca\u00e7oaram da decis\u00e3o de Moraes bloquear o fundo partid\u00e1rio do PL at\u00e9 que a multa milion\u00e1ria seja paga.<\/p>\n<div class=\"banner-2 ads ads-billboard is-loaded\" style=\"text-align: justify;\">\n<div id=\"banner-300x250-2-area\">\n<div id=\"google_ads_iframe_\/8804\/parceiros\/ne_10\/jornal_do_commercio\/blog\/jamildo_6__container__\"><\/div>\n<\/div>\n<\/div>\n<h2 style=\"text-align: justify;\">Confira a repercuss\u00e3o nas redes<\/h2>\n<div class=\"twitter-tweet twitter-tweet-rendered\" style=\"text-align: justify;\"><iframe id=\"twitter-widget-0\" class=\"\" title=\"Twitter Tweet\" src=\"https:\/\/platform.twitter.com\/embed\/Tweet.html?dnt=false&amp;embedId=twitter-widget-0&amp;features=eyJ0ZndfdGltZWxpbmVfbGlzdCI6eyJidWNrZXQiOlsibGlua3RyLmVlIiwidHIuZWUiLCJ0ZXJyYS5jb20uYnIiLCJ3d3cubGlua3RyLmVlIiwid3d3LnRyLmVlIiwid3d3LnRlcnJhLmNvbS5iciJdLCJ2ZXJzaW9uIjpudWxsfSwidGZ3X2hvcml6b25fdGltZWxpbmVfMTIwMzQiOnsiYnVja2V0IjoidHJlYXRtZW50IiwidmVyc2lvbiI6bnVsbH0sInRmd190d2VldF9lZGl0X2JhY2tlbmQiOnsiYnVja2V0Ijoib24iLCJ2ZXJzaW9uIjpudWxsfSwidGZ3X3JlZnNyY19zZXNzaW9uIjp7ImJ1Y2tldCI6Im9uIiwidmVyc2lvbiI6bnVsbH0sInRmd19jaGluX3BpbGxzXzE0NzQxIjp7ImJ1Y2tldCI6ImNvbG9yX2ljb25zIiwidmVyc2lvbiI6bnVsbH0sInRmd190d2VldF9yZXN1bHRfbWlncmF0aW9uXzEzOTc5Ijp7ImJ1Y2tldCI6InR3ZWV0X3Jlc3VsdCIsInZlcnNpb24iOm51bGx9LCJ0Zndfc2Vuc2l0aXZlX21lZGlhX2ludGVyc3RpdGlhbF8xMzk2MyI6eyJidWNrZXQiOiJpbnRlcnN0aXRpYWwiLCJ2ZXJzaW9uIjpudWxsfSwidGZ3X2V4cGVyaW1lbnRzX2Nvb2tpZV9leHBpcmF0aW9uIjp7ImJ1Y2tldCI6MTIwOTYwMCwidmVyc2lvbiI6bnVsbH0sInRmd19kdXBsaWNhdGVfc2NyaWJlc190b19zZXR0aW5ncyI6eyJidWNrZXQiOiJvbiIsInZlcnNpb24iOm51bGx9LCJ0ZndfdmlkZW9faGxzX2R5bmFtaWNfbWFuaWZlc3RzXzE1MDgyIjp7ImJ1Y2tldCI6InRydWVfYml0cmF0ZSIsInZlcnNpb24iOm51bGx9LCJ0Zndfc2hvd19ibHVlX3ZlcmlmaWVkX2JhZGdlIjp7ImJ1Y2tldCI6Im9uIiwidmVyc2lvbiI6bnVsbH0sInRmd190d2VldF9lZGl0X2Zyb250ZW5kIjp7ImJ1Y2tldCI6Im9uIiwidmVyc2lvbiI6bnVsbH19&amp;frame=false&amp;hideCard=false&amp;hideThread=false&amp;id=1595577576227045376&amp;lang=pt&amp;origin=https%3A%2F%2Fjc.ne10.uol.com.br%2Fcolunas%2Fjamildo%2F2022%2F11%2F15127466-decisao-de-moraes-sobre-pl-de-bolsonaro-gera-memes-veja-repercussao.html&amp;sessionId=23ab5976f2762f970b9b21ac1b5d1d85fb7c8a07&amp;siteScreenName=https%3A%2F%2Fjc.ne10.uol.com.br%2F_conteudo%2Fcolunas%2Fjamildo%2Findex.html&amp;theme=light&amp;widgetsVersion=a3525f077c700%3A1667415560940&amp;width=550px\" frameborder=\"0\" scrolling=\"no\" allowfullscreen=\"allowfullscreen\" data-tweet-id=\"1595577576227045376\" data-mce-fragment=\"1\"><\/iframe><\/div>\n<p class=\"texto\" style=\"text-align: justify;\">\n<div class=\"twitter-tweet twitter-tweet-rendered\" style=\"text-align: justify;\"><iframe id=\"twitter-widget-1\" class=\"\" title=\"Twitter Tweet\" src=\"https:\/\/platform.twitter.com\/embed\/Tweet.html?dnt=false&amp;embedId=twitter-widget-1&amp;features=eyJ0ZndfdGltZWxpbmVfbGlzdCI6eyJidWNrZXQiOlsibGlua3RyLmVlIiwidHIuZWUiLCJ0ZXJyYS5jb20uYnIiLCJ3d3cubGlua3RyLmVlIiwid3d3LnRyLmVlIiwid3d3LnRlcnJhLmNvbS5iciJdLCJ2ZXJzaW9uIjpudWxsfSwidGZ3X2hvcml6b25fdGltZWxpbmVfMTIwMzQiOnsiYnVja2V0IjoidHJlYXRtZW50IiwidmVyc2lvbiI6bnVsbH0sInRmd190d2VldF9lZGl0X2JhY2tlbmQiOnsiYnVja2V0Ijoib24iLCJ2ZXJzaW9uIjpudWxsfSwidGZ3X3JlZnNyY19zZXNzaW9uIjp7ImJ1Y2tldCI6Im9uIiwidmVyc2lvbiI6bnVsbH0sInRmd19jaGluX3BpbGxzXzE0NzQxIjp7ImJ1Y2tldCI6ImNvbG9yX2ljb25zIiwidmVyc2lvbiI6bnVsbH0sInRmd190d2VldF9yZXN1bHRfbWlncmF0aW9uXzEzOTc5Ijp7ImJ1Y2tldCI6InR3ZWV0X3Jlc3VsdCIsInZlcnNpb24iOm51bGx9LCJ0Zndfc2Vuc2l0aXZlX21lZGlhX2ludGVyc3RpdGlhbF8xMzk2MyI6eyJidWNrZXQiOiJpbnRlcnN0aXRpYWwiLCJ2ZXJzaW9uIjpudWxsfSwidGZ3X2V4cGVyaW1lbnRzX2Nvb2tpZV9leHBpcmF0aW9uIjp7ImJ1Y2tldCI6MTIwOTYwMCwidmVyc2lvbiI6bnVsbH0sInRmd19kdXBsaWNhdGVfc2NyaWJlc190b19zZXR0aW5ncyI6eyJidWNrZXQiOiJvbiIsInZlcnNpb24iOm51bGx9LCJ0ZndfdmlkZW9faGxzX2R5bmFtaWNfbWFuaWZlc3RzXzE1MDgyIjp7ImJ1Y2tldCI6InRydWVfYml0cmF0ZSIsInZlcnNpb24iOm51bGx9LCJ0Zndfc2hvd19ibHVlX3ZlcmlmaWVkX2JhZGdlIjp7ImJ1Y2tldCI6Im9uIiwidmVyc2lvbiI6bnVsbH0sInRmd190d2VldF9lZGl0X2Zyb250ZW5kIjp7ImJ1Y2tldCI6Im9uIiwidmVyc2lvbiI6bnVsbH19&amp;frame=false&amp;hideCard=false&amp;hideThread=false&amp;id=1595579664432504833&amp;lang=pt&amp;origin=https%3A%2F%2Fjc.ne10.uol.com.br%2Fcolunas%2Fjamildo%2F2022%2F11%2F15127466-decisao-de-moraes-sobre-pl-de-bolsonaro-gera-memes-veja-repercussao.html&amp;sessionId=23ab5976f2762f970b9b21ac1b5d1d85fb7c8a07&amp;siteScreenName=https%3A%2F%2Fjc.ne10.uol.com.br%2F_conteudo%2Fcolunas%2Fjamildo%2Findex.html&amp;theme=light&amp;widgetsVersion=a3525f077c700%3A1667415560940&amp;width=550px\" frameborder=\"0\" scrolling=\"no\" allowfullscreen=\"allowfullscreen\" data-tweet-id=\"1595579664432504833\" data-mce-fragment=\"1\"><\/iframe><\/div>\n<p class=\"texto\" style=\"text-align: justify;\">\n<blockquote class=\"twitter-tweet\" data-twitter-extracted-i1669290492670885096=\"true\">\n<p dir=\"ltr\" lang=\"pt\">22 MILH\u00d5ES DE MULTA E N VAI PODER TIRAR DO FUND\u00c3O KKKKKKKKKKKKKKKKKKKKKKKKKKKKKKKKKKKKKKKKKKKKKKKK\u00a0<a href=\"https:\/\/t.co\/ENLe81hvPx\">pic.twitter.com\/ENLe81hvPx<\/a><\/p>\n<p>\u2014 andre na copa (@theandrewlife)\u00a0<a href=\"https:\/\/twitter.com\/theandrewlife\/status\/1595579606194593794?ref_src=twsrc%5Etfw\">November 24, 2022<\/a><\/p><\/blockquote>\n<p class=\"texto\" style=\"text-align: justify;\">\n<div class=\"banner-3 ads ads-billboard is-loaded\" style=\"text-align: justify;\">\n<div id=\"banner-300x250-3-area\" data-google-query-id=\"CKaP-uzfxvsCFfy4lQIdhhwG2w\">\n<div id=\"google_ads_iframe_\/8804\/parceiros\/ne_10\/jornal_do_commercio\/blog\/jamildo_7__container__\"><\/div>\n<\/div>\n<\/div>\n<div class=\"twitter-tweet twitter-tweet-rendered\" style=\"text-align: justify;\"><iframe id=\"twitter-widget-3\" class=\"\" title=\"Twitter Tweet\" src=\"https:\/\/platform.twitter.com\/embed\/Tweet.html?dnt=false&amp;embedId=twitter-widget-3&amp;features=eyJ0ZndfdGltZWxpbmVfbGlzdCI6eyJidWNrZXQiOlsibGlua3RyLmVlIiwidHIuZWUiLCJ0ZXJyYS5jb20uYnIiLCJ3d3cubGlua3RyLmVlIiwid3d3LnRyLmVlIiwid3d3LnRlcnJhLmNvbS5iciJdLCJ2ZXJzaW9uIjpudWxsfSwidGZ3X2hvcml6b25fdGltZWxpbmVfMTIwMzQiOnsiYnVja2V0IjoidHJlYXRtZW50IiwidmVyc2lvbiI6bnVsbH0sInRmd190d2VldF9lZGl0X2JhY2tlbmQiOnsiYnVja2V0Ijoib24iLCJ2ZXJzaW9uIjpudWxsfSwidGZ3X3JlZnNyY19zZXNzaW9uIjp7ImJ1Y2tldCI6Im9uIiwidmVyc2lvbiI6bnVsbH0sInRmd19jaGluX3BpbGxzXzE0NzQxIjp7ImJ1Y2tldCI6ImNvbG9yX2ljb25zIiwidmVyc2lvbiI6bnVsbH0sInRmd190d2VldF9yZXN1bHRfbWlncmF0aW9uXzEzOTc5Ijp7ImJ1Y2tldCI6InR3ZWV0X3Jlc3VsdCIsInZlcnNpb24iOm51bGx9LCJ0Zndfc2Vuc2l0aXZlX21lZGlhX2ludGVyc3RpdGlhbF8xMzk2MyI6eyJidWNrZXQiOiJpbnRlcnN0aXRpYWwiLCJ2ZXJzaW9uIjpudWxsfSwidGZ3X2V4cGVyaW1lbnRzX2Nvb2tpZV9leHBpcmF0aW9uIjp7ImJ1Y2tldCI6MTIwOTYwMCwidmVyc2lvbiI6bnVsbH0sInRmd19kdXBsaWNhdGVfc2NyaWJlc190b19zZXR0aW5ncyI6eyJidWNrZXQiOiJvbiIsInZlcnNpb24iOm51bGx9LCJ0ZndfdmlkZW9faGxzX2R5bmFtaWNfbWFuaWZlc3RzXzE1MDgyIjp7ImJ1Y2tldCI6InRydWVfYml0cmF0ZSIsInZlcnNpb24iOm51bGx9LCJ0Zndfc2hvd19ibHVlX3ZlcmlmaWVkX2JhZGdlIjp7ImJ1Y2tldCI6Im9uIiwidmVyc2lvbiI6bnVsbH0sInRmd190d2VldF9lZGl0X2Zyb250ZW5kIjp7ImJ1Y2tldCI6Im9uIiwidmVyc2lvbiI6bnVsbH19&amp;frame=false&amp;hideCard=false&amp;hideThread=false&amp;id=1595717208633638912&amp;lang=pt&amp;origin=https%3A%2F%2Fjc.ne10.uol.com.br%2Fcolunas%2Fjamildo%2F2022%2F11%2F15127466-decisao-de-moraes-sobre-pl-de-bolsonaro-gera-memes-veja-repercussao.html&amp;sessionId=23ab5976f2762f970b9b21ac1b5d1d85fb7c8a07&amp;siteScreenName=https%3A%2F%2Fjc.ne10.uol.com.br%2F_conteudo%2Fcolunas%2Fjamildo%2Findex.html&amp;theme=light&amp;widgetsVersion=a3525f077c700%3A1667415560940&amp;width=550px\" frameborder=\"0\" scrolling=\"no\" allowfullscreen=\"allowfullscreen\" data-tweet-id=\"1595717208633638912\" data-mce-fragment=\"1\"><\/iframe><\/div>\n<p class=\"texto\" style=\"text-align: justify;\">\n<div class=\"twitter-tweet twitter-tweet-rendered\" style=\"text-align: justify;\"><iframe id=\"twitter-widget-4\" class=\"\" title=\"Twitter Tweet\" src=\"https:\/\/platform.twitter.com\/embed\/Tweet.html?dnt=false&amp;embedId=twitter-widget-4&amp;features=eyJ0ZndfdGltZWxpbmVfbGlzdCI6eyJidWNrZXQiOlsibGlua3RyLmVlIiwidHIuZWUiLCJ0ZXJyYS5jb20uYnIiLCJ3d3cubGlua3RyLmVlIiwid3d3LnRyLmVlIiwid3d3LnRlcnJhLmNvbS5iciJdLCJ2ZXJzaW9uIjpudWxsfSwidGZ3X2hvcml6b25fdGltZWxpbmVfMTIwMzQiOnsiYnVja2V0IjoidHJlYXRtZW50IiwidmVyc2lvbiI6bnVsbH0sInRmd190d2VldF9lZGl0X2JhY2tlbmQiOnsiYnVja2V0Ijoib24iLCJ2ZXJzaW9uIjpudWxsfSwidGZ3X3JlZnNyY19zZXNzaW9uIjp7ImJ1Y2tldCI6Im9uIiwidmVyc2lvbiI6bnVsbH0sInRmd19jaGluX3BpbGxzXzE0NzQxIjp7ImJ1Y2tldCI6ImNvbG9yX2ljb25zIiwidmVyc2lvbiI6bnVsbH0sInRmd190d2VldF9yZXN1bHRfbWlncmF0aW9uXzEzOTc5Ijp7ImJ1Y2tldCI6InR3ZWV0X3Jlc3VsdCIsInZlcnNpb24iOm51bGx9LCJ0Zndfc2Vuc2l0aXZlX21lZGlhX2ludGVyc3RpdGlhbF8xMzk2MyI6eyJidWNrZXQiOiJpbnRlcnN0aXRpYWwiLCJ2ZXJzaW9uIjpudWxsfSwidGZ3X2V4cGVyaW1lbnRzX2Nvb2tpZV9leHBpcmF0aW9uIjp7ImJ1Y2tldCI6MTIwOTYwMCwidmVyc2lvbiI6bnVsbH0sInRmd19kdXBsaWNhdGVfc2NyaWJlc190b19zZXR0aW5ncyI6eyJidWNrZXQiOiJvbiIsInZlcnNpb24iOm51bGx9LCJ0ZndfdmlkZW9faGxzX2R5bmFtaWNfbWFuaWZlc3RzXzE1MDgyIjp7ImJ1Y2tldCI6InRydWVfYml0cmF0ZSIsInZlcnNpb24iOm51bGx9LCJ0Zndfc2hvd19ibHVlX3ZlcmlmaWVkX2JhZGdlIjp7ImJ1Y2tldCI6Im9uIiwidmVyc2lvbiI6bnVsbH0sInRmd190d2VldF9lZGl0X2Zyb250ZW5kIjp7ImJ1Y2tldCI6Im9uIiwidmVyc2lvbiI6bnVsbH19&amp;frame=false&amp;hideCard=false&amp;hideThread=false&amp;id=1595717208633638912&amp;lang=pt&amp;origin=https%3A%2F%2Fjc.ne10.uol.com.br%2Fcolunas%2Fjamildo%2F2022%2F11%2F15127466-decisao-de-moraes-sobre-pl-de-bolsonaro-gera-memes-veja-repercussao.html&amp;sessionId=23ab5976f2762f970b9b21ac1b5d1d85fb7c8a07&amp;siteScreenName=https%3A%2F%2Fjc.ne10.uol.com.br%2F_conteudo%2Fcolunas%2Fjamildo%2Findex.html&amp;theme=light&amp;widgetsVersion=a3525f077c700%3A1667415560940&amp;width=550px\" frameborder=\"0\" scrolling=\"no\" allowfullscreen=\"allowfullscreen\" data-tweet-id=\"1595717208633638912\" data-mce-fragment=\"1\"><\/iframe><\/div>\n<p class=\"texto\" style=\"text-align: justify;\">\n<p class=\"texto\" style=\"text-align: justify;\"><iframe loading=\"lazy\" id=\"instagram-embed-0\" class=\"instagram-media instagram-media-rendered\" src=\"https:\/\/www.instagram.com\/p\/ClU2aefL8oA\/embed\/captioned\/?cr=1&amp;v=14&amp;wp=485&amp;rd=http%3A%2F%2Ffivenews.sjcc.com.br&amp;rp=%2Findex.php#%7B%22ci%22%3A0%2C%22os%22%3A344510.7000000002%2C%22ls%22%3A344304.4000000004%2C%22le%22%3A344505%7D\" width=\"300\" height=\"786\" frameborder=\"0\" scrolling=\"no\" allowfullscreen=\"allowfullscreen\" data-instgrm-payload-id=\"instagram-media-payload-0\" data-mce-fragment=\"1\"><\/iframe><\/p>\n<div class=\"banner-4 ads ads-billboard is-loaded\" style=\"text-align: justify;\">\n<div id=\"banner-300x250-4-area\" data-google-query-id=\"COiIke7fxvsCFUBEuAQdNz4HGQ\">\n<div id=\"google_ads_iframe_\/8804\/parceiros\/ne_10\/jornal_do_commercio\/blog\/jamildo_8__container__\"><\/div>\n<\/div>\n<\/div>\n<p class=\"texto\" style=\"text-align: justify;\"><iframe loading=\"lazy\" src=\"https:\/\/player.mais.uol.com.br\/?mediaId=17118789&amp;type=video\" width=\"100%\" height=\"290\" frameborder=\"0\" allowfullscreen=\"allowfullscreen\" data-mce-fragment=\"1\"><\/iframe><\/p>\n","protected":false},"excerpt":{"rendered":"<p>A decis\u00e3o de Alexandre de Moraes, presidente do TSE, de aplicar uma\u00a0multa milion\u00e1ria no PL\u00a0por conta da contesta\u00e7\u00e3o das urnas usadas no segundo turno, gerou memes e piadas na Internet. Na noite de ontem, Moraes aplicou multa de R$ 22,9 milh\u00f5es sobre o partido, sob a justificativa de que o pedido havia sido feito por [&hellip;]<\/p>\n","protected":false},"author":1,"featured_media":46086,"comment_status":"closed","ping_status":"open","sticky":false,"template":"","format":"standard","meta":{"_uag_custom_page_level_css":"","_monsterinsights_skip_tracking":false,"_monsterinsights_sitenote_active":false,"_monsterinsights_sitenote_note":"","_monsterinsights_sitenote_category":0,"jetpack_post_was_ever_published":false,"_jetpack_newsletter_access":"","_jetpack_dont_email_post_to_subs":false,"_jetpack_newsletter_tier_id":0,"_jetpack_memberships_contains_paywalled_content":false,"_jetpack_memberships_contains_paid_content":false,"footnotes":"","jetpack_publicize_message":"","jetpack_publicize_feature_enabled":true,"jetpack_social_post_already_shared":true,"jetpack_social_options":{"image_generator_settings":{"template":"highway","default_image_id":0,"font":"","enabled":false},"version":2}},"categories":[200,10109],"tags":[],"class_list":["post-46085","post","type-post","status-publish","format-standard","has-post-thumbnail","hentry","category-brasil","category-eleicoes-2022"],"jetpack_publicize_connections":[],"jetpack_featured_media_url":"https:\/\/blogopara.com.br\/wp-content\/uploads\/2022\/11\/1_moraes_pl-22071934.jpg","uagb_featured_image_src":{"full":["https:\/\/blogopara.com.br\/wp-content\/uploads\/2022\/11\/1_moraes_pl-22071934.jpg",500,274,false],"thumbnail":["https:\/\/blogopara.com.br\/wp-content\/uploads\/2022\/11\/1_moraes_pl-22071934-150x150.jpg",150,150,true],"medium":["https:\/\/blogopara.com.br\/wp-content\/uploads\/2022\/11\/1_moraes_pl-22071934-300x164.jpg",300,164,true],"medium_large":["https:\/\/blogopara.com.br\/wp-content\/uploads\/2022\/11\/1_moraes_pl-22071934.jpg",500,274,false],"large":["https:\/\/blogopara.com.br\/wp-content\/uploads\/2022\/11\/1_moraes_pl-22071934.jpg",500,274,false],"1536x1536":["https:\/\/blogopara.com.br\/wp-content\/uploads\/2022\/11\/1_moraes_pl-22071934.jpg",500,274,false],"2048x2048":["https:\/\/blogopara.com.br\/wp-content\/uploads\/2022\/11\/1_moraes_pl-22071934.jpg",500,274,false],"mantranews-slider-large":["https:\/\/blogopara.com.br\/wp-content\/uploads\/2022\/11\/1_moraes_pl-22071934.jpg",500,274,false],"mantranews-featured-medium":["https:\/\/blogopara.com.br\/wp-content\/uploads\/2022\/11\/1_moraes_pl-22071934-420x274.jpg",420,274,true],"mantranews-featured-long":["https:\/\/blogopara.com.br\/wp-content\/uploads\/2022\/11\/1_moraes_pl-22071934-300x274.jpg",300,274,true],"mantranews-block-medium":["https:\/\/blogopara.com.br\/wp-content\/uploads\/2022\/11\/1_moraes_pl-22071934-464x274.jpg",464,274,true],"mantranews-carousel-image":["https:\/\/blogopara.com.br\/wp-content\/uploads\/2022\/11\/1_moraes_pl-22071934.jpg",500,274,false],"mantranews-block-thumb":["https:\/\/blogopara.com.br\/wp-content\/uploads\/2022\/11\/1_moraes_pl-22071934-322x230.jpg",322,230,true],"mantranews-single-large":["https:\/\/blogopara.com.br\/wp-content\/uploads\/2022\/11\/1_moraes_pl-22071934.jpg",500,274,false]},"uagb_author_info":{"display_name":"Reda\u00e7\u00e3o geral","author_link":"https:\/\/blogopara.com.br\/index.php\/author\/blogopara"},"uagb_comment_info":0,"uagb_excerpt":"A decis\u00e3o de Alexandre de Moraes, presidente do TSE, de aplicar uma\u00a0multa milion\u00e1ria no PL\u00a0por conta da contesta\u00e7\u00e3o das urnas usadas no segundo turno, gerou memes e piadas na Internet. Na noite de ontem, Moraes aplicou multa de R$ 22,9 milh\u00f5es sobre o partido, sob a justificativa de que o pedido havia sido feito por&hellip;","jetpack_sharing_enabled":true,"jetpack_likes_enabled":true,"_links":{"self":[{"href":"https:\/\/blogopara.com.br\/index.php\/wp-json\/wp\/v2\/posts\/46085","targetHints":{"allow":["GET"]}}],"collection":[{"href":"https:\/\/blogopara.com.br\/index.php\/wp-json\/wp\/v2\/posts"}],"about":[{"href":"https:\/\/blogopara.com.br\/index.php\/wp-json\/wp\/v2\/types\/post"}],"author":[{"embeddable":true,"href":"https:\/\/blogopara.com.br\/index.php\/wp-json\/wp\/v2\/users\/1"}],"replies":[{"embeddable":true,"href":"https:\/\/blogopara.com.br\/index.php\/wp-json\/wp\/v2\/comments?post=46085"}],"version-history":[{"count":1,"href":"https:\/\/blogopara.com.br\/index.php\/wp-json\/wp\/v2\/posts\/46085\/revisions"}],"predecessor-version":[{"id":46087,"href":"https:\/\/blogopara.com.br\/index.php\/wp-json\/wp\/v2\/posts\/46085\/revisions\/46087"}],"wp:featuredmedia":[{"embeddable":true,"href":"https:\/\/blogopara.com.br\/index.php\/wp-json\/wp\/v2\/media\/46086"}],"wp:attachment":[{"href":"https:\/\/blogopara.com.br\/index.php\/wp-json\/wp\/v2\/media?parent=46085"}],"wp:term":[{"taxonomy":"category","embeddable":true,"href":"https:\/\/blogopara.com.br\/index.php\/wp-json\/wp\/v2\/categories?post=46085"},{"taxonomy":"post_tag","embeddable":true,"href":"https:\/\/blogopara.com.br\/index.php\/wp-json\/wp\/v2\/tags?post=46085"}],"curies":[{"name":"wp","href":"https:\/\/api.w.org\/{rel}","templated":true}]}}