{"id":4616,"date":"2019-11-08T18:11:48","date_gmt":"2019-11-08T20:11:48","guid":{"rendered":"http:\/\/blogopara.com.br\/?p=4616"},"modified":"2019-11-08T18:11:57","modified_gmt":"2019-11-08T20:11:57","slug":"juiz-autoriza-soltura-de-lula-apos-decisao-do-supremo","status":"publish","type":"post","link":"https:\/\/blogopara.com.br\/index.php\/2019\/11\/08\/juiz-autoriza-soltura-de-lula-apos-decisao-do-supremo","title":{"rendered":"Juiz autoriza soltura de Lula ap\u00f3s decis\u00e3o do Supremo"},"content":{"rendered":"<div style=\"text-align: justify;\">O juiz federal Danilo Pereira Jr, da 12\u00aa Vara Federal de Curitiba, atendeu ao pedido da defesa do ex-presidente Luiz In\u00e1cio Lula da Silva e determinou nesta sexta-feira, 8, que ele seja solto. Com a decis\u00e3o da magistrado, Lula deixar\u00e1 a Superintend\u00eancia da Pol\u00edcia Federal em Curitiba ap\u00f3s 580 dias preso. Ele cumpria pena no processo da Opera\u00e7\u00e3o Lava Jato referente ao tr\u00edplex do Guaruj\u00e1 (SP), no qual foi condenado a 8 anos, 10 meses e 20 dias de pris\u00e3o pelo Superior Tribunal de Justi\u00e7a (STJ).<\/div>\n<div style=\"text-align: justify;\"><\/div>\n<div style=\"text-align: justify;\">Por volta das 11h desta sexta, ap\u00f3s uma reuni\u00e3o entre o advogado Cristiano Zanin Martins e Lula na sala onde o petista est\u00e1 preso, na Superintend\u00eancia da Pol\u00edcia Federal em Curitiba, a defesa do ex-presidente pediu \u00e0 magistrada a soltura imediata dele. A peti\u00e7\u00e3o se baseou na decis\u00e3o tomada na quinta-feira 7 pelo Supremo Tribunal Federal (STF), que proibiu pris\u00f5es de r\u00e9us condenados em segunda inst\u00e2ncia para cumprir pena.<\/div>\n<div style=\"text-align: justify;\"><\/div>\n<div>\n<div style=\"text-align: justify;\">Por meio de sua conta no Twitter, Zanin escreveu ter sugerido a Lula que o pedido fosse feito imediatamente, \u201csem preju\u00edzo de continuarmos a priorizar o HC da suspei\u00e7\u00e3o\u201d. A defesa do petista tenta no STF anular o processo do tr\u00edplex do Guaruj\u00e1 alegando suspei\u00e7\u00e3o do ex-juiz federal Sergio Moro, hoje ministro da Justi\u00e7a e Seguran\u00e7a P\u00fablica. O habeas corpus est\u00e1 em an\u00e1lise pela Segunda Turma do Supremo.<\/div>\n<div style=\"text-align: justify;\"><\/div>\n<div style=\"text-align: justify;\">Com a decis\u00e3o do STF, Lula poder\u00e1 recorrer em liberdade at\u00e9 que se esgotem todos os recursos aos tribunais superiores, o chamado tr\u00e2nsito em julgado. O STJ, que confirmou a condena\u00e7\u00e3o no caso do tr\u00edplex do Guaruj\u00e1, analisa embargos de declara\u00e7\u00e3o movidos pela defesa do ex-presidente contra a senten\u00e7a do tribunal.<\/div>\n<div style=\"text-align: justify;\"><\/div>\n<div style=\"text-align: justify;\">Embora continue ineleg\u00edvel com base na Lei da Ficha Limpa, que barra candidaturas de condenados por tribunais colegiados, como os de segunda inst\u00e2ncia, Lula poder\u00e1 atuar politicamente e \u201candar pelo pa\u00eds\u201d, como dizem aliados. O PT e movimentos pr\u00f3ximos do partido planejam atos para a soltura dele em Curitiba e em S\u00e3o Bernardo do Campo (SP), al\u00e9m de caravanas pelo pa\u00eds.<\/div>\n<\/div>\n","protected":false},"excerpt":{"rendered":"<p>Preso em abril de 2018, ex-presidente foi beneficiado por julgamento no STF sobre pris\u00e3o de condenados ap\u00f3s segunda inst\u00e2ncia<\/p>\n","protected":false},"author":1,"featured_media":4617,"comment_status":"open","ping_status":"open","sticky":false,"template":"","format":"standard","meta":{"_uag_custom_page_level_css":"","_monsterinsights_skip_tracking":false,"_monsterinsights_sitenote_active":false,"_monsterinsights_sitenote_note":"","_monsterinsights_sitenote_category":0,"jetpack_post_was_ever_published":false,"_jetpack_newsletter_access":"","_jetpack_dont_email_post_to_subs":false,"_jetpack_newsletter_tier_id":0,"_jetpack_memberships_contains_paywalled_content":false,"_jetpack_memberships_contains_paid_content":false,"footnotes":"","jetpack_publicize_message":"","jetpack_publicize_feature_enabled":true,"jetpack_social_post_already_shared":true,"jetpack_social_options":{"image_generator_settings":{"template":"highway","default_image_id":0,"font":"","enabled":false},"version":2}},"categories":[200],"tags":[],"class_list":["post-4616","post","type-post","status-publish","format-standard","has-post-thumbnail","hentry","category-brasil"],"jetpack_publicize_connections":[],"jetpack_featured_media_url":"https:\/\/blogopara.com.br\/wp-content\/uploads\/2019\/11\/lula-da-silva.jpg","uagb_featured_image_src":{"full":["https:\/\/blogopara.com.br\/wp-content\/uploads\/2019\/11\/lula-da-silva.jpg",1380,920,false],"thumbnail":["https:\/\/blogopara.com.br\/wp-content\/uploads\/2019\/11\/lula-da-silva-150x150.jpg",150,150,true],"medium":["https:\/\/blogopara.com.br\/wp-content\/uploads\/2019\/11\/lula-da-silva-300x200.jpg",300,200,true],"medium_large":["https:\/\/blogopara.com.br\/wp-content\/uploads\/2019\/11\/lula-da-silva-768x512.jpg",640,427,true],"large":["https:\/\/blogopara.com.br\/wp-content\/uploads\/2019\/11\/lula-da-silva-1024x683.jpg",640,427,true],"1536x1536":["https:\/\/blogopara.com.br\/wp-content\/uploads\/2019\/11\/lula-da-silva.jpg",1380,920,false],"2048x2048":["https:\/\/blogopara.com.br\/wp-content\/uploads\/2019\/11\/lula-da-silva.jpg",1380,920,false],"mantranews-slider-large":["https:\/\/blogopara.com.br\/wp-content\/uploads\/2019\/11\/lula-da-silva.jpg",1020,680,false],"mantranews-featured-medium":["https:\/\/blogopara.com.br\/wp-content\/uploads\/2019\/11\/lula-da-silva.jpg",420,280,false],"mantranews-featured-long":["https:\/\/blogopara.com.br\/wp-content\/uploads\/2019\/11\/lula-da-silva.jpg",300,200,false],"mantranews-block-medium":["https:\/\/blogopara.com.br\/wp-content\/uploads\/2019\/11\/lula-da-silva.jpg",435,290,false],"mantranews-carousel-image":["https:\/\/blogopara.com.br\/wp-content\/uploads\/2019\/11\/lula-da-silva.jpg",600,400,false],"mantranews-block-thumb":["https:\/\/blogopara.com.br\/wp-content\/uploads\/2019\/11\/lula-da-silva.jpg",322,215,false],"mantranews-single-large":["https:\/\/blogopara.com.br\/wp-content\/uploads\/2019\/11\/lula-da-silva.jpg",963,642,false]},"uagb_author_info":{"display_name":"Reda\u00e7\u00e3o geral","author_link":"https:\/\/blogopara.com.br\/index.php\/author\/blogopara"},"uagb_comment_info":0,"uagb_excerpt":"Preso em abril de 2018, ex-presidente foi beneficiado por julgamento no STF sobre pris\u00e3o de condenados ap\u00f3s segunda inst\u00e2ncia","jetpack_sharing_enabled":true,"jetpack_likes_enabled":true,"_links":{"self":[{"href":"https:\/\/blogopara.com.br\/index.php\/wp-json\/wp\/v2\/posts\/4616","targetHints":{"allow":["GET"]}}],"collection":[{"href":"https:\/\/blogopara.com.br\/index.php\/wp-json\/wp\/v2\/posts"}],"about":[{"href":"https:\/\/blogopara.com.br\/index.php\/wp-json\/wp\/v2\/types\/post"}],"author":[{"embeddable":true,"href":"https:\/\/blogopara.com.br\/index.php\/wp-json\/wp\/v2\/users\/1"}],"replies":[{"embeddable":true,"href":"https:\/\/blogopara.com.br\/index.php\/wp-json\/wp\/v2\/comments?post=4616"}],"version-history":[{"count":1,"href":"https:\/\/blogopara.com.br\/index.php\/wp-json\/wp\/v2\/posts\/4616\/revisions"}],"predecessor-version":[{"id":4618,"href":"https:\/\/blogopara.com.br\/index.php\/wp-json\/wp\/v2\/posts\/4616\/revisions\/4618"}],"wp:featuredmedia":[{"embeddable":true,"href":"https:\/\/blogopara.com.br\/index.php\/wp-json\/wp\/v2\/media\/4617"}],"wp:attachment":[{"href":"https:\/\/blogopara.com.br\/index.php\/wp-json\/wp\/v2\/media?parent=4616"}],"wp:term":[{"taxonomy":"category","embeddable":true,"href":"https:\/\/blogopara.com.br\/index.php\/wp-json\/wp\/v2\/categories?post=4616"},{"taxonomy":"post_tag","embeddable":true,"href":"https:\/\/blogopara.com.br\/index.php\/wp-json\/wp\/v2\/tags?post=4616"}],"curies":[{"name":"wp","href":"https:\/\/api.w.org\/{rel}","templated":true}]}}