{"id":46196,"date":"2022-11-26T10:28:56","date_gmt":"2022-11-26T13:28:56","guid":{"rendered":"https:\/\/blogopara.com.br\/?p=46196"},"modified":"2022-11-26T10:28:58","modified_gmt":"2022-11-26T13:28:58","slug":"juazeiro-identificado-o-corpo-que-foi-encontrado-carbonizado-dentro-de-um-veiculo","status":"publish","type":"post","link":"https:\/\/blogopara.com.br\/index.php\/2022\/11\/26\/juazeiro-identificado-o-corpo-que-foi-encontrado-carbonizado-dentro-de-um-veiculo","title":{"rendered":"Juazeiro: identificado o corpo que foi encontrado carbonizado dentro de um ve\u00edculo"},"content":{"rendered":"<p style=\"text-align: justify;\">Segundo a pol\u00edcia civil o corpo \u00e9 do jovem Alan de Matos Miranda, de 26 anos, que foi encontrado carbonizado no interior de um ve\u00edculo, na madrugada deste s\u00e1bado (26), no Distrito Industrial do S\u00e3o Francisco.<\/p>\n<p style=\"text-align: justify;\">A v\u00edtima era motorista de aplicativo e fam\u00edlia n\u00e3o sabe os motivos que levaram para ele ter sido assassinado.<\/p>\n<p style=\"text-align: justify;\">Pol\u00edcia civil iniciou as investiga\u00e7\u00f5es para saber a autoria e as raz\u00f5es do b\u00e1rbaro crime.<\/p>\n<p style=\"text-align: justify;\">Ainda n\u00e3o se sabe se algum pertence da v\u00edtima foi levado. O caso est\u00e1 sendo investigado pela Delegacia de Homic\u00eddios.<\/p>\n","protected":false},"excerpt":{"rendered":"<p>Segundo a pol\u00edcia civil o corpo \u00e9 do jovem Alan de Matos Miranda, de 26 anos, que foi encontrado carbonizado no interior de um ve\u00edculo, na madrugada deste s\u00e1bado (26), no Distrito Industrial do S\u00e3o Francisco. A v\u00edtima era motorista de aplicativo e fam\u00edlia n\u00e3o sabe os motivos que levaram para ele ter sido assassinado. [&hellip;]<\/p>\n","protected":false},"author":1,"featured_media":46197,"comment_status":"closed","ping_status":"open","sticky":false,"template":"","format":"standard","meta":{"_uag_custom_page_level_css":"","_monsterinsights_skip_tracking":false,"_monsterinsights_sitenote_active":false,"_monsterinsights_sitenote_note":"","_monsterinsights_sitenote_category":0,"jetpack_post_was_ever_published":false,"_jetpack_newsletter_access":"","_jetpack_dont_email_post_to_subs":false,"_jetpack_newsletter_tier_id":0,"_jetpack_memberships_contains_paywalled_content":false,"_jetpack_memberships_contains_paid_content":false,"footnotes":"","jetpack_publicize_message":"","jetpack_publicize_feature_enabled":true,"jetpack_social_post_already_shared":true,"jetpack_social_options":{"image_generator_settings":{"template":"highway","default_image_id":0,"font":"","enabled":false},"version":2}},"categories":[202],"tags":[],"class_list":["post-46196","post","type-post","status-publish","format-standard","has-post-thumbnail","hentry","category-policia"],"jetpack_publicize_connections":[],"jetpack_featured_media_url":"https:\/\/blogopara.com.br\/wp-content\/uploads\/2022\/11\/IMG-20221126-WA0061.jpg","uagb_featured_image_src":{"full":["https:\/\/blogopara.com.br\/wp-content\/uploads\/2022\/11\/IMG-20221126-WA0061.jpg",546,399,false],"thumbnail":["https:\/\/blogopara.com.br\/wp-content\/uploads\/2022\/11\/IMG-20221126-WA0061-150x150.jpg",150,150,true],"medium":["https:\/\/blogopara.com.br\/wp-content\/uploads\/2022\/11\/IMG-20221126-WA0061-300x219.jpg",300,219,true],"medium_large":["https:\/\/blogopara.com.br\/wp-content\/uploads\/2022\/11\/IMG-20221126-WA0061.jpg",546,399,false],"large":["https:\/\/blogopara.com.br\/wp-content\/uploads\/2022\/11\/IMG-20221126-WA0061.jpg",546,399,false],"1536x1536":["https:\/\/blogopara.com.br\/wp-content\/uploads\/2022\/11\/IMG-20221126-WA0061.jpg",546,399,false],"2048x2048":["https:\/\/blogopara.com.br\/wp-content\/uploads\/2022\/11\/IMG-20221126-WA0061.jpg",546,399,false],"mantranews-slider-large":["https:\/\/blogopara.com.br\/wp-content\/uploads\/2022\/11\/IMG-20221126-WA0061.jpg",546,399,false],"mantranews-featured-medium":["https:\/\/blogopara.com.br\/wp-content\/uploads\/2022\/11\/IMG-20221126-WA0061-420x307.jpg",420,307,true],"mantranews-featured-long":["https:\/\/blogopara.com.br\/wp-content\/uploads\/2022\/11\/IMG-20221126-WA0061-300x399.jpg",300,399,true],"mantranews-block-medium":["https:\/\/blogopara.com.br\/wp-content\/uploads\/2022\/11\/IMG-20221126-WA0061-464x290.jpg",464,290,true],"mantranews-carousel-image":["https:\/\/blogopara.com.br\/wp-content\/uploads\/2022\/11\/IMG-20221126-WA0061.jpg",546,399,false],"mantranews-block-thumb":["https:\/\/blogopara.com.br\/wp-content\/uploads\/2022\/11\/IMG-20221126-WA0061-322x230.jpg",322,230,true],"mantranews-single-large":["https:\/\/blogopara.com.br\/wp-content\/uploads\/2022\/11\/IMG-20221126-WA0061.jpg",546,399,false]},"uagb_author_info":{"display_name":"Reda\u00e7\u00e3o geral","author_link":"https:\/\/blogopara.com.br\/index.php\/author\/blogopara"},"uagb_comment_info":0,"uagb_excerpt":"Segundo a pol\u00edcia civil o corpo \u00e9 do jovem Alan de Matos Miranda, de 26 anos, que foi encontrado carbonizado no interior de um ve\u00edculo, na madrugada deste s\u00e1bado (26), no Distrito Industrial do S\u00e3o Francisco. A v\u00edtima era motorista de aplicativo e fam\u00edlia n\u00e3o sabe os motivos que levaram para ele ter sido assassinado.&hellip;","jetpack_sharing_enabled":true,"jetpack_likes_enabled":true,"_links":{"self":[{"href":"https:\/\/blogopara.com.br\/index.php\/wp-json\/wp\/v2\/posts\/46196","targetHints":{"allow":["GET"]}}],"collection":[{"href":"https:\/\/blogopara.com.br\/index.php\/wp-json\/wp\/v2\/posts"}],"about":[{"href":"https:\/\/blogopara.com.br\/index.php\/wp-json\/wp\/v2\/types\/post"}],"author":[{"embeddable":true,"href":"https:\/\/blogopara.com.br\/index.php\/wp-json\/wp\/v2\/users\/1"}],"replies":[{"embeddable":true,"href":"https:\/\/blogopara.com.br\/index.php\/wp-json\/wp\/v2\/comments?post=46196"}],"version-history":[{"count":1,"href":"https:\/\/blogopara.com.br\/index.php\/wp-json\/wp\/v2\/posts\/46196\/revisions"}],"predecessor-version":[{"id":46198,"href":"https:\/\/blogopara.com.br\/index.php\/wp-json\/wp\/v2\/posts\/46196\/revisions\/46198"}],"wp:featuredmedia":[{"embeddable":true,"href":"https:\/\/blogopara.com.br\/index.php\/wp-json\/wp\/v2\/media\/46197"}],"wp:attachment":[{"href":"https:\/\/blogopara.com.br\/index.php\/wp-json\/wp\/v2\/media?parent=46196"}],"wp:term":[{"taxonomy":"category","embeddable":true,"href":"https:\/\/blogopara.com.br\/index.php\/wp-json\/wp\/v2\/categories?post=46196"},{"taxonomy":"post_tag","embeddable":true,"href":"https:\/\/blogopara.com.br\/index.php\/wp-json\/wp\/v2\/tags?post=46196"}],"curies":[{"name":"wp","href":"https:\/\/api.w.org\/{rel}","templated":true}]}}