{"id":4624,"date":"2019-11-09T17:51:37","date_gmt":"2019-11-09T19:51:37","guid":{"rendered":"http:\/\/blogopara.com.br\/?p=4624"},"modified":"2019-11-09T17:51:44","modified_gmt":"2019-11-09T19:51:44","slug":"o-programa-fantastico-deste-domingo-10-tera-materia-sobre-o-juri-de-lampiao","status":"publish","type":"post","link":"https:\/\/blogopara.com.br\/index.php\/2019\/11\/09\/o-programa-fantastico-deste-domingo-10-tera-materia-sobre-o-juri-de-lampiao","title":{"rendered":"O programa Fant\u00e1stico deste domingo (10) ter\u00e1 mat\u00e9ria sobre o &#8220;J\u00fari de Lampi\u00e3o&#8221;"},"content":{"rendered":"<div style=\"text-align: justify;\">O programa \u201cFant\u00e1stico\u201d, da Rede globo, exibir\u00e1 no pr\u00f3ximo domingo (10) uma mat\u00e9ria especial sobre o J\u00fari de Lampi\u00e3o, realizado no final de outubro, em Petrolina. O Jornalista Ernesto Paglia esteve na regi\u00e3o do Vale do S\u00e3o Francisco durante tr\u00eas dias para realizar as grava\u00e7\u00f5es, e acompanhou todo o julgamento. Um dos locais escolhidos para a capta\u00e7\u00e3o de imagens do casal mais famoso do sert\u00e3o, Lampi\u00e3o e Maria Bonita, foi no Capim, distrito de Petrolina.<\/div>\n<div style=\"text-align: justify;\"><\/div>\n<div style=\"text-align: justify;\">A repercuss\u00e3o do j\u00fari do Rei do Canga\u00e7o superou as expectativas da equipe de organiza\u00e7\u00e3o, que est\u00e1 muito feliz pelo reconhecimento do seu trabalho. Ao escolher o \u2018Capit\u00e3o\u2019 Virgulino para estrear o primeiro j\u00fari \u00c9pico o evento reacendeu a pol\u00eamica que envolve a figura de Lampi\u00e3o, mas tamb\u00e9m questionamentos sobre at\u00e9 onde e como se podia lutar contra um Estado que oprimia e colocava empecilhos \u00e0 justi\u00e7a social ao povo sertanejo daquela \u00e9poca.<\/div>\n<div style=\"text-align: justify;\"><\/div>\n<div style=\"text-align: justify;\">\n<div>\u00c9 imensamente satisfat\u00f3rio perceber o quanto o J\u00fari Hist\u00f3rico ganhou visibilidade com a divulga\u00e7\u00e3o feita pelos pr\u00f3prios alunos, pela m\u00eddia local e regional, e por todos os interessados na tem\u00e1tica\u201d, comenta o professor e idealizador do evento, Andersom Wagner Ara\u00fajo. Ele explica ainda que o tema n\u00e3o trouxe somente uma perspectiva do Processo Penal. \u201cO assunto promoveu o resgate, a an\u00e1lise da cultura e da hist\u00f3ria do povo nordestino que lutava e luta pela sobreviv\u00eancia, pela igualdade de oportunidades\u201d, conclui Ara\u00fajo.<\/div>\n<div><\/div>\n<div>Com intuito de partilhar a vivencia, a equipe de organiza\u00e7\u00e3o do J\u00fari Hist\u00f3rico convida a popula\u00e7\u00e3o Vale do S\u00e3o Francisco para prestigiarem a reportagem, que apresentar\u00e1 os momentos marcantes do evento e a opini\u00e3o dos sertanejos sobre o \u2018Rei do Canga\u00e7o\u2019. Ser\u00e1 tamb\u00e9m uma ocasi\u00e3o para os participantes rememorar o j\u00fari e, aos demais, a oportunidade de assisti-lo.<\/div>\n<div><\/div>\n<div>O J\u00fari \u00c9pico \u00e9 um projeto anual idealizado pelo professor Anderson Wagner Ara\u00fajo e pelo promotor criminal de Petrolina, Fernando Della Latta, em parceria com a Ordem dos Advogados do Brasil (OAB-PE), Minist\u00e9rio P\u00fablico de Pernambuco (MPPE), Faculdade de Ci\u00eancias Aplicadas e Sociais de Petrolina (FACAPE) e a Faculdade de Tecnologia e Ci\u00eancias (FTC).<\/div>\n<div><\/div>\n<\/div>\n<pre style=\"text-align: justify;\">\nAssessoria J\u00fari Hist\u00f3rico<\/pre>\n","protected":false},"excerpt":{"rendered":"<p>O programa \u201cFant\u00e1stico\u201d, da Rede globo, exibir\u00e1 no pr\u00f3ximo domingo (10) uma mat\u00e9ria especial sobre o J\u00fari de Lampi\u00e3o, realizado no final de outubro, em Petrolina. O Jornalista Ernesto Paglia esteve na regi\u00e3o do Vale do S\u00e3o Francisco durante tr\u00eas dias para realizar as grava\u00e7\u00f5es, e acompanhou todo o julgamento. Um dos locais escolhidos para [&hellip;]<\/p>\n","protected":false},"author":1,"featured_media":4626,"comment_status":"open","ping_status":"open","sticky":false,"template":"","format":"standard","meta":{"_uag_custom_page_level_css":"","_monsterinsights_skip_tracking":false,"_monsterinsights_sitenote_active":false,"_monsterinsights_sitenote_note":"","_monsterinsights_sitenote_category":0,"jetpack_post_was_ever_published":false,"_jetpack_newsletter_access":"","_jetpack_dont_email_post_to_subs":false,"_jetpack_newsletter_tier_id":0,"_jetpack_memberships_contains_paywalled_content":false,"_jetpack_memberships_contains_paid_content":false,"footnotes":"","jetpack_publicize_message":"","jetpack_publicize_feature_enabled":true,"jetpack_social_post_already_shared":true,"jetpack_social_options":{"image_generator_settings":{"template":"highway","default_image_id":0,"font":"","enabled":false},"version":2}},"categories":[851],"tags":[1165,895,896,58],"class_list":["post-4624","post","type-post","status-publish","format-standard","has-post-thumbnail","hentry","category-petrolina","tag-fantastico","tag-juri-epico","tag-lampiao","tag-petrolina"],"jetpack_publicize_connections":[],"jetpack_featured_media_url":"https:\/\/blogopara.com.br\/wp-content\/uploads\/2019\/11\/juri.jpg","uagb_featured_image_src":{"full":["https:\/\/blogopara.com.br\/wp-content\/uploads\/2019\/11\/juri.jpg",543,640,false],"thumbnail":["https:\/\/blogopara.com.br\/wp-content\/uploads\/2019\/11\/juri-150x150.jpg",150,150,true],"medium":["https:\/\/blogopara.com.br\/wp-content\/uploads\/2019\/11\/juri-255x300.jpg",255,300,true],"medium_large":["https:\/\/blogopara.com.br\/wp-content\/uploads\/2019\/11\/juri.jpg",543,640,false],"large":["https:\/\/blogopara.com.br\/wp-content\/uploads\/2019\/11\/juri.jpg",543,640,false],"1536x1536":["https:\/\/blogopara.com.br\/wp-content\/uploads\/2019\/11\/juri.jpg",543,640,false],"2048x2048":["https:\/\/blogopara.com.br\/wp-content\/uploads\/2019\/11\/juri.jpg",543,640,false],"mantranews-slider-large":["https:\/\/blogopara.com.br\/wp-content\/uploads\/2019\/11\/juri.jpg",543,640,false],"mantranews-featured-medium":["https:\/\/blogopara.com.br\/wp-content\/uploads\/2019\/11\/juri.jpg",260,307,false],"mantranews-featured-long":["https:\/\/blogopara.com.br\/wp-content\/uploads\/2019\/11\/juri.jpg",300,354,false],"mantranews-block-medium":["https:\/\/blogopara.com.br\/wp-content\/uploads\/2019\/11\/juri.jpg",246,290,false],"mantranews-carousel-image":["https:\/\/blogopara.com.br\/wp-content\/uploads\/2019\/11\/juri.jpg",424,500,false],"mantranews-block-thumb":["https:\/\/blogopara.com.br\/wp-content\/uploads\/2019\/11\/juri.jpg",195,230,false],"mantranews-single-large":["https:\/\/blogopara.com.br\/wp-content\/uploads\/2019\/11\/juri.jpg",543,640,false]},"uagb_author_info":{"display_name":"Reda\u00e7\u00e3o geral","author_link":"https:\/\/blogopara.com.br\/index.php\/author\/blogopara"},"uagb_comment_info":0,"uagb_excerpt":"O programa \u201cFant\u00e1stico\u201d, da Rede globo, exibir\u00e1 no pr\u00f3ximo domingo (10) uma mat\u00e9ria especial sobre o J\u00fari de Lampi\u00e3o, realizado no final de outubro, em Petrolina. O Jornalista Ernesto Paglia esteve na regi\u00e3o do Vale do S\u00e3o Francisco durante tr\u00eas dias para realizar as grava\u00e7\u00f5es, e acompanhou todo o julgamento. Um dos locais escolhidos para&hellip;","jetpack_sharing_enabled":true,"jetpack_likes_enabled":true,"_links":{"self":[{"href":"https:\/\/blogopara.com.br\/index.php\/wp-json\/wp\/v2\/posts\/4624","targetHints":{"allow":["GET"]}}],"collection":[{"href":"https:\/\/blogopara.com.br\/index.php\/wp-json\/wp\/v2\/posts"}],"about":[{"href":"https:\/\/blogopara.com.br\/index.php\/wp-json\/wp\/v2\/types\/post"}],"author":[{"embeddable":true,"href":"https:\/\/blogopara.com.br\/index.php\/wp-json\/wp\/v2\/users\/1"}],"replies":[{"embeddable":true,"href":"https:\/\/blogopara.com.br\/index.php\/wp-json\/wp\/v2\/comments?post=4624"}],"version-history":[{"count":1,"href":"https:\/\/blogopara.com.br\/index.php\/wp-json\/wp\/v2\/posts\/4624\/revisions"}],"predecessor-version":[{"id":4625,"href":"https:\/\/blogopara.com.br\/index.php\/wp-json\/wp\/v2\/posts\/4624\/revisions\/4625"}],"wp:featuredmedia":[{"embeddable":true,"href":"https:\/\/blogopara.com.br\/index.php\/wp-json\/wp\/v2\/media\/4626"}],"wp:attachment":[{"href":"https:\/\/blogopara.com.br\/index.php\/wp-json\/wp\/v2\/media?parent=4624"}],"wp:term":[{"taxonomy":"category","embeddable":true,"href":"https:\/\/blogopara.com.br\/index.php\/wp-json\/wp\/v2\/categories?post=4624"},{"taxonomy":"post_tag","embeddable":true,"href":"https:\/\/blogopara.com.br\/index.php\/wp-json\/wp\/v2\/tags?post=4624"}],"curies":[{"name":"wp","href":"https:\/\/api.w.org\/{rel}","templated":true}]}}