{"id":4627,"date":"2019-11-10T10:20:28","date_gmt":"2019-11-10T12:20:28","guid":{"rendered":"http:\/\/blogopara.com.br\/?p=4627"},"modified":"2019-11-10T10:20:35","modified_gmt":"2019-11-10T12:20:35","slug":"juazeiro-homem-e-assassinado-no-bairro-da-codevasf","status":"publish","type":"post","link":"https:\/\/blogopara.com.br\/index.php\/2019\/11\/10\/juazeiro-homem-e-assassinado-no-bairro-da-codevasf","title":{"rendered":"JUAZEIRO: HOMEM \u00c9 ASSASSINADO NO BAIRRO DA CODEVASF"},"content":{"rendered":"<p style=\"text-align: justify;\">Na madrugada desse domingo (09) um homem de identidade conhecido por Emerson foi assassinado, na rua Da Saudade, bairro da Codevasf, na periferia de Juazeiro.<\/p>\n<p style=\"text-align: justify;\">A vitima foi alvejadas por v\u00e1rios tiros, n\u00e3o se sabe a motiva\u00e7\u00e3o e os autores do b\u00e1rbaro crime. O corpo foi recolhido pelo DPT.<\/p>\n","protected":false},"excerpt":{"rendered":"<p>Juazeiro vive nos \u00faltimos meses uma onda de assassinatos sem autoria definida.<\/p>\n","protected":false},"author":1,"featured_media":4628,"comment_status":"open","ping_status":"open","sticky":false,"template":"","format":"standard","meta":{"_uag_custom_page_level_css":"","_monsterinsights_skip_tracking":false,"_monsterinsights_sitenote_active":false,"_monsterinsights_sitenote_note":"","_monsterinsights_sitenote_category":0,"jetpack_post_was_ever_published":false,"_jetpack_newsletter_access":"","_jetpack_dont_email_post_to_subs":false,"_jetpack_newsletter_tier_id":0,"_jetpack_memberships_contains_paywalled_content":false,"_jetpack_memberships_contains_paid_content":false,"footnotes":"","jetpack_publicize_message":"","jetpack_publicize_feature_enabled":true,"jetpack_social_post_already_shared":true,"jetpack_social_options":{"image_generator_settings":{"template":"highway","default_image_id":0,"font":"","enabled":false},"version":2}},"categories":[203],"tags":[672,547,231],"class_list":["post-4627","post","type-post","status-publish","format-standard","has-post-thumbnail","hentry","category-juazeiro","tag-assassinato","tag-codevasf","tag-policia"],"jetpack_publicize_connections":[],"jetpack_featured_media_url":"https:\/\/blogopara.com.br\/wp-content\/uploads\/2019\/11\/Sem-t\u00edtulo.jpg","uagb_featured_image_src":{"full":["https:\/\/blogopara.com.br\/wp-content\/uploads\/2019\/11\/Sem-t\u00edtulo.jpg",1280,960,false],"thumbnail":["https:\/\/blogopara.com.br\/wp-content\/uploads\/2019\/11\/Sem-t\u00edtulo-150x150.jpg",150,150,true],"medium":["https:\/\/blogopara.com.br\/wp-content\/uploads\/2019\/11\/Sem-t\u00edtulo-300x225.jpg",300,225,true],"medium_large":["https:\/\/blogopara.com.br\/wp-content\/uploads\/2019\/11\/Sem-t\u00edtulo-768x576.jpg",640,480,true],"large":["https:\/\/blogopara.com.br\/wp-content\/uploads\/2019\/11\/Sem-t\u00edtulo-1024x768.jpg",640,480,true],"1536x1536":["https:\/\/blogopara.com.br\/wp-content\/uploads\/2019\/11\/Sem-t\u00edtulo.jpg",1280,960,false],"2048x2048":["https:\/\/blogopara.com.br\/wp-content\/uploads\/2019\/11\/Sem-t\u00edtulo.jpg",1280,960,false],"mantranews-slider-large":["https:\/\/blogopara.com.br\/wp-content\/uploads\/2019\/11\/Sem-t\u00edtulo.jpg",988,741,false],"mantranews-featured-medium":["https:\/\/blogopara.com.br\/wp-content\/uploads\/2019\/11\/Sem-t\u00edtulo.jpg",409,307,false],"mantranews-featured-long":["https:\/\/blogopara.com.br\/wp-content\/uploads\/2019\/11\/Sem-t\u00edtulo.jpg",300,225,false],"mantranews-block-medium":["https:\/\/blogopara.com.br\/wp-content\/uploads\/2019\/11\/Sem-t\u00edtulo.jpg",387,290,false],"mantranews-carousel-image":["https:\/\/blogopara.com.br\/wp-content\/uploads\/2019\/11\/Sem-t\u00edtulo.jpg",600,450,false],"mantranews-block-thumb":["https:\/\/blogopara.com.br\/wp-content\/uploads\/2019\/11\/Sem-t\u00edtulo.jpg",307,230,false],"mantranews-single-large":["https:\/\/blogopara.com.br\/wp-content\/uploads\/2019\/11\/Sem-t\u00edtulo.jpg",856,642,false]},"uagb_author_info":{"display_name":"Reda\u00e7\u00e3o geral","author_link":"https:\/\/blogopara.com.br\/index.php\/author\/blogopara"},"uagb_comment_info":0,"uagb_excerpt":"Juazeiro vive nos \u00faltimos meses uma onda de assassinatos sem autoria definida.","jetpack_sharing_enabled":true,"jetpack_likes_enabled":true,"_links":{"self":[{"href":"https:\/\/blogopara.com.br\/index.php\/wp-json\/wp\/v2\/posts\/4627","targetHints":{"allow":["GET"]}}],"collection":[{"href":"https:\/\/blogopara.com.br\/index.php\/wp-json\/wp\/v2\/posts"}],"about":[{"href":"https:\/\/blogopara.com.br\/index.php\/wp-json\/wp\/v2\/types\/post"}],"author":[{"embeddable":true,"href":"https:\/\/blogopara.com.br\/index.php\/wp-json\/wp\/v2\/users\/1"}],"replies":[{"embeddable":true,"href":"https:\/\/blogopara.com.br\/index.php\/wp-json\/wp\/v2\/comments?post=4627"}],"version-history":[{"count":1,"href":"https:\/\/blogopara.com.br\/index.php\/wp-json\/wp\/v2\/posts\/4627\/revisions"}],"predecessor-version":[{"id":4629,"href":"https:\/\/blogopara.com.br\/index.php\/wp-json\/wp\/v2\/posts\/4627\/revisions\/4629"}],"wp:featuredmedia":[{"embeddable":true,"href":"https:\/\/blogopara.com.br\/index.php\/wp-json\/wp\/v2\/media\/4628"}],"wp:attachment":[{"href":"https:\/\/blogopara.com.br\/index.php\/wp-json\/wp\/v2\/media?parent=4627"}],"wp:term":[{"taxonomy":"category","embeddable":true,"href":"https:\/\/blogopara.com.br\/index.php\/wp-json\/wp\/v2\/categories?post=4627"},{"taxonomy":"post_tag","embeddable":true,"href":"https:\/\/blogopara.com.br\/index.php\/wp-json\/wp\/v2\/tags?post=4627"}],"curies":[{"name":"wp","href":"https:\/\/api.w.org\/{rel}","templated":true}]}}