{"id":46371,"date":"2022-11-29T16:40:00","date_gmt":"2022-11-29T19:40:00","guid":{"rendered":"https:\/\/blogopara.com.br\/?p=46371"},"modified":"2022-11-29T16:37:22","modified_gmt":"2022-11-29T19:37:22","slug":"juazeiro-pais-de-alunos-do-colegio-paulo-vi-denunciam-o-descaso-da-gestao-escolar-com-os-alunos-videos","status":"publish","type":"post","link":"https:\/\/blogopara.com.br\/index.php\/2022\/11\/29\/juazeiro-pais-de-alunos-do-colegio-paulo-vi-denunciam-o-descaso-da-gestao-escolar-com-os-alunos-videos","title":{"rendered":"Juazeiro: Pais de alunos do col\u00e9gio Paulo VI denunciam  o descaso da gest\u00e3o escolar com os alunos [v\u00eddeos]"},"content":{"rendered":"<p>Um&nbsp; grupo de pais e m\u00e3es dos alunos do Escola Municipal de Tempo Integral Paulo VI manteve contato com a nossa reda\u00e7\u00e3o para denunciar, segundo eles, o descaso da gestora escolar com a situa\u00e7\u00e3o dos alunos, durante a chuva que caiu durante o per\u00edodo da manh\u00e3 e in\u00edcio da tarde desta ter\u00e7a-feira (29).<\/p>\n<p style=\"text-align: justify;\">Segundo uma m\u00e3e que n\u00e3o quis se identificar, os alunos ficaram em salas de aulas que foram tomadas pela \u00e1gua da chuva. O problema segundo ela, \u00e9 que o telhado foi danificado em raz\u00e3o das pedras que foram atiradas pelo lado de fora do col\u00e9gio. E que manteve contato com a dire\u00e7\u00e3o escolar que fez pouco caso com os v\u00eddeos gravados pelos alunos e enviados para os pais, que consequentemente foram enviados para a dire\u00e7\u00e3o escolar.<\/p>\n<p style=\"text-align: justify;\">&#8220;A diretora nos silenciou no grupo de aplicativo de mensagens da escola, porque estavam em constantes cobran\u00e7as de melhorias para os nossos filhos. Mas criamos um grupo somente com os pais, e na tarde de hoje, recebemos dos nossos filhos v\u00eddeos mostrando a situa\u00e7\u00e3o absurda que se encontra o col\u00e9gio, tentamos manter contato com a diretora, mas ela n\u00e3o atende e visualiza as mensagens enviadas pelo zap, mas n\u00e3o responde&#8221;, relatou uma m\u00e3e de aluno.<\/p>\n<p style=\"text-align: justify;\">No m\u00eas de junho do corrente ano, o Minist\u00e9rio P\u00fablico acionou a gest\u00e3o municipal sobre algumas irregularidades detectadas na Escola Municipal Paulo VI. Na a\u00e7\u00e3o, a promotora de Justi\u00e7a Rita de C\u00e1ssia Rodrigues de Souza informou que a unidade de ensino \u201ctem condi\u00e7\u00f5es insatisfat\u00f3rias de funcionamento com rela\u00e7\u00e3o \u00e0s obriga\u00e7\u00f5es sanit\u00e1rias, de sa\u00fade p\u00fablica e de seguran\u00e7a coletiva\u201d.<\/p>\n<p><strong>Nota da Secretaria de Educa\u00e7\u00e3o<\/strong><\/p>\n<p style=\"text-align: justify;\">A SEDUC informa que mandar\u00e1 uma equipe para checar a situa\u00e7\u00e3o e refor\u00e7a que j\u00e1 est\u00e1 prevista uma grande reforma para a Escola Municipal de Tempo Integral Paulo VI, com o objetivo de modernizar e trazer mais seguran\u00e7a e bem-estar para estudantes e colaboradores.<\/p>\n<p>Confira os v\u00eddeos:<\/p>\n<div style=\"width: 352px;\" class=\"wp-video\"><!--[if lt IE 9]><script>document.createElement('video');<\/script><![endif]-->\n<video class=\"wp-video-shortcode\" id=\"video-46371-1\" width=\"352\" height=\"640\" preload=\"metadata\" controls=\"controls\"><source type=\"video\/mp4\" src=\"https:\/\/blogopara.com.br\/wp-content\/uploads\/2022\/11\/WhatsApp-Video-2022-11-29-at-15.00.54-1.mp4?_=1\" \/><a href=\"https:\/\/blogopara.com.br\/wp-content\/uploads\/2022\/11\/WhatsApp-Video-2022-11-29-at-15.00.54-1.mp4\">https:\/\/blogopara.com.br\/wp-content\/uploads\/2022\/11\/WhatsApp-Video-2022-11-29-at-15.00.54-1.mp4<\/a><\/video><\/div>\n<div style=\"width: 352px;\" class=\"wp-video\"><video class=\"wp-video-shortcode\" id=\"video-46371-2\" width=\"352\" height=\"640\" preload=\"metadata\" controls=\"controls\"><source type=\"video\/mp4\" src=\"https:\/\/blogopara.com.br\/wp-content\/uploads\/2022\/11\/WhatsApp-Video-2022-11-29-at-15.00.55.mp4?_=2\" \/><a href=\"https:\/\/blogopara.com.br\/wp-content\/uploads\/2022\/11\/WhatsApp-Video-2022-11-29-at-15.00.55.mp4\">https:\/\/blogopara.com.br\/wp-content\/uploads\/2022\/11\/WhatsApp-Video-2022-11-29-at-15.00.55.mp4<\/a><\/video><\/div>\n","protected":false},"excerpt":{"rendered":"<p>Um&nbsp; grupo de pais e m\u00e3es dos alunos do Escola Municipal de Tempo Integral Paulo VI manteve contato com a nossa reda\u00e7\u00e3o para denunciar, segundo eles, o descaso da gestora escolar com a situa\u00e7\u00e3o dos alunos, durante a chuva que caiu durante o per\u00edodo da manh\u00e3 e in\u00edcio da tarde desta ter\u00e7a-feira (29). Segundo uma [&hellip;]<\/p>\n","protected":false},"author":1,"featured_media":46390,"comment_status":"closed","ping_status":"open","sticky":false,"template":"","format":"standard","meta":{"_uag_custom_page_level_css":"","_monsterinsights_skip_tracking":false,"_monsterinsights_sitenote_active":false,"_monsterinsights_sitenote_note":"","_monsterinsights_sitenote_category":0,"jetpack_post_was_ever_published":false,"_jetpack_newsletter_access":"","_jetpack_dont_email_post_to_subs":false,"_jetpack_newsletter_tier_id":0,"_jetpack_memberships_contains_paywalled_content":false,"_jetpack_memberships_contains_paid_content":false,"footnotes":"","jetpack_publicize_message":"","jetpack_publicize_feature_enabled":true,"jetpack_social_post_already_shared":true,"jetpack_social_options":{"image_generator_settings":{"template":"highway","default_image_id":0,"font":"","enabled":false},"version":2}},"categories":[209,203],"tags":[],"class_list":["post-46371","post","type-post","status-publish","format-standard","has-post-thumbnail","hentry","category-educacao","category-juazeiro"],"jetpack_publicize_connections":[],"jetpack_featured_media_url":"https:\/\/blogopara.com.br\/wp-content\/uploads\/2022\/11\/WhatsApp-Image-2022-11-29-at-16.29.03.jpeg","uagb_featured_image_src":{"full":["https:\/\/blogopara.com.br\/wp-content\/uploads\/2022\/11\/WhatsApp-Image-2022-11-29-at-16.29.03.jpeg",500,281,false],"thumbnail":["https:\/\/blogopara.com.br\/wp-content\/uploads\/2022\/11\/WhatsApp-Image-2022-11-29-at-16.29.03-150x150.jpeg",150,150,true],"medium":["https:\/\/blogopara.com.br\/wp-content\/uploads\/2022\/11\/WhatsApp-Image-2022-11-29-at-16.29.03-300x169.jpeg",300,169,true],"medium_large":["https:\/\/blogopara.com.br\/wp-content\/uploads\/2022\/11\/WhatsApp-Image-2022-11-29-at-16.29.03.jpeg",500,281,false],"large":["https:\/\/blogopara.com.br\/wp-content\/uploads\/2022\/11\/WhatsApp-Image-2022-11-29-at-16.29.03.jpeg",500,281,false],"1536x1536":["https:\/\/blogopara.com.br\/wp-content\/uploads\/2022\/11\/WhatsApp-Image-2022-11-29-at-16.29.03.jpeg",500,281,false],"2048x2048":["https:\/\/blogopara.com.br\/wp-content\/uploads\/2022\/11\/WhatsApp-Image-2022-11-29-at-16.29.03.jpeg",500,281,false],"mantranews-slider-large":["https:\/\/blogopara.com.br\/wp-content\/uploads\/2022\/11\/WhatsApp-Image-2022-11-29-at-16.29.03.jpeg",500,281,false],"mantranews-featured-medium":["https:\/\/blogopara.com.br\/wp-content\/uploads\/2022\/11\/WhatsApp-Image-2022-11-29-at-16.29.03-420x281.jpeg",420,281,true],"mantranews-featured-long":["https:\/\/blogopara.com.br\/wp-content\/uploads\/2022\/11\/WhatsApp-Image-2022-11-29-at-16.29.03-300x281.jpeg",300,281,true],"mantranews-block-medium":["https:\/\/blogopara.com.br\/wp-content\/uploads\/2022\/11\/WhatsApp-Image-2022-11-29-at-16.29.03-464x281.jpeg",464,281,true],"mantranews-carousel-image":["https:\/\/blogopara.com.br\/wp-content\/uploads\/2022\/11\/WhatsApp-Image-2022-11-29-at-16.29.03.jpeg",500,281,false],"mantranews-block-thumb":["https:\/\/blogopara.com.br\/wp-content\/uploads\/2022\/11\/WhatsApp-Image-2022-11-29-at-16.29.03-322x230.jpeg",322,230,true],"mantranews-single-large":["https:\/\/blogopara.com.br\/wp-content\/uploads\/2022\/11\/WhatsApp-Image-2022-11-29-at-16.29.03.jpeg",500,281,false]},"uagb_author_info":{"display_name":"Reda\u00e7\u00e3o geral","author_link":"https:\/\/blogopara.com.br\/index.php\/author\/blogopara"},"uagb_comment_info":0,"uagb_excerpt":"Um&nbsp; grupo de pais e m\u00e3es dos alunos do Escola Municipal de Tempo Integral Paulo VI manteve contato com a nossa reda\u00e7\u00e3o para denunciar, segundo eles, o descaso da gestora escolar com a situa\u00e7\u00e3o dos alunos, durante a chuva que caiu durante o per\u00edodo da manh\u00e3 e in\u00edcio da tarde desta ter\u00e7a-feira (29). Segundo uma&hellip;","jetpack_sharing_enabled":true,"jetpack_likes_enabled":true,"_links":{"self":[{"href":"https:\/\/blogopara.com.br\/index.php\/wp-json\/wp\/v2\/posts\/46371","targetHints":{"allow":["GET"]}}],"collection":[{"href":"https:\/\/blogopara.com.br\/index.php\/wp-json\/wp\/v2\/posts"}],"about":[{"href":"https:\/\/blogopara.com.br\/index.php\/wp-json\/wp\/v2\/types\/post"}],"author":[{"embeddable":true,"href":"https:\/\/blogopara.com.br\/index.php\/wp-json\/wp\/v2\/users\/1"}],"replies":[{"embeddable":true,"href":"https:\/\/blogopara.com.br\/index.php\/wp-json\/wp\/v2\/comments?post=46371"}],"version-history":[{"count":2,"href":"https:\/\/blogopara.com.br\/index.php\/wp-json\/wp\/v2\/posts\/46371\/revisions"}],"predecessor-version":[{"id":46381,"href":"https:\/\/blogopara.com.br\/index.php\/wp-json\/wp\/v2\/posts\/46371\/revisions\/46381"}],"wp:featuredmedia":[{"embeddable":true,"href":"https:\/\/blogopara.com.br\/index.php\/wp-json\/wp\/v2\/media\/46390"}],"wp:attachment":[{"href":"https:\/\/blogopara.com.br\/index.php\/wp-json\/wp\/v2\/media?parent=46371"}],"wp:term":[{"taxonomy":"category","embeddable":true,"href":"https:\/\/blogopara.com.br\/index.php\/wp-json\/wp\/v2\/categories?post=46371"},{"taxonomy":"post_tag","embeddable":true,"href":"https:\/\/blogopara.com.br\/index.php\/wp-json\/wp\/v2\/tags?post=46371"}],"curies":[{"name":"wp","href":"https:\/\/api.w.org\/{rel}","templated":true}]}}