{"id":46401,"date":"2022-11-30T16:40:00","date_gmt":"2022-11-30T19:40:00","guid":{"rendered":"https:\/\/blogopara.com.br\/?p=46401"},"modified":"2022-11-30T08:02:58","modified_gmt":"2022-11-30T11:02:58","slug":"arthur-lira-e-hostilizado-por-bolsonaristas-em-jantar-do-pl-traidor-video","status":"publish","type":"post","link":"https:\/\/blogopara.com.br\/index.php\/2022\/11\/30\/arthur-lira-e-hostilizado-por-bolsonaristas-em-jantar-do-pl-traidor-video","title":{"rendered":"Arthur Lira \u00e9 hostilizado por bolsonaristas em jantar do PL: \u201cTraidor\u201d. V\u00eddeo"},"content":{"rendered":"<p style=\"text-align: justify;\">O presidente da C\u00e2mara dos Deputados,\u00a0<a href=\"https:\/\/www.metropoles.com\/tag\/arthur-lira\" target=\"_blank\" rel=\"noopener\">Arthur Lira<\/a>\u00a0(PP-AL), foi hostilizado por apoiadores de\u00a0<a href=\"https:\/\/www.metropoles.com\/tag\/jair-bolsonaro\" target=\"_blank\" rel=\"noopener\">Jair Bolsonaro<\/a>\u00a0(PL) durante um\u00a0<a href=\"https:\/\/www.metropoles.com\/brasil\/politica-brasil\/pl-reune-bancadas-e-bolsonaro-em-jantar-para-debater-pec-da-transicao\" target=\"_blank\" rel=\"noopener\">jantar organizado pelo PL<\/a>, sigla a qual o mandat\u00e1rio integra.<\/p>\n<p style=\"text-align: justify;\" data-gtm-vis-recent-on-screen-8752935_845=\"65832\" data-gtm-vis-first-on-screen-8752935_845=\"65832\" data-gtm-vis-total-visible-time-8752935_845=\"100\" data-gtm-vis-has-fired-8752935_845=\"1\">O evento ocorreu no restaurante Dom Francisco, em Bras\u00edlia, e reuniu l\u00edderes da sigla, parlamentares eleitos no \u00faltimo pleito e pol\u00edticos de outros partidos, al\u00e9m do presidente Bolsonaro.<\/p>\n<p style=\"text-align: justify;\">Arthur Lira, que articula reelei\u00e7\u00e3o \u00e0 presid\u00eancia da C\u00e2mara, chegou ao restaurante por volta das 21h e foi hostilizado e atacado aos gritos por manifestantes. O grupo, formado por cerca de dez pessoas, portava bandeiras do Brasil.<\/p>\n<blockquote><p>\u201cOmisso, se manifeste. O Brasil n\u00e3o vai se entregar, n\u00e3o. Ou viver a p\u00e1tria livre, ou morrer pelo Brasil. Covarde, traidor da P\u00e1tria. Como voc\u00ea dorme \u00e0 noite? Voc\u00ea n\u00e3o tem fam\u00edlia? Vendido\u201d, disseram.<\/p><\/blockquote>\n<p style=\"text-align: justify;\"><strong>Veja:<\/strong><\/p>\n<p class=\"st-swap-parent st-swap--active\" style=\"text-align: justify;\">\n<iframe loading=\"lazy\" id=\"st-in-video-iframed-yt_1\" class=\"st-swap-player\" title=\"Arthur Lira \u00e9 hostilizado por manifestantes em jantar do PL Traidor da P\u00e1tria\" src=\"https:\/\/www.youtube.com\/embed\/KK4MMlV6ZCo?enablejsapi=1\" width=\"560\" height=\"315\" frameborder=\"0\" allowfullscreen=\"allowfullscreen\" data-src=\"https:\/\/www.youtube.com\/embed\/KK4MMlV6ZCo?enablejsapi=1\" data-gtm-yt-inspected-7=\"true\" data-mce-fragment=\"1\"><\/iframe><\/p>\n<h4 style=\"text-align: justify;\"><strong>Jantar com l\u00edderes<\/strong><\/h4>\n<p style=\"text-align: justify;\">O evento ocorre no restaurante Dom Francisco, em Bras\u00edlia, e foi convocado pelo presidente da sigla, Valdemar Costa Neto. O local fica no Setor de Clube Sul, \u00e1rea nobre da Capital Federal.<\/p>\n<p style=\"text-align: justify;\">Entre os temas que devem ser conversados pelos parlamentares est\u00e1 a PEC da Transi\u00e7\u00e3o. O jantar tamb\u00e9m ocorre em meio \u00e0 crise no partido ap\u00f3s o Tribunal Superior Eleitoral (<a href=\"https:\/\/www.metropoles.com\/tag\/tse\" target=\"_blank\" rel=\"noopener\">TSE<\/a>) localizar e bloquear R$ 13.599.298,26 da conta da sigla, parte da multa de R$ 22,9 milh\u00f5es delimitado pelo presidente da Corte, Alexandre de Moraes. O partido colocou em d\u00favida o funcionamento de parte das urnas eletr\u00f4nicas, definidas pela sigla como \u201cantigas\u201d.<\/p>\n<p style=\"text-align: justify;\">O PL foi condenado por litig\u00e2ncia de m\u00e1-f\u00e9 depois de ajuizar a\u00e7\u00e3o que pedia a desconsidera\u00e7\u00e3o do resultado de centenas de urnas eletr\u00f4nicas apenas no segundo turno das Elei\u00e7\u00f5es Gerais de 2022. A conta do partido no Banco do Brasil est\u00e1 bloqueada desde o fim da semana passada.<\/p>\n<p style=\"text-align: justify;\"><iframe loading=\"lazy\" title=\"YouTube video player\" src=\"https:\/\/www.youtube.com\/embed\/0avAeQiWTGo\" width=\"560\" height=\"315\" frameborder=\"0\" allowfullscreen=\"allowfullscreen\" data-gtm-yt-inspected-7=\"true\" data-mce-fragment=\"1\"><\/iframe><\/p>\n<div class=\"m-carousel-post\" data-gtm-vis-recent-on-screen-8752935_885=\"70913\" data-gtm-vis-first-on-screen-8752935_885=\"70913\" data-gtm-vis-total-visible-time-8752935_885=\"100\" data-gtm-vis-has-fired-8752935_885=\"1\">\n<div class=\"siema m-siema-single-item rendered\">\n<div style=\"text-align: justify;\">\n<div class=\"siema-item\"><\/div>\n<\/div>\n<div>\n<div class=\"siema-item\">\n<div class=\"m-image-carousel\" style=\"text-align: justify;\"><\/div>\n<\/div>\n<\/div>\n<\/div>\n<\/div>\n","protected":false},"excerpt":{"rendered":"<p>O presidente da C\u00e2mara dos Deputados,\u00a0Arthur Lira\u00a0(PP-AL), foi hostilizado por apoiadores de\u00a0Jair Bolsonaro\u00a0(PL) durante um\u00a0jantar organizado pelo PL, sigla a qual o mandat\u00e1rio integra. O evento ocorreu no restaurante Dom Francisco, em Bras\u00edlia, e reuniu l\u00edderes da sigla, parlamentares eleitos no \u00faltimo pleito e pol\u00edticos de outros partidos, al\u00e9m do presidente Bolsonaro. Arthur Lira, que [&hellip;]<\/p>\n","protected":false},"author":1,"featured_media":46402,"comment_status":"closed","ping_status":"open","sticky":false,"template":"","format":"standard","meta":{"_uag_custom_page_level_css":"","_monsterinsights_skip_tracking":false,"_monsterinsights_sitenote_active":false,"_monsterinsights_sitenote_note":"","_monsterinsights_sitenote_category":0,"jetpack_post_was_ever_published":false,"_jetpack_newsletter_access":"","_jetpack_dont_email_post_to_subs":false,"_jetpack_newsletter_tier_id":0,"_jetpack_memberships_contains_paywalled_content":false,"_jetpack_memberships_contains_paid_content":false,"footnotes":"","jetpack_publicize_message":"","jetpack_publicize_feature_enabled":true,"jetpack_social_post_already_shared":true,"jetpack_social_options":{"image_generator_settings":{"template":"highway","default_image_id":0,"font":"","enabled":false},"version":2}},"categories":[200,197],"tags":[],"class_list":["post-46401","post","type-post","status-publish","format-standard","has-post-thumbnail","hentry","category-brasil","category-politica"],"jetpack_publicize_connections":[],"jetpack_featured_media_url":"https:\/\/blogopara.com.br\/wp-content\/uploads\/2022\/11\/166940139363810b31e4c43_1669401393_3x2_md.jpg","uagb_featured_image_src":{"full":["https:\/\/blogopara.com.br\/wp-content\/uploads\/2022\/11\/166940139363810b31e4c43_1669401393_3x2_md.jpg",500,333,false],"thumbnail":["https:\/\/blogopara.com.br\/wp-content\/uploads\/2022\/11\/166940139363810b31e4c43_1669401393_3x2_md-150x150.jpg",150,150,true],"medium":["https:\/\/blogopara.com.br\/wp-content\/uploads\/2022\/11\/166940139363810b31e4c43_1669401393_3x2_md-300x200.jpg",300,200,true],"medium_large":["https:\/\/blogopara.com.br\/wp-content\/uploads\/2022\/11\/166940139363810b31e4c43_1669401393_3x2_md.jpg",500,333,false],"large":["https:\/\/blogopara.com.br\/wp-content\/uploads\/2022\/11\/166940139363810b31e4c43_1669401393_3x2_md.jpg",500,333,false],"1536x1536":["https:\/\/blogopara.com.br\/wp-content\/uploads\/2022\/11\/166940139363810b31e4c43_1669401393_3x2_md.jpg",500,333,false],"2048x2048":["https:\/\/blogopara.com.br\/wp-content\/uploads\/2022\/11\/166940139363810b31e4c43_1669401393_3x2_md.jpg",500,333,false],"mantranews-slider-large":["https:\/\/blogopara.com.br\/wp-content\/uploads\/2022\/11\/166940139363810b31e4c43_1669401393_3x2_md.jpg",500,333,false],"mantranews-featured-medium":["https:\/\/blogopara.com.br\/wp-content\/uploads\/2022\/11\/166940139363810b31e4c43_1669401393_3x2_md-420x307.jpg",420,307,true],"mantranews-featured-long":["https:\/\/blogopara.com.br\/wp-content\/uploads\/2022\/11\/166940139363810b31e4c43_1669401393_3x2_md-300x333.jpg",300,333,true],"mantranews-block-medium":["https:\/\/blogopara.com.br\/wp-content\/uploads\/2022\/11\/166940139363810b31e4c43_1669401393_3x2_md-464x290.jpg",464,290,true],"mantranews-carousel-image":["https:\/\/blogopara.com.br\/wp-content\/uploads\/2022\/11\/166940139363810b31e4c43_1669401393_3x2_md.jpg",500,333,false],"mantranews-block-thumb":["https:\/\/blogopara.com.br\/wp-content\/uploads\/2022\/11\/166940139363810b31e4c43_1669401393_3x2_md-322x230.jpg",322,230,true],"mantranews-single-large":["https:\/\/blogopara.com.br\/wp-content\/uploads\/2022\/11\/166940139363810b31e4c43_1669401393_3x2_md.jpg",500,333,false]},"uagb_author_info":{"display_name":"Reda\u00e7\u00e3o geral","author_link":"https:\/\/blogopara.com.br\/index.php\/author\/blogopara"},"uagb_comment_info":0,"uagb_excerpt":"O presidente da C\u00e2mara dos Deputados,\u00a0Arthur Lira\u00a0(PP-AL), foi hostilizado por apoiadores de\u00a0Jair Bolsonaro\u00a0(PL) durante um\u00a0jantar organizado pelo PL, sigla a qual o mandat\u00e1rio integra. O evento ocorreu no restaurante Dom Francisco, em Bras\u00edlia, e reuniu l\u00edderes da sigla, parlamentares eleitos no \u00faltimo pleito e pol\u00edticos de outros partidos, al\u00e9m do presidente Bolsonaro. Arthur Lira, que&hellip;","jetpack_sharing_enabled":true,"jetpack_likes_enabled":true,"_links":{"self":[{"href":"https:\/\/blogopara.com.br\/index.php\/wp-json\/wp\/v2\/posts\/46401","targetHints":{"allow":["GET"]}}],"collection":[{"href":"https:\/\/blogopara.com.br\/index.php\/wp-json\/wp\/v2\/posts"}],"about":[{"href":"https:\/\/blogopara.com.br\/index.php\/wp-json\/wp\/v2\/types\/post"}],"author":[{"embeddable":true,"href":"https:\/\/blogopara.com.br\/index.php\/wp-json\/wp\/v2\/users\/1"}],"replies":[{"embeddable":true,"href":"https:\/\/blogopara.com.br\/index.php\/wp-json\/wp\/v2\/comments?post=46401"}],"version-history":[{"count":1,"href":"https:\/\/blogopara.com.br\/index.php\/wp-json\/wp\/v2\/posts\/46401\/revisions"}],"predecessor-version":[{"id":46403,"href":"https:\/\/blogopara.com.br\/index.php\/wp-json\/wp\/v2\/posts\/46401\/revisions\/46403"}],"wp:featuredmedia":[{"embeddable":true,"href":"https:\/\/blogopara.com.br\/index.php\/wp-json\/wp\/v2\/media\/46402"}],"wp:attachment":[{"href":"https:\/\/blogopara.com.br\/index.php\/wp-json\/wp\/v2\/media?parent=46401"}],"wp:term":[{"taxonomy":"category","embeddable":true,"href":"https:\/\/blogopara.com.br\/index.php\/wp-json\/wp\/v2\/categories?post=46401"},{"taxonomy":"post_tag","embeddable":true,"href":"https:\/\/blogopara.com.br\/index.php\/wp-json\/wp\/v2\/tags?post=46401"}],"curies":[{"name":"wp","href":"https:\/\/api.w.org\/{rel}","templated":true}]}}