{"id":46404,"date":"2022-11-30T15:50:00","date_gmt":"2022-11-30T18:50:00","guid":{"rendered":"https:\/\/blogopara.com.br\/?p=46404"},"modified":"2022-11-30T07:54:28","modified_gmt":"2022-11-30T10:54:28","slug":"comeca-artilharia-interna-do-pt-contra-rui-costa-na-casa-civil","status":"publish","type":"post","link":"https:\/\/blogopara.com.br\/index.php\/2022\/11\/30\/comeca-artilharia-interna-do-pt-contra-rui-costa-na-casa-civil","title":{"rendered":"Come\u00e7a artilharia interna do PT contra Rui Costa na Casa Civil"},"content":{"rendered":"<p style=\"text-align: justify;\">Desde que\u00a0<a href=\"http:\/\/metropoles.com\/tag\/lula\" target=\"_blank\" rel=\"noopener\">Lula<\/a>\u00a0comentou com aliados que pensa no governador da Bahia, Rui Costa, para chefiar a Casa Civil, come\u00e7ou o fogo amigo (fogar\u00e9u, na verdade) do\u00a0<a href=\"http:\/\/metropoles.com\/tag\/pt\" target=\"_blank\" rel=\"noopener\">PT<\/a>\u00a0contra ele.<\/p>\n<p style=\"text-align: justify;\" data-gtm-vis-recent-on-screen-8752935_845=\"26323\" data-gtm-vis-first-on-screen-8752935_845=\"26323\" data-gtm-vis-total-visible-time-8752935_845=\"100\" data-gtm-vis-has-fired-8752935_845=\"1\">Os ataques partem principalmente de integrantes do PT de S\u00e3o Paulo, mas n\u00e3o s\u00f3. As duas cr\u00edticas feitas a Rui s\u00e3o que o governador n\u00e3o teria dom\u00ednio de temas nacionais para chefiar a Casa Civil e n\u00e3o teria bom tr\u00e2nsito na classe pol\u00edtica.<\/p>\n<p style=\"text-align: justify;\">Ao ouvir os dois argumentos, Lula respondeu que Rui Costa foi um elemento fundamental dos governos de\u00a0<a href=\"https:\/\/instagram.com\/beatriz.tqueiroz?igshid=YmMyMTA2M2Y=\" target=\"_blank\" rel=\"noopener\">Jaques Wagner<\/a>\u00a0na Bahia, tal qual Dilma Rousseff foi de seus governos. E que a boa situa\u00e7\u00e3o financeira da Bahia seria a maior credencial de Rui.<\/p>\n<p>Fonte: Metr\u00f3poles<\/p>\n","protected":false},"excerpt":{"rendered":"<p>Desde que\u00a0Lula\u00a0comentou com aliados que pensa no governador da Bahia, Rui Costa, para chefiar a Casa Civil, come\u00e7ou o fogo amigo (fogar\u00e9u, na verdade) do\u00a0PT\u00a0contra ele. Os ataques partem principalmente de integrantes do PT de S\u00e3o Paulo, mas n\u00e3o s\u00f3. As duas cr\u00edticas feitas a Rui s\u00e3o que o governador n\u00e3o teria dom\u00ednio de temas [&hellip;]<\/p>\n","protected":false},"author":1,"featured_media":39771,"comment_status":"closed","ping_status":"open","sticky":false,"template":"","format":"standard","meta":{"_uag_custom_page_level_css":"","_monsterinsights_skip_tracking":false,"_monsterinsights_sitenote_active":false,"_monsterinsights_sitenote_note":"","_monsterinsights_sitenote_category":0,"jetpack_post_was_ever_published":false,"_jetpack_newsletter_access":"","_jetpack_dont_email_post_to_subs":false,"_jetpack_newsletter_tier_id":0,"_jetpack_memberships_contains_paywalled_content":false,"_jetpack_memberships_contains_paid_content":false,"footnotes":"","jetpack_publicize_message":"","jetpack_publicize_feature_enabled":true,"jetpack_social_post_already_shared":true,"jetpack_social_options":{"image_generator_settings":{"template":"highway","default_image_id":0,"font":"","enabled":false},"version":2}},"categories":[199,197],"tags":[],"class_list":["post-46404","post","type-post","status-publish","format-standard","has-post-thumbnail","hentry","category-bahia","category-politica"],"jetpack_publicize_connections":[],"jetpack_featured_media_url":"https:\/\/blogopara.com.br\/wp-content\/uploads\/2022\/07\/csm_Rui-Costa-1_e2e62554c2.jpg","uagb_featured_image_src":{"full":["https:\/\/blogopara.com.br\/wp-content\/uploads\/2022\/07\/csm_Rui-Costa-1_e2e62554c2.jpg",500,300,false],"thumbnail":["https:\/\/blogopara.com.br\/wp-content\/uploads\/2022\/07\/csm_Rui-Costa-1_e2e62554c2-150x150.jpg",150,150,true],"medium":["https:\/\/blogopara.com.br\/wp-content\/uploads\/2022\/07\/csm_Rui-Costa-1_e2e62554c2-300x180.jpg",300,180,true],"medium_large":["https:\/\/blogopara.com.br\/wp-content\/uploads\/2022\/07\/csm_Rui-Costa-1_e2e62554c2.jpg",500,300,false],"large":["https:\/\/blogopara.com.br\/wp-content\/uploads\/2022\/07\/csm_Rui-Costa-1_e2e62554c2.jpg",500,300,false],"1536x1536":["https:\/\/blogopara.com.br\/wp-content\/uploads\/2022\/07\/csm_Rui-Costa-1_e2e62554c2.jpg",500,300,false],"2048x2048":["https:\/\/blogopara.com.br\/wp-content\/uploads\/2022\/07\/csm_Rui-Costa-1_e2e62554c2.jpg",500,300,false],"mantranews-slider-large":["https:\/\/blogopara.com.br\/wp-content\/uploads\/2022\/07\/csm_Rui-Costa-1_e2e62554c2.jpg",500,300,false],"mantranews-featured-medium":["https:\/\/blogopara.com.br\/wp-content\/uploads\/2022\/07\/csm_Rui-Costa-1_e2e62554c2-420x300.jpg",420,300,true],"mantranews-featured-long":["https:\/\/blogopara.com.br\/wp-content\/uploads\/2022\/07\/csm_Rui-Costa-1_e2e62554c2-300x300.jpg",300,300,true],"mantranews-block-medium":["https:\/\/blogopara.com.br\/wp-content\/uploads\/2022\/07\/csm_Rui-Costa-1_e2e62554c2-464x290.jpg",464,290,true],"mantranews-carousel-image":["https:\/\/blogopara.com.br\/wp-content\/uploads\/2022\/07\/csm_Rui-Costa-1_e2e62554c2.jpg",500,300,false],"mantranews-block-thumb":["https:\/\/blogopara.com.br\/wp-content\/uploads\/2022\/07\/csm_Rui-Costa-1_e2e62554c2-322x230.jpg",322,230,true],"mantranews-single-large":["https:\/\/blogopara.com.br\/wp-content\/uploads\/2022\/07\/csm_Rui-Costa-1_e2e62554c2.jpg",500,300,false]},"uagb_author_info":{"display_name":"Reda\u00e7\u00e3o geral","author_link":"https:\/\/blogopara.com.br\/index.php\/author\/blogopara"},"uagb_comment_info":0,"uagb_excerpt":"Desde que\u00a0Lula\u00a0comentou com aliados que pensa no governador da Bahia, Rui Costa, para chefiar a Casa Civil, come\u00e7ou o fogo amigo (fogar\u00e9u, na verdade) do\u00a0PT\u00a0contra ele. Os ataques partem principalmente de integrantes do PT de S\u00e3o Paulo, mas n\u00e3o s\u00f3. As duas cr\u00edticas feitas a Rui s\u00e3o que o governador n\u00e3o teria dom\u00ednio de temas&hellip;","jetpack_sharing_enabled":true,"jetpack_likes_enabled":true,"_links":{"self":[{"href":"https:\/\/blogopara.com.br\/index.php\/wp-json\/wp\/v2\/posts\/46404","targetHints":{"allow":["GET"]}}],"collection":[{"href":"https:\/\/blogopara.com.br\/index.php\/wp-json\/wp\/v2\/posts"}],"about":[{"href":"https:\/\/blogopara.com.br\/index.php\/wp-json\/wp\/v2\/types\/post"}],"author":[{"embeddable":true,"href":"https:\/\/blogopara.com.br\/index.php\/wp-json\/wp\/v2\/users\/1"}],"replies":[{"embeddable":true,"href":"https:\/\/blogopara.com.br\/index.php\/wp-json\/wp\/v2\/comments?post=46404"}],"version-history":[{"count":1,"href":"https:\/\/blogopara.com.br\/index.php\/wp-json\/wp\/v2\/posts\/46404\/revisions"}],"predecessor-version":[{"id":46405,"href":"https:\/\/blogopara.com.br\/index.php\/wp-json\/wp\/v2\/posts\/46404\/revisions\/46405"}],"wp:featuredmedia":[{"embeddable":true,"href":"https:\/\/blogopara.com.br\/index.php\/wp-json\/wp\/v2\/media\/39771"}],"wp:attachment":[{"href":"https:\/\/blogopara.com.br\/index.php\/wp-json\/wp\/v2\/media?parent=46404"}],"wp:term":[{"taxonomy":"category","embeddable":true,"href":"https:\/\/blogopara.com.br\/index.php\/wp-json\/wp\/v2\/categories?post=46404"},{"taxonomy":"post_tag","embeddable":true,"href":"https:\/\/blogopara.com.br\/index.php\/wp-json\/wp\/v2\/tags?post=46404"}],"curies":[{"name":"wp","href":"https:\/\/api.w.org\/{rel}","templated":true}]}}