{"id":46462,"date":"2022-12-01T17:07:00","date_gmt":"2022-12-01T20:07:00","guid":{"rendered":"https:\/\/blogopara.com.br\/?p=46462"},"modified":"2022-12-01T17:45:20","modified_gmt":"2022-12-01T20:45:20","slug":"representantes-da-prefeitura-de-juazeiro-dialogam-sobre-o-desenvolvimento-territorial-durante-a-3a-conferencia-estadual-dos-colegiados-territoriais","status":"publish","type":"post","link":"https:\/\/blogopara.com.br\/index.php\/2022\/12\/01\/representantes-da-prefeitura-de-juazeiro-dialogam-sobre-o-desenvolvimento-territorial-durante-a-3a-conferencia-estadual-dos-colegiados-territoriais","title":{"rendered":"Representantes da Prefeitura de Juazeiro dialogam sobre o Desenvolvimento Territorial durante a 3\u00aa Confer\u00eancia Estadual dos Colegiados Territoriais"},"content":{"rendered":"<p dir=\"ltr\" style=\"text-align: justify;\">A Prefeitura de Juazeiro, por meio da Ag\u00eancia de Desenvolvimento Econ\u00f4mico, Agricultura e Pecu\u00e1ria (ADEAP) participou nesta ter\u00e7a-feira (29) da III Confer\u00eancia Estadual dos Colegiados Territoriais. Durante todo o dia, o Superintendente da ADEAP, Denivaldo Alves Medrado da Silva, juntamente com a m\u00e9dica veterin\u00e1ria da Adeap, Anita Ribeiro e a supervisora de N\u00facleo da pasta de Desenvolvimento Econ\u00f4mico, Risete Dias, participaram do evento que aconteceu no audit\u00f3rio do Servi\u00e7o Territorial de Apoio \u00e0 Agricultura Familiar de Juazeiro \u2013 SETAF.<\/p>\n<p dir=\"ltr\" style=\"text-align: justify;\">O evento reuniu representantes dos munic\u00edpios que comp\u00f5em o Territ\u00f3rio Sert\u00e3o do Francisco e teve como objetivo principal o di\u00e1logo acerca do desenvolvimento territorial com foco na participa\u00e7\u00e3o social e no dever do estado. Entre os principais t\u00f3picos abordados, estiveram o envolvimento dos \u00f3rg\u00e3os governamentais no desenvolvimento territorial, a valoriza\u00e7\u00e3o do fortalecimento das inst\u00e2ncias da governan\u00e7a territorial, o papel da sociedade civil organizada na pol\u00edtica e o desenvolvimento territorial, entre outros voltados para o tema central.<\/p>\n<p dir=\"ltr\" style=\"text-align: justify;\">De acordo com a m\u00e9dica veterin\u00e1ria, Anita Ribeiro, o evento foi voltado para o di\u00e1logo sobre a import\u00e2ncia de mudar a realidade da sociedade, na execu\u00e7\u00e3o de a\u00e7\u00f5es governamentais com perspectivas de promover e estimular o desenvolvimento do territ\u00f3rio. \u201cNosso objetivo ao participarmos do evento \u00e9 buscarmos novos instrumentos para incrementar o desenvolvimento&nbsp; de forma organizada no nosso munic\u00edpio\u201d, ressaltou Anita Ribeiro.<\/p>\n<p dir=\"ltr\" style=\"text-align: justify;\">Participantes<\/p>\n<p dir=\"ltr\" style=\"text-align: justify;\">Estiveram compondo a mesa do evento o coordenador do eixo produ\u00e7\u00e3o apropriado do IRPAA, Judenilton Oliveira dos Santos Souza, a assessora de Pol\u00edticas P\u00fablicas do Pr\u00f3-semi\u00e1rido, Jussara de Souza Oliveira e a Professora Dra. da Univasf, Lucia Marisy Souza Ribeiro de Oliveira.<\/p>\n","protected":false},"excerpt":{"rendered":"<p>A Prefeitura de Juazeiro, por meio da Ag\u00eancia de Desenvolvimento Econ\u00f4mico, Agricultura e Pecu\u00e1ria (ADEAP) participou nesta ter\u00e7a-feira (29) da III Confer\u00eancia Estadual dos Colegiados Territoriais. Durante todo o dia, o Superintendente da ADEAP, Denivaldo Alves Medrado da Silva, juntamente com a m\u00e9dica veterin\u00e1ria da Adeap, Anita Ribeiro e a supervisora de N\u00facleo da pasta [&hellip;]<\/p>\n","protected":false},"author":1,"featured_media":46526,"comment_status":"closed","ping_status":"open","sticky":false,"template":"","format":"standard","meta":{"_uag_custom_page_level_css":"","_monsterinsights_skip_tracking":false,"_monsterinsights_sitenote_active":false,"_monsterinsights_sitenote_note":"","_monsterinsights_sitenote_category":0,"jetpack_post_was_ever_published":false,"_jetpack_newsletter_access":"","_jetpack_dont_email_post_to_subs":false,"_jetpack_newsletter_tier_id":0,"_jetpack_memberships_contains_paywalled_content":false,"_jetpack_memberships_contains_paid_content":false,"footnotes":"","jetpack_publicize_message":"","jetpack_publicize_feature_enabled":true,"jetpack_social_post_already_shared":true,"jetpack_social_options":{"image_generator_settings":{"template":"highway","default_image_id":0,"font":"","enabled":false},"version":2}},"categories":[203],"tags":[],"class_list":["post-46462","post","type-post","status-publish","format-standard","has-post-thumbnail","hentry","category-juazeiro"],"jetpack_publicize_connections":[],"jetpack_featured_media_url":"https:\/\/blogopara.com.br\/wp-content\/uploads\/2022\/12\/thumbnail_Reuniao_3a-Conferencia-Estadual-dos-Colegiados-Territoriais-1210x642-1.jpg","uagb_featured_image_src":{"full":["https:\/\/blogopara.com.br\/wp-content\/uploads\/2022\/12\/thumbnail_Reuniao_3a-Conferencia-Estadual-dos-Colegiados-Territoriais-1210x642-1.jpg",500,265,false],"thumbnail":["https:\/\/blogopara.com.br\/wp-content\/uploads\/2022\/12\/thumbnail_Reuniao_3a-Conferencia-Estadual-dos-Colegiados-Territoriais-1210x642-1-150x150.jpg",150,150,true],"medium":["https:\/\/blogopara.com.br\/wp-content\/uploads\/2022\/12\/thumbnail_Reuniao_3a-Conferencia-Estadual-dos-Colegiados-Territoriais-1210x642-1-300x159.jpg",300,159,true],"medium_large":["https:\/\/blogopara.com.br\/wp-content\/uploads\/2022\/12\/thumbnail_Reuniao_3a-Conferencia-Estadual-dos-Colegiados-Territoriais-1210x642-1.jpg",500,265,false],"large":["https:\/\/blogopara.com.br\/wp-content\/uploads\/2022\/12\/thumbnail_Reuniao_3a-Conferencia-Estadual-dos-Colegiados-Territoriais-1210x642-1.jpg",500,265,false],"1536x1536":["https:\/\/blogopara.com.br\/wp-content\/uploads\/2022\/12\/thumbnail_Reuniao_3a-Conferencia-Estadual-dos-Colegiados-Territoriais-1210x642-1.jpg",500,265,false],"2048x2048":["https:\/\/blogopara.com.br\/wp-content\/uploads\/2022\/12\/thumbnail_Reuniao_3a-Conferencia-Estadual-dos-Colegiados-Territoriais-1210x642-1.jpg",500,265,false],"mantranews-slider-large":["https:\/\/blogopara.com.br\/wp-content\/uploads\/2022\/12\/thumbnail_Reuniao_3a-Conferencia-Estadual-dos-Colegiados-Territoriais-1210x642-1.jpg",500,265,false],"mantranews-featured-medium":["https:\/\/blogopara.com.br\/wp-content\/uploads\/2022\/12\/thumbnail_Reuniao_3a-Conferencia-Estadual-dos-Colegiados-Territoriais-1210x642-1-420x265.jpg",420,265,true],"mantranews-featured-long":["https:\/\/blogopara.com.br\/wp-content\/uploads\/2022\/12\/thumbnail_Reuniao_3a-Conferencia-Estadual-dos-Colegiados-Territoriais-1210x642-1-300x265.jpg",300,265,true],"mantranews-block-medium":["https:\/\/blogopara.com.br\/wp-content\/uploads\/2022\/12\/thumbnail_Reuniao_3a-Conferencia-Estadual-dos-Colegiados-Territoriais-1210x642-1-464x265.jpg",464,265,true],"mantranews-carousel-image":["https:\/\/blogopara.com.br\/wp-content\/uploads\/2022\/12\/thumbnail_Reuniao_3a-Conferencia-Estadual-dos-Colegiados-Territoriais-1210x642-1.jpg",500,265,false],"mantranews-block-thumb":["https:\/\/blogopara.com.br\/wp-content\/uploads\/2022\/12\/thumbnail_Reuniao_3a-Conferencia-Estadual-dos-Colegiados-Territoriais-1210x642-1-322x230.jpg",322,230,true],"mantranews-single-large":["https:\/\/blogopara.com.br\/wp-content\/uploads\/2022\/12\/thumbnail_Reuniao_3a-Conferencia-Estadual-dos-Colegiados-Territoriais-1210x642-1.jpg",500,265,false]},"uagb_author_info":{"display_name":"Reda\u00e7\u00e3o geral","author_link":"https:\/\/blogopara.com.br\/index.php\/author\/blogopara"},"uagb_comment_info":0,"uagb_excerpt":"A Prefeitura de Juazeiro, por meio da Ag\u00eancia de Desenvolvimento Econ\u00f4mico, Agricultura e Pecu\u00e1ria (ADEAP) participou nesta ter\u00e7a-feira (29) da III Confer\u00eancia Estadual dos Colegiados Territoriais. Durante todo o dia, o Superintendente da ADEAP, Denivaldo Alves Medrado da Silva, juntamente com a m\u00e9dica veterin\u00e1ria da Adeap, Anita Ribeiro e a supervisora de N\u00facleo da pasta&hellip;","jetpack_sharing_enabled":true,"jetpack_likes_enabled":true,"_links":{"self":[{"href":"https:\/\/blogopara.com.br\/index.php\/wp-json\/wp\/v2\/posts\/46462","targetHints":{"allow":["GET"]}}],"collection":[{"href":"https:\/\/blogopara.com.br\/index.php\/wp-json\/wp\/v2\/posts"}],"about":[{"href":"https:\/\/blogopara.com.br\/index.php\/wp-json\/wp\/v2\/types\/post"}],"author":[{"embeddable":true,"href":"https:\/\/blogopara.com.br\/index.php\/wp-json\/wp\/v2\/users\/1"}],"replies":[{"embeddable":true,"href":"https:\/\/blogopara.com.br\/index.php\/wp-json\/wp\/v2\/comments?post=46462"}],"version-history":[{"count":2,"href":"https:\/\/blogopara.com.br\/index.php\/wp-json\/wp\/v2\/posts\/46462\/revisions"}],"predecessor-version":[{"id":46527,"href":"https:\/\/blogopara.com.br\/index.php\/wp-json\/wp\/v2\/posts\/46462\/revisions\/46527"}],"wp:featuredmedia":[{"embeddable":true,"href":"https:\/\/blogopara.com.br\/index.php\/wp-json\/wp\/v2\/media\/46526"}],"wp:attachment":[{"href":"https:\/\/blogopara.com.br\/index.php\/wp-json\/wp\/v2\/media?parent=46462"}],"wp:term":[{"taxonomy":"category","embeddable":true,"href":"https:\/\/blogopara.com.br\/index.php\/wp-json\/wp\/v2\/categories?post=46462"},{"taxonomy":"post_tag","embeddable":true,"href":"https:\/\/blogopara.com.br\/index.php\/wp-json\/wp\/v2\/tags?post=46462"}],"curies":[{"name":"wp","href":"https:\/\/api.w.org\/{rel}","templated":true}]}}