{"id":46467,"date":"2022-12-01T18:28:00","date_gmt":"2022-12-01T21:28:00","guid":{"rendered":"https:\/\/blogopara.com.br\/?p=46467"},"modified":"2022-12-01T20:45:46","modified_gmt":"2022-12-01T23:45:46","slug":"prefeitura-de-juazeiro-anuncia-inicio-da-programacao-do-natal-iluminado-2022","status":"publish","type":"post","link":"https:\/\/blogopara.com.br\/index.php\/2022\/12\/01\/prefeitura-de-juazeiro-anuncia-inicio-da-programacao-do-natal-iluminado-2022","title":{"rendered":"Prefeitura de Juazeiro anuncia in\u00edcio da programa\u00e7\u00e3o do Natal Iluminado 2022"},"content":{"rendered":"<p style=\"text-align: justify;\">Os juazeirenses e turistas que amam a magia e o encantamento do Natal j\u00e1 podem comemorar. \u00c9 que a Prefeitura de Juazeiro anunciou a programa\u00e7\u00e3o e os pontos que receber\u00e3o a 2\u00aa edi\u00e7\u00e3o do \u2018Natal Iluminado \u2013 Um Novo Tempo de Esperan\u00e7a\u2019.<\/p>\n<p style=\"text-align: justify;\">A programa\u00e7\u00e3o inicia na pr\u00f3xima segunda-feira (05), quando a popula\u00e7\u00e3o j\u00e1 poder\u00e1 apreciar a decora\u00e7\u00e3o sacra na Pra\u00e7a da Bandeira. J\u00e1 no dia 09 de dezembro acontece a abertura oficial da programa\u00e7\u00e3o na Orla II. O evento tamb\u00e9m contar\u00e1 com apresenta\u00e7\u00f5es culturais na abertura e encerramento da edi\u00e7\u00e3o de 2022.<\/p>\n<p style=\"text-align: justify;\">A prefeita Suzana Ramos ressalta que o per\u00edodo natalino \u00e9 um momento que desperta, ainda mais, as rela\u00e7\u00f5es de amor, fraternidade, f\u00e9 e fomenta a economia local. \u201cQuero convidar os juazeirenses para prestigiar a edi\u00e7\u00e3o do Natal Iluminado deste ano, que vem muito bonita. O fim de ano em nossa cidade tem sido especial, pois temos resgatado esse sentimento e tradi\u00e7\u00e3o natalina. \u00c9 um per\u00edodo que une mais as pessoas e, mais uma vez, vamos fazer uma bonita programa\u00e7\u00e3o. Al\u00e9m disso, o momento tamb\u00e9m favorece muito o nosso com\u00e9rcio, tanto para as empresas como para os pequenos empreendedores, abrangendo toda rede comercial local\u201d, enfatizou.<\/p>\n<p style=\"text-align: justify;\"><strong>Amplia\u00e7\u00e3o<\/strong><\/p>\n<p style=\"text-align: justify;\">Nesta edi\u00e7\u00e3o o projeto ser\u00e1 ampliado e novos pontos da cidade receber\u00e3o decora\u00e7\u00e3o natalina, como: Orla Nova, Av. Raul Alves, Pra\u00e7a Dom Tomaz, al\u00e9m dos pontos j\u00e1 considerados tradicionais: Rotat\u00f3ria do Lomanto Junior, Av. Adolfo Viana e Pra\u00e7a da Bandeira. \u201cJ\u00e1 no Vaporzinho, grande ponto tur\u00edstico da cidade, pretendemos transformar a \u00e1rea como o mais atrativo espa\u00e7o natalino do munic\u00edpio\u201d, destaca o assessor especial da Prefeitura e respons\u00e1vel pelo projeto, Devilles Sena.<\/p>\n","protected":false},"excerpt":{"rendered":"<p>Os juazeirenses e turistas que amam a magia e o encantamento do Natal j\u00e1 podem comemorar. \u00c9 que a Prefeitura de Juazeiro anunciou a programa\u00e7\u00e3o e os pontos que receber\u00e3o a 2\u00aa edi\u00e7\u00e3o do \u2018Natal Iluminado \u2013 Um Novo Tempo de Esperan\u00e7a\u2019. A programa\u00e7\u00e3o inicia na pr\u00f3xima segunda-feira (05), quando a popula\u00e7\u00e3o j\u00e1 poder\u00e1 apreciar [&hellip;]<\/p>\n","protected":false},"author":1,"featured_media":46474,"comment_status":"closed","ping_status":"open","sticky":false,"template":"","format":"standard","meta":{"_uag_custom_page_level_css":"","_monsterinsights_skip_tracking":false,"_monsterinsights_sitenote_active":false,"_monsterinsights_sitenote_note":"","_monsterinsights_sitenote_category":0,"jetpack_post_was_ever_published":false,"_jetpack_newsletter_access":"","_jetpack_dont_email_post_to_subs":false,"_jetpack_newsletter_tier_id":0,"_jetpack_memberships_contains_paywalled_content":false,"_jetpack_memberships_contains_paid_content":false,"footnotes":"","jetpack_publicize_message":"","jetpack_publicize_feature_enabled":true,"jetpack_social_post_already_shared":true,"jetpack_social_options":{"image_generator_settings":{"template":"highway","default_image_id":0,"font":"","enabled":false},"version":2}},"categories":[203,10208],"tags":[11,10209,143,1384,6080,340],"class_list":["post-46467","post","type-post","status-publish","format-standard","has-post-thumbnail","hentry","category-juazeiro","category-natal","tag-bahia","tag-decoracao-natalina","tag-juazeiro-da-bahia","tag-natal","tag-natal-iluminado","tag-prefeitura-de-juazeiro"],"jetpack_publicize_connections":[],"jetpack_featured_media_url":"https:\/\/blogopara.com.br\/wp-content\/uploads\/2022\/12\/Natal-Iluminado_-2021-3-e1669163330564.jpeg","uagb_featured_image_src":{"full":["https:\/\/blogopara.com.br\/wp-content\/uploads\/2022\/12\/Natal-Iluminado_-2021-3-e1669163330564.jpeg",600,400,false],"thumbnail":["https:\/\/blogopara.com.br\/wp-content\/uploads\/2022\/12\/Natal-Iluminado_-2021-3-e1669163330564-150x150.jpeg",150,150,true],"medium":["https:\/\/blogopara.com.br\/wp-content\/uploads\/2022\/12\/Natal-Iluminado_-2021-3-e1669163330564-300x200.jpeg",300,200,true],"medium_large":["https:\/\/blogopara.com.br\/wp-content\/uploads\/2022\/12\/Natal-Iluminado_-2021-3-e1669163330564.jpeg",600,400,false],"large":["https:\/\/blogopara.com.br\/wp-content\/uploads\/2022\/12\/Natal-Iluminado_-2021-3-e1669163330564.jpeg",600,400,false],"1536x1536":["https:\/\/blogopara.com.br\/wp-content\/uploads\/2022\/12\/Natal-Iluminado_-2021-3-e1669163330564.jpeg",600,400,false],"2048x2048":["https:\/\/blogopara.com.br\/wp-content\/uploads\/2022\/12\/Natal-Iluminado_-2021-3-e1669163330564.jpeg",600,400,false],"mantranews-slider-large":["https:\/\/blogopara.com.br\/wp-content\/uploads\/2022\/12\/Natal-Iluminado_-2021-3-e1669163330564.jpeg",600,400,false],"mantranews-featured-medium":["https:\/\/blogopara.com.br\/wp-content\/uploads\/2022\/12\/Natal-Iluminado_-2021-3-e1669163330564-420x307.jpeg",420,307,true],"mantranews-featured-long":["https:\/\/blogopara.com.br\/wp-content\/uploads\/2022\/12\/Natal-Iluminado_-2021-3-e1669163330564-300x400.jpeg",300,400,true],"mantranews-block-medium":["https:\/\/blogopara.com.br\/wp-content\/uploads\/2022\/12\/Natal-Iluminado_-2021-3-e1669163330564-464x290.jpeg",464,290,true],"mantranews-carousel-image":["https:\/\/blogopara.com.br\/wp-content\/uploads\/2022\/12\/Natal-Iluminado_-2021-3-e1669163330564.jpeg",600,400,false],"mantranews-block-thumb":["https:\/\/blogopara.com.br\/wp-content\/uploads\/2022\/12\/Natal-Iluminado_-2021-3-e1669163330564-322x230.jpeg",322,230,true],"mantranews-single-large":["https:\/\/blogopara.com.br\/wp-content\/uploads\/2022\/12\/Natal-Iluminado_-2021-3-e1669163330564.jpeg",600,400,false]},"uagb_author_info":{"display_name":"Reda\u00e7\u00e3o geral","author_link":"https:\/\/blogopara.com.br\/index.php\/author\/blogopara"},"uagb_comment_info":0,"uagb_excerpt":"Os juazeirenses e turistas que amam a magia e o encantamento do Natal j\u00e1 podem comemorar. \u00c9 que a Prefeitura de Juazeiro anunciou a programa\u00e7\u00e3o e os pontos que receber\u00e3o a 2\u00aa edi\u00e7\u00e3o do \u2018Natal Iluminado \u2013 Um Novo Tempo de Esperan\u00e7a\u2019. A programa\u00e7\u00e3o inicia na pr\u00f3xima segunda-feira (05), quando a popula\u00e7\u00e3o j\u00e1 poder\u00e1 apreciar&hellip;","jetpack_sharing_enabled":true,"jetpack_likes_enabled":true,"_links":{"self":[{"href":"https:\/\/blogopara.com.br\/index.php\/wp-json\/wp\/v2\/posts\/46467","targetHints":{"allow":["GET"]}}],"collection":[{"href":"https:\/\/blogopara.com.br\/index.php\/wp-json\/wp\/v2\/posts"}],"about":[{"href":"https:\/\/blogopara.com.br\/index.php\/wp-json\/wp\/v2\/types\/post"}],"author":[{"embeddable":true,"href":"https:\/\/blogopara.com.br\/index.php\/wp-json\/wp\/v2\/users\/1"}],"replies":[{"embeddable":true,"href":"https:\/\/blogopara.com.br\/index.php\/wp-json\/wp\/v2\/comments?post=46467"}],"version-history":[{"count":4,"href":"https:\/\/blogopara.com.br\/index.php\/wp-json\/wp\/v2\/posts\/46467\/revisions"}],"predecessor-version":[{"id":46493,"href":"https:\/\/blogopara.com.br\/index.php\/wp-json\/wp\/v2\/posts\/46467\/revisions\/46493"}],"wp:featuredmedia":[{"embeddable":true,"href":"https:\/\/blogopara.com.br\/index.php\/wp-json\/wp\/v2\/media\/46474"}],"wp:attachment":[{"href":"https:\/\/blogopara.com.br\/index.php\/wp-json\/wp\/v2\/media?parent=46467"}],"wp:term":[{"taxonomy":"category","embeddable":true,"href":"https:\/\/blogopara.com.br\/index.php\/wp-json\/wp\/v2\/categories?post=46467"},{"taxonomy":"post_tag","embeddable":true,"href":"https:\/\/blogopara.com.br\/index.php\/wp-json\/wp\/v2\/tags?post=46467"}],"curies":[{"name":"wp","href":"https:\/\/api.w.org\/{rel}","templated":true}]}}