{"id":46566,"date":"2022-12-03T08:00:00","date_gmt":"2022-12-03T11:00:00","guid":{"rendered":"https:\/\/blogopara.com.br\/?p=46566"},"modified":"2022-12-02T08:08:47","modified_gmt":"2022-12-02T11:08:47","slug":"caminhoneiro-soterrado-na-br-376-grava-video-debaixo-da-terra-e-agradece-por-estar-vivo-veja","status":"publish","type":"post","link":"https:\/\/blogopara.com.br\/index.php\/2022\/12\/03\/caminhoneiro-soterrado-na-br-376-grava-video-debaixo-da-terra-e-agradece-por-estar-vivo-veja","title":{"rendered":"Caminhoneiro soterrado na BR-376 grava v\u00eddeo debaixo da terra e agradece por estar vivo; veja"},"content":{"rendered":"<p>Brasil \u2013\u00a0<span class=\"selectable-text copyable-text\">\u201cEstou vivo, mas estou no meio da terra\u201d, relata Jos\u00e9 Altair Biscaia, de 43 anos, em um v\u00eddeo filmado momentos ap\u00f3s o deslizamento que atingiu a BR-376, entre o Paran\u00e1 e Santa Catarina, que deixou dois mortos nesta segunda-feira (<\/span><span class=\"selectable-text copyable-text\">28)<\/span><span class=\"selectable-text copyable-text\">.<\/span><\/p>\n<p class=\"selectable-text copyable-text\"><span class=\"selectable-text copyable-text\">O motorista do caminh\u00e3o estava no ve\u00edculo quando foi arrastado pela terra. Jos\u00e9 foi resgatado na madrugada desta ter\u00e7a-feira (29), e foi encaminhado ao Hospital S\u00e3o Jos\u00e9. No v\u00eddeo, ele conta que est\u00e1 ferido, com machucados e dores no corpo.<\/span><\/p>\n<p class=\"selectable-text copyable-text\"><span class=\"selectable-text copyable-text\">Jos\u00e9 \u00e9 de Arauc\u00e1ria, no Paran\u00e1. Nas redes sociais, amigos e familiares comemoraram que o caminhoneiro est\u00e1 bem. \u201cFor\u00e7a meu amigo. Gra\u00e7as a Deus voc\u00ea est\u00e1 vivo, foi s\u00f3 um susto mesmo\u201d, relata uma amiga.<\/span><\/p>\n<p><strong>V\u00eddeo:<\/strong><\/p>\n<div class=\"wp-video\"><span class=\"mejs-offscreen\">Tocador de v\u00eddeo<\/span><\/p>\n<div id=\"mep_0\" class=\"mejs-container mejs-container-keyboard-inactive wp-video-shortcode mejs-video\" tabindex=\"0\" role=\"application\" aria-label=\"Tocador de v\u00eddeo\">\n<div class=\"mejs-inner\">\n<div class=\"mejs-mediaelement\"><video id=\"video-596017-1_html5\" class=\"wp-video-shortcode\" src=\"https:\/\/fanoticias.com.br\/wp-content\/uploads\/2022\/12\/whatsapp-video-2022-11-30-at-16.50.53.mp4?_=1\" preload=\"metadata\" width=\"640\" height=\"352\" data-mce-fragment=\"1\"><\/video><\/div>\n<div class=\"mejs-layers\">\n<div class=\"mejs-overlay mejs-layer mejs-overlay-play\">\n<div class=\"mejs-overlay-button\" tabindex=\"0\" role=\"button\" aria-label=\"Reproduzir\" aria-pressed=\"false\"><\/div>\n<\/div>\n<\/div>\n<div class=\"mejs-controls\">\n<div class=\"mejs-button mejs-playpause-button mejs-play\"><\/div>\n<div class=\"mejs-time mejs-currenttime-container\" role=\"timer\" aria-live=\"off\"><span class=\"mejs-currenttime\">00:00<\/span><\/div>\n<div class=\"mejs-time-rail\"><\/div>\n<\/div>\n<\/div>\n<\/div>\n<\/div>\n","protected":false},"excerpt":{"rendered":"<p>Brasil \u2013\u00a0\u201cEstou vivo, mas estou no meio da terra\u201d, relata Jos\u00e9 Altair Biscaia, de 43 anos, em um v\u00eddeo filmado momentos ap\u00f3s o deslizamento que atingiu a BR-376, entre o Paran\u00e1 e Santa Catarina, que deixou dois mortos nesta segunda-feira (28). O motorista do caminh\u00e3o estava no ve\u00edculo quando foi arrastado pela terra. Jos\u00e9 foi [&hellip;]<\/p>\n","protected":false},"author":1,"featured_media":46567,"comment_status":"closed","ping_status":"open","sticky":false,"template":"","format":"standard","meta":{"_uag_custom_page_level_css":"","_monsterinsights_skip_tracking":false,"_monsterinsights_sitenote_active":false,"_monsterinsights_sitenote_note":"","_monsterinsights_sitenote_category":0,"jetpack_post_was_ever_published":false,"_jetpack_newsletter_access":"","_jetpack_dont_email_post_to_subs":false,"_jetpack_newsletter_tier_id":0,"_jetpack_memberships_contains_paywalled_content":false,"_jetpack_memberships_contains_paid_content":false,"footnotes":"","jetpack_publicize_message":"","jetpack_publicize_feature_enabled":true,"jetpack_social_post_already_shared":true,"jetpack_social_options":{"image_generator_settings":{"template":"highway","default_image_id":0,"font":"","enabled":false},"version":2}},"categories":[200,10204],"tags":[],"class_list":["post-46566","post","type-post","status-publish","format-standard","has-post-thumbnail","hentry","category-brasil","category-defesa-civil"],"jetpack_publicize_connections":[],"jetpack_featured_media_url":"https:\/\/blogopara.com.br\/wp-content\/uploads\/2022\/12\/motorista-soterrado.jpg","uagb_featured_image_src":{"full":["https:\/\/blogopara.com.br\/wp-content\/uploads\/2022\/12\/motorista-soterrado.jpg",500,338,false],"thumbnail":["https:\/\/blogopara.com.br\/wp-content\/uploads\/2022\/12\/motorista-soterrado-150x150.jpg",150,150,true],"medium":["https:\/\/blogopara.com.br\/wp-content\/uploads\/2022\/12\/motorista-soterrado-300x203.jpg",300,203,true],"medium_large":["https:\/\/blogopara.com.br\/wp-content\/uploads\/2022\/12\/motorista-soterrado.jpg",500,338,false],"large":["https:\/\/blogopara.com.br\/wp-content\/uploads\/2022\/12\/motorista-soterrado.jpg",500,338,false],"1536x1536":["https:\/\/blogopara.com.br\/wp-content\/uploads\/2022\/12\/motorista-soterrado.jpg",500,338,false],"2048x2048":["https:\/\/blogopara.com.br\/wp-content\/uploads\/2022\/12\/motorista-soterrado.jpg",500,338,false],"mantranews-slider-large":["https:\/\/blogopara.com.br\/wp-content\/uploads\/2022\/12\/motorista-soterrado.jpg",500,338,false],"mantranews-featured-medium":["https:\/\/blogopara.com.br\/wp-content\/uploads\/2022\/12\/motorista-soterrado-420x307.jpg",420,307,true],"mantranews-featured-long":["https:\/\/blogopara.com.br\/wp-content\/uploads\/2022\/12\/motorista-soterrado-300x338.jpg",300,338,true],"mantranews-block-medium":["https:\/\/blogopara.com.br\/wp-content\/uploads\/2022\/12\/motorista-soterrado-464x290.jpg",464,290,true],"mantranews-carousel-image":["https:\/\/blogopara.com.br\/wp-content\/uploads\/2022\/12\/motorista-soterrado.jpg",500,338,false],"mantranews-block-thumb":["https:\/\/blogopara.com.br\/wp-content\/uploads\/2022\/12\/motorista-soterrado-322x230.jpg",322,230,true],"mantranews-single-large":["https:\/\/blogopara.com.br\/wp-content\/uploads\/2022\/12\/motorista-soterrado.jpg",500,338,false]},"uagb_author_info":{"display_name":"Reda\u00e7\u00e3o geral","author_link":"https:\/\/blogopara.com.br\/index.php\/author\/blogopara"},"uagb_comment_info":0,"uagb_excerpt":"Brasil \u2013\u00a0\u201cEstou vivo, mas estou no meio da terra\u201d, relata Jos\u00e9 Altair Biscaia, de 43 anos, em um v\u00eddeo filmado momentos ap\u00f3s o deslizamento que atingiu a BR-376, entre o Paran\u00e1 e Santa Catarina, que deixou dois mortos nesta segunda-feira (28). O motorista do caminh\u00e3o estava no ve\u00edculo quando foi arrastado pela terra. Jos\u00e9 foi&hellip;","jetpack_sharing_enabled":true,"jetpack_likes_enabled":true,"_links":{"self":[{"href":"https:\/\/blogopara.com.br\/index.php\/wp-json\/wp\/v2\/posts\/46566","targetHints":{"allow":["GET"]}}],"collection":[{"href":"https:\/\/blogopara.com.br\/index.php\/wp-json\/wp\/v2\/posts"}],"about":[{"href":"https:\/\/blogopara.com.br\/index.php\/wp-json\/wp\/v2\/types\/post"}],"author":[{"embeddable":true,"href":"https:\/\/blogopara.com.br\/index.php\/wp-json\/wp\/v2\/users\/1"}],"replies":[{"embeddable":true,"href":"https:\/\/blogopara.com.br\/index.php\/wp-json\/wp\/v2\/comments?post=46566"}],"version-history":[{"count":1,"href":"https:\/\/blogopara.com.br\/index.php\/wp-json\/wp\/v2\/posts\/46566\/revisions"}],"predecessor-version":[{"id":46568,"href":"https:\/\/blogopara.com.br\/index.php\/wp-json\/wp\/v2\/posts\/46566\/revisions\/46568"}],"wp:featuredmedia":[{"embeddable":true,"href":"https:\/\/blogopara.com.br\/index.php\/wp-json\/wp\/v2\/media\/46567"}],"wp:attachment":[{"href":"https:\/\/blogopara.com.br\/index.php\/wp-json\/wp\/v2\/media?parent=46566"}],"wp:term":[{"taxonomy":"category","embeddable":true,"href":"https:\/\/blogopara.com.br\/index.php\/wp-json\/wp\/v2\/categories?post=46566"},{"taxonomy":"post_tag","embeddable":true,"href":"https:\/\/blogopara.com.br\/index.php\/wp-json\/wp\/v2\/tags?post=46566"}],"curies":[{"name":"wp","href":"https:\/\/api.w.org\/{rel}","templated":true}]}}