{"id":46776,"date":"2022-12-07T07:46:00","date_gmt":"2022-12-07T10:46:00","guid":{"rendered":"https:\/\/blogopara.com.br\/?p=46776"},"modified":"2022-12-06T13:47:14","modified_gmt":"2022-12-06T16:47:14","slug":"gestao-suzana-ramos-vai-realizar-casamento-coletivo-nesta-quinta-feira","status":"publish","type":"post","link":"https:\/\/blogopara.com.br\/index.php\/2022\/12\/07\/gestao-suzana-ramos-vai-realizar-casamento-coletivo-nesta-quinta-feira","title":{"rendered":"Gest\u00e3o Suzana Ramos vai realizar casamento coletivo nesta quinta-feira"},"content":{"rendered":"<p style=\"text-align: justify;\">Promovido pela Prefeitura de Juazeiro, atrav\u00e9s da Secretaria de Desenvolvimento Social, Mulher e Diversidade (Sedes), o Casamento Coletivo 2022 acontecer\u00e1 na pr\u00f3xima quinta-feira (08), \u00e0s 15h, no Espa\u00e7o Multieventos da Univasf. Ao todo, cerca de 80 casais, entre h\u00e9teros e homoafetivos, ir\u00e3o oficializar a uni\u00e3o na solenidade.<\/p>\n<p style=\"text-align: justify;\" data-originalfontsize=\"11pt\" data-originalcomputedfontsize=\"14.666667\">De acordo com a secret\u00e1ria de Desenvolvimento Social, Mulher e Diversidade, Am\u00e9lia Pedra, a iniciativa busca garantir o direito \u00e0 uni\u00e3o entre os casais. \u201cO nosso objetivo \u00e9 assegurar o direito da uni\u00e3o entre casais em situa\u00e7\u00e3o de vulnerabilidade socioecon\u00f4mica. S\u00e3o pessoas que j\u00e1 t\u00eam entre 2 e 27 anos juntas, mas s\u00f3 agora ter\u00e3o a oportunidade de oficializar a uni\u00e3o. Para n\u00f3s \u00e9 uma felicidade enorme contribuir com a realiza\u00e7\u00e3o desse sonho\u201d, conta a gestora.<\/p>\n<p style=\"text-align: justify;\" data-originalfontsize=\"11pt\" data-originalcomputedfontsize=\"14.666667\">Al\u00e9m da assessoria para encaminhar os tr\u00e2mites da uni\u00e3o, os casais inscritos para o casamento coletivo foram beneficiados com a isen\u00e7\u00e3o de taxas. S\u00e3o casais como Ivonete Dias de Paula e Josenaldo Rocha da Silva, que j\u00e1 vivem juntos h\u00e1 dois anos e tinham o desejo de oficializar a uni\u00e3o. \u201cJ\u00e1 t\u00ednhamos muita vontade, mas faltava oportunidade. N\u00e3o queria s\u00f3 viver junto, queria viver junto, mas casados. Ent\u00e3o, quando soubemos do casamento coletivo, corremos atr\u00e1s\u201d, disse Josenaldo.<\/p>\n<p style=\"text-align: justify;\" data-originalfontsize=\"11pt\" data-originalcomputedfontsize=\"14.666667\">Fonte: Ascom\/Sedes\/PMJ<\/p>\n","protected":false},"excerpt":{"rendered":"<p>Promovido pela Prefeitura de Juazeiro, atrav\u00e9s da Secretaria de Desenvolvimento Social, Mulher e Diversidade (Sedes), o Casamento Coletivo 2022 acontecer\u00e1 na pr\u00f3xima quinta-feira (08), \u00e0s 15h, no Espa\u00e7o Multieventos da Univasf. Ao todo, cerca de 80 casais, entre h\u00e9teros e homoafetivos, ir\u00e3o oficializar a uni\u00e3o na solenidade. De acordo com a secret\u00e1ria de Desenvolvimento Social, [&hellip;]<\/p>\n","protected":false},"author":1,"featured_media":46788,"comment_status":"closed","ping_status":"open","sticky":false,"template":"","format":"standard","meta":{"_uag_custom_page_level_css":"","_monsterinsights_skip_tracking":false,"_monsterinsights_sitenote_active":false,"_monsterinsights_sitenote_note":"","_monsterinsights_sitenote_category":0,"jetpack_post_was_ever_published":false,"_jetpack_newsletter_access":"","_jetpack_dont_email_post_to_subs":false,"_jetpack_newsletter_tier_id":0,"_jetpack_memberships_contains_paywalled_content":false,"_jetpack_memberships_contains_paid_content":false,"footnotes":"","jetpack_publicize_message":"","jetpack_publicize_feature_enabled":true,"jetpack_social_post_already_shared":true,"jetpack_social_options":{"image_generator_settings":{"template":"highway","default_image_id":0,"font":"","enabled":false},"version":2}},"categories":[1504,203],"tags":[],"class_list":["post-46776","post","type-post","status-publish","format-standard","has-post-thumbnail","hentry","category-comunidade","category-juazeiro"],"jetpack_publicize_connections":[],"jetpack_featured_media_url":"https:\/\/blogopara.com.br\/wp-content\/uploads\/2022\/12\/Casamento-Coletivo.jpeg","uagb_featured_image_src":{"full":["https:\/\/blogopara.com.br\/wp-content\/uploads\/2022\/12\/Casamento-Coletivo.jpeg",500,500,false],"thumbnail":["https:\/\/blogopara.com.br\/wp-content\/uploads\/2022\/12\/Casamento-Coletivo-150x150.jpeg",150,150,true],"medium":["https:\/\/blogopara.com.br\/wp-content\/uploads\/2022\/12\/Casamento-Coletivo-300x300.jpeg",300,300,true],"medium_large":["https:\/\/blogopara.com.br\/wp-content\/uploads\/2022\/12\/Casamento-Coletivo.jpeg",500,500,false],"large":["https:\/\/blogopara.com.br\/wp-content\/uploads\/2022\/12\/Casamento-Coletivo.jpeg",500,500,false],"1536x1536":["https:\/\/blogopara.com.br\/wp-content\/uploads\/2022\/12\/Casamento-Coletivo.jpeg",500,500,false],"2048x2048":["https:\/\/blogopara.com.br\/wp-content\/uploads\/2022\/12\/Casamento-Coletivo.jpeg",500,500,false],"mantranews-slider-large":["https:\/\/blogopara.com.br\/wp-content\/uploads\/2022\/12\/Casamento-Coletivo.jpeg",500,500,false],"mantranews-featured-medium":["https:\/\/blogopara.com.br\/wp-content\/uploads\/2022\/12\/Casamento-Coletivo-420x307.jpeg",420,307,true],"mantranews-featured-long":["https:\/\/blogopara.com.br\/wp-content\/uploads\/2022\/12\/Casamento-Coletivo-300x443.jpeg",300,443,true],"mantranews-block-medium":["https:\/\/blogopara.com.br\/wp-content\/uploads\/2022\/12\/Casamento-Coletivo-464x290.jpeg",464,290,true],"mantranews-carousel-image":["https:\/\/blogopara.com.br\/wp-content\/uploads\/2022\/12\/Casamento-Coletivo.jpeg",500,500,false],"mantranews-block-thumb":["https:\/\/blogopara.com.br\/wp-content\/uploads\/2022\/12\/Casamento-Coletivo-322x230.jpeg",322,230,true],"mantranews-single-large":["https:\/\/blogopara.com.br\/wp-content\/uploads\/2022\/12\/Casamento-Coletivo.jpeg",500,500,false]},"uagb_author_info":{"display_name":"Reda\u00e7\u00e3o geral","author_link":"https:\/\/blogopara.com.br\/index.php\/author\/blogopara"},"uagb_comment_info":0,"uagb_excerpt":"Promovido pela Prefeitura de Juazeiro, atrav\u00e9s da Secretaria de Desenvolvimento Social, Mulher e Diversidade (Sedes), o Casamento Coletivo 2022 acontecer\u00e1 na pr\u00f3xima quinta-feira (08), \u00e0s 15h, no Espa\u00e7o Multieventos da Univasf. Ao todo, cerca de 80 casais, entre h\u00e9teros e homoafetivos, ir\u00e3o oficializar a uni\u00e3o na solenidade. De acordo com a secret\u00e1ria de Desenvolvimento Social,&hellip;","jetpack_sharing_enabled":true,"jetpack_likes_enabled":true,"_links":{"self":[{"href":"https:\/\/blogopara.com.br\/index.php\/wp-json\/wp\/v2\/posts\/46776","targetHints":{"allow":["GET"]}}],"collection":[{"href":"https:\/\/blogopara.com.br\/index.php\/wp-json\/wp\/v2\/posts"}],"about":[{"href":"https:\/\/blogopara.com.br\/index.php\/wp-json\/wp\/v2\/types\/post"}],"author":[{"embeddable":true,"href":"https:\/\/blogopara.com.br\/index.php\/wp-json\/wp\/v2\/users\/1"}],"replies":[{"embeddable":true,"href":"https:\/\/blogopara.com.br\/index.php\/wp-json\/wp\/v2\/comments?post=46776"}],"version-history":[{"count":1,"href":"https:\/\/blogopara.com.br\/index.php\/wp-json\/wp\/v2\/posts\/46776\/revisions"}],"predecessor-version":[{"id":46787,"href":"https:\/\/blogopara.com.br\/index.php\/wp-json\/wp\/v2\/posts\/46776\/revisions\/46787"}],"wp:featuredmedia":[{"embeddable":true,"href":"https:\/\/blogopara.com.br\/index.php\/wp-json\/wp\/v2\/media\/46788"}],"wp:attachment":[{"href":"https:\/\/blogopara.com.br\/index.php\/wp-json\/wp\/v2\/media?parent=46776"}],"wp:term":[{"taxonomy":"category","embeddable":true,"href":"https:\/\/blogopara.com.br\/index.php\/wp-json\/wp\/v2\/categories?post=46776"},{"taxonomy":"post_tag","embeddable":true,"href":"https:\/\/blogopara.com.br\/index.php\/wp-json\/wp\/v2\/tags?post=46776"}],"curies":[{"name":"wp","href":"https:\/\/api.w.org\/{rel}","templated":true}]}}