{"id":46790,"date":"2022-12-07T09:51:00","date_gmt":"2022-12-07T12:51:00","guid":{"rendered":"https:\/\/blogopara.com.br\/?p=46790"},"modified":"2022-12-06T13:53:44","modified_gmt":"2022-12-06T16:53:44","slug":"prefeitura-de-juazeiro-segue-realizando-mobilizacao-para-cadastramento-na-plataforma-do-mutirao-de-oportunidades-do-selo-unicef","status":"publish","type":"post","link":"https:\/\/blogopara.com.br\/index.php\/2022\/12\/07\/prefeitura-de-juazeiro-segue-realizando-mobilizacao-para-cadastramento-na-plataforma-do-mutirao-de-oportunidades-do-selo-unicef","title":{"rendered":"Prefeitura de Juazeiro segue realizando mobiliza\u00e7\u00e3o para cadastramento na plataforma do Mutir\u00e3o de Oportunidades do Selo UNICEF"},"content":{"rendered":"<p class=\"x_MsoNormal\" style=\"text-align: justify;\">A Prefeitura de Juazeiro, atrav\u00e9s da Secretaria de Educa\u00e7\u00e3o e Juventude (Seduc) juntamente com a Comiss\u00e3o Intersetorial do Selo Unicef realizou nesta ter\u00e7a-feira (06) mais uma a\u00e7\u00e3o voltada \u00e0 mobiliza\u00e7\u00e3o para cadastramento de jovens e adolescentes na plataforma do Mutir\u00e3o de Oportunidades do Selo Unicef.\u00a0 Sete pontos de cadastramento foram disponibilizados em bairros variados do munic\u00edpio, em escolas municipais e estaduais e na Pra\u00e7a Bar\u00e3o do Rio Branco, para atrav\u00e9s da plataforma digital 1MiO-1 Milh\u00e3o de Oportunidades, realizar o cadastramento de jovens e adolescentes com idade entre 14 e 24 anos.<\/p>\n<p class=\"x_MsoNormal\" style=\"text-align: justify;\">A a\u00e7\u00e3o \u00e9 uma das etapas para a aquisi\u00e7\u00e3o do Selo Unicef 2022, e tem como objetivo gerar oportunidades para uma transi\u00e7\u00e3o positiva da juventude da escola para o mundo do trabalho, atrav\u00e9s do acesso a cursos e trilhas formativas de desenvolvimento profissional, e a defesa do direito \u00e0 educa\u00e7\u00e3o de qualidade para todos e o protagonismo jovem. A mobiliza\u00e7\u00e3o para realizar o cadastro de adolescentes e jovens na plataforma, segue at\u00e9 11 de dezembro, per\u00edodo correspondente ao encerramento das inscri\u00e7\u00f5es.<\/p>\n<p class=\"x_MsoNormal\" style=\"text-align: justify;\">Mobiliza\u00e7\u00e3o<\/p>\n<p class=\"x_MsoNormal\" style=\"text-align: justify;\">De acordo com a articuladora do Selo Unicef em Juazeiro, Neuraci Costa, no m\u00eas de novembro foi realizado o Dia D de mobiliza\u00e7\u00e3o da a\u00e7\u00e3o e agora a equipe segue empenhada em cumprir a meta de cadastrar 2 mil jovens e adolescentes do munic\u00edpio na plataforma. \u201cEstamos empenhados em alcan\u00e7ar a meta estabelecida e assim garantir que a juventude juazeirense tenha acesso a novas oportunidades de capacita\u00e7\u00e3o e qualifica\u00e7\u00e3o profissional. \u00c9 uma oportunidade imperd\u00edvel que vem para transformar a realidade desse p\u00fablico jovem\u201d, afirmou Neuraci Costa.<\/p>\n<p class=\"x_MsoNormal\" style=\"text-align: justify;\">A estudante Pamela Suyane Carvalho foi uma das cidad\u00e3s que realizou seu cadastramento hoje no ponto disponibilizado na Pra\u00e7a Bar\u00e3o do Rio Branco. Para ela, \u00e9 uma oportunidade de adquirir mais conhecimento e ampliar seu curr\u00edculo. \u201cEstava passando por aqui, recebi um panfleto e n\u00e3o pensei duas vezes, fui e fiz o meu cadastro, agora \u00e9 s\u00f3 aguardar a aprova\u00e7\u00e3o no sistema para avaliar as op\u00e7\u00f5es e escolher uma capacita\u00e7\u00e3o voltada para a minha \u00e1rea de estudo\u201d, explicou a estudante.<\/p>\n<p class=\"x_MsoNormal\" style=\"text-align: justify;\">Inscri\u00e7\u00f5es<\/p>\n<p class=\"x_MsoNormal\" style=\"text-align: justify;\">Os interessados podem obter informa\u00e7\u00f5es e se inscreverem atrav\u00e9s do link:\u00a0<a id=\"LPlnk290390\" href=\"http:\/\/www.1mio.com.br\/\" target=\"_blank\" rel=\"noopener noreferrer\" data-auth=\"NotApplicable\" data-linkindex=\"0\">www.1mio.com.br<\/a>, sendo necess\u00e1rio escolher o tipo de conta (adolescente\/jovem, empresa\/sociedade civil ou setor p\u00fablico), e em seguida preencher a ficha com nome, e-mail, data de nascimento e senha, confirmar o e-mail e, por fim, incluir os dados pessoais.<\/p>\n<p class=\"x_MsoNormal\" style=\"text-align: justify;\">Bolsas<\/p>\n<p class=\"x_MsoNormal\" style=\"text-align: justify;\">Ao se inscrever, cada munic\u00edpio recebe 100 bolsas de estudos que devem ser direcionadas a adolescentes e jovens. Desse total, 50 s\u00e3o para trilha formativa online na \u00e1rea de tecnologia e desenvolvimento; e outras 50 para trilha formativa online na \u00e1rea de empreendedorismo feminino.<\/p>\n<p class=\"x_MsoNormal\" style=\"text-align: justify;\">As bolsas ser\u00e3o distribu\u00eddas entre candidatos selecionados de acordo com uma an\u00e1lise do crit\u00e9rio social e de aprendizagem. Para facilitar a conclus\u00e3o dos cursos, a Prefeitura fornecer\u00e1 um laborat\u00f3rio de inform\u00e1tica com acesso \u00e0 internet e um tutor presencial de cada \u00e1rea, para que os adolescentes e jovens possam assistir \u00e0s aulas e tenham um melhor acompanhamento.<\/p>\n<p class=\"x_MsoNormal\" style=\"text-align: justify;\">A a\u00e7\u00e3o com a plataforma 1 Milh\u00e3o de Oportunidades \u00e9 liderada pelo Fundo das Na\u00e7\u00f5es Unidas para a Inf\u00e2ncia (Unicef) e re\u00fane mais de dois mil parceiros do setor privado, sociedade civil, governos e jovens, todos comprometidos em gerar oportunidades para uma transi\u00e7\u00e3o positiva da juventude da escola para o trabalho.<\/p>\n","protected":false},"excerpt":{"rendered":"<p>A Prefeitura de Juazeiro, atrav\u00e9s da Secretaria de Educa\u00e7\u00e3o e Juventude (Seduc) juntamente com a Comiss\u00e3o Intersetorial do Selo Unicef realizou nesta ter\u00e7a-feira (06) mais uma a\u00e7\u00e3o voltada \u00e0 mobiliza\u00e7\u00e3o para cadastramento de jovens e adolescentes na plataforma do Mutir\u00e3o de Oportunidades do Selo Unicef.\u00a0 Sete pontos de cadastramento foram disponibilizados em bairros variados do [&hellip;]<\/p>\n","protected":false},"author":1,"featured_media":46791,"comment_status":"closed","ping_status":"open","sticky":false,"template":"","format":"standard","meta":{"_uag_custom_page_level_css":"","_monsterinsights_skip_tracking":false,"_monsterinsights_sitenote_active":false,"_monsterinsights_sitenote_note":"","_monsterinsights_sitenote_category":0,"jetpack_post_was_ever_published":false,"_jetpack_newsletter_access":"","_jetpack_dont_email_post_to_subs":false,"_jetpack_newsletter_tier_id":0,"_jetpack_memberships_contains_paywalled_content":false,"_jetpack_memberships_contains_paid_content":false,"footnotes":"","jetpack_publicize_message":"","jetpack_publicize_feature_enabled":true,"jetpack_social_post_already_shared":true,"jetpack_social_options":{"image_generator_settings":{"template":"highway","default_image_id":0,"font":"","enabled":false},"version":2}},"categories":[209],"tags":[],"class_list":["post-46790","post","type-post","status-publish","format-standard","has-post-thumbnail","hentry","category-educacao"],"jetpack_publicize_connections":[],"jetpack_featured_media_url":"https:\/\/blogopara.com.br\/wp-content\/uploads\/2022\/12\/thumbnail_52547095030_654e68a8bc_k.jpg","uagb_featured_image_src":{"full":["https:\/\/blogopara.com.br\/wp-content\/uploads\/2022\/12\/thumbnail_52547095030_654e68a8bc_k.jpg",500,333,false],"thumbnail":["https:\/\/blogopara.com.br\/wp-content\/uploads\/2022\/12\/thumbnail_52547095030_654e68a8bc_k-150x150.jpg",150,150,true],"medium":["https:\/\/blogopara.com.br\/wp-content\/uploads\/2022\/12\/thumbnail_52547095030_654e68a8bc_k-300x200.jpg",300,200,true],"medium_large":["https:\/\/blogopara.com.br\/wp-content\/uploads\/2022\/12\/thumbnail_52547095030_654e68a8bc_k.jpg",500,333,false],"large":["https:\/\/blogopara.com.br\/wp-content\/uploads\/2022\/12\/thumbnail_52547095030_654e68a8bc_k.jpg",500,333,false],"1536x1536":["https:\/\/blogopara.com.br\/wp-content\/uploads\/2022\/12\/thumbnail_52547095030_654e68a8bc_k.jpg",500,333,false],"2048x2048":["https:\/\/blogopara.com.br\/wp-content\/uploads\/2022\/12\/thumbnail_52547095030_654e68a8bc_k.jpg",500,333,false],"mantranews-slider-large":["https:\/\/blogopara.com.br\/wp-content\/uploads\/2022\/12\/thumbnail_52547095030_654e68a8bc_k.jpg",500,333,false],"mantranews-featured-medium":["https:\/\/blogopara.com.br\/wp-content\/uploads\/2022\/12\/thumbnail_52547095030_654e68a8bc_k-420x307.jpg",420,307,true],"mantranews-featured-long":["https:\/\/blogopara.com.br\/wp-content\/uploads\/2022\/12\/thumbnail_52547095030_654e68a8bc_k-300x333.jpg",300,333,true],"mantranews-block-medium":["https:\/\/blogopara.com.br\/wp-content\/uploads\/2022\/12\/thumbnail_52547095030_654e68a8bc_k-464x290.jpg",464,290,true],"mantranews-carousel-image":["https:\/\/blogopara.com.br\/wp-content\/uploads\/2022\/12\/thumbnail_52547095030_654e68a8bc_k.jpg",500,333,false],"mantranews-block-thumb":["https:\/\/blogopara.com.br\/wp-content\/uploads\/2022\/12\/thumbnail_52547095030_654e68a8bc_k-322x230.jpg",322,230,true],"mantranews-single-large":["https:\/\/blogopara.com.br\/wp-content\/uploads\/2022\/12\/thumbnail_52547095030_654e68a8bc_k.jpg",500,333,false]},"uagb_author_info":{"display_name":"Reda\u00e7\u00e3o geral","author_link":"https:\/\/blogopara.com.br\/index.php\/author\/blogopara"},"uagb_comment_info":0,"uagb_excerpt":"A Prefeitura de Juazeiro, atrav\u00e9s da Secretaria de Educa\u00e7\u00e3o e Juventude (Seduc) juntamente com a Comiss\u00e3o Intersetorial do Selo Unicef realizou nesta ter\u00e7a-feira (06) mais uma a\u00e7\u00e3o voltada \u00e0 mobiliza\u00e7\u00e3o para cadastramento de jovens e adolescentes na plataforma do Mutir\u00e3o de Oportunidades do Selo Unicef.\u00a0 Sete pontos de cadastramento foram disponibilizados em bairros variados do&hellip;","jetpack_sharing_enabled":true,"jetpack_likes_enabled":true,"_links":{"self":[{"href":"https:\/\/blogopara.com.br\/index.php\/wp-json\/wp\/v2\/posts\/46790","targetHints":{"allow":["GET"]}}],"collection":[{"href":"https:\/\/blogopara.com.br\/index.php\/wp-json\/wp\/v2\/posts"}],"about":[{"href":"https:\/\/blogopara.com.br\/index.php\/wp-json\/wp\/v2\/types\/post"}],"author":[{"embeddable":true,"href":"https:\/\/blogopara.com.br\/index.php\/wp-json\/wp\/v2\/users\/1"}],"replies":[{"embeddable":true,"href":"https:\/\/blogopara.com.br\/index.php\/wp-json\/wp\/v2\/comments?post=46790"}],"version-history":[{"count":1,"href":"https:\/\/blogopara.com.br\/index.php\/wp-json\/wp\/v2\/posts\/46790\/revisions"}],"predecessor-version":[{"id":46792,"href":"https:\/\/blogopara.com.br\/index.php\/wp-json\/wp\/v2\/posts\/46790\/revisions\/46792"}],"wp:featuredmedia":[{"embeddable":true,"href":"https:\/\/blogopara.com.br\/index.php\/wp-json\/wp\/v2\/media\/46791"}],"wp:attachment":[{"href":"https:\/\/blogopara.com.br\/index.php\/wp-json\/wp\/v2\/media?parent=46790"}],"wp:term":[{"taxonomy":"category","embeddable":true,"href":"https:\/\/blogopara.com.br\/index.php\/wp-json\/wp\/v2\/categories?post=46790"},{"taxonomy":"post_tag","embeddable":true,"href":"https:\/\/blogopara.com.br\/index.php\/wp-json\/wp\/v2\/tags?post=46790"}],"curies":[{"name":"wp","href":"https:\/\/api.w.org\/{rel}","templated":true}]}}