{"id":46823,"date":"2022-12-07T09:35:00","date_gmt":"2022-12-07T12:35:00","guid":{"rendered":"https:\/\/blogopara.com.br\/?p=46823"},"modified":"2022-12-06T14:37:56","modified_gmt":"2022-12-06T17:37:56","slug":"jeronimo-presta-solidariedade-a-vitimas-das-chuvas-e-destaca-urgencia-de-uma-nova-politica-ambiental","status":"publish","type":"post","link":"https:\/\/blogopara.com.br\/index.php\/2022\/12\/07\/jeronimo-presta-solidariedade-a-vitimas-das-chuvas-e-destaca-urgencia-de-uma-nova-politica-ambiental","title":{"rendered":"Jer\u00f4nimo presta solidariedade a v\u00edtimas das chuvas e destaca urg\u00eancia de uma nova pol\u00edtica ambiental"},"content":{"rendered":"<p class=\"p1\" style=\"text-align: justify;\">O governador eleito da Bahia, Jer\u00f4nimo Rodrigues, voltou a se manifestar sobre as consequ\u00eancias das fortes chuvas que t\u00eam atingido diversas regi\u00f5es do estado. \u201cReafirmo minha solidariedade a todas as v\u00edtimas das chuvas que castigam o nosso estado nos \u00faltimos dias. Tenho conversado constantemente com o governador Rui Costa, com os prefeitos e com secret\u00e1rios de estado sobre a situa\u00e7\u00e3o e as medidas adotadas\u201d, afirmou Jer\u00f4nimo em publica\u00e7\u00e3o feita no Twitter na manh\u00e3 desta ter\u00e7a-feira (6).<\/p>\n<p class=\"p1\" style=\"text-align: justify;\"><span class=\"s1\">De acordo com o governador eleito, o Governo do Estado n\u00e3o tem poupado esfor\u00e7os para atender \u00e0 popula\u00e7\u00e3o. \u201cTemos a responsabilidade de estar ao lado dos munic\u00edpios para a r\u00e1pida reconstru\u00e7\u00e3o do que foi perdido e tamb\u00e9m no atendimento \u00e0s fam\u00edlias desabrigadas\u201d, escreveu na rede social.<\/span><\/p>\n<p class=\"p1\" style=\"text-align: justify;\"><span class=\"s1\">Jer\u00f4nimo destacou ainda que ocorr\u00eancias como essas t\u00eam sido cada vez mais frequentes, o que deve \u201cinspirar a todos sobre a urg\u00eancia de uma nova pol\u00edtica ambiental. Cuidar do planeta \u00e9 proteger vidas\u201d, concluiu.<\/span><\/p>\n","protected":false},"excerpt":{"rendered":"<p>O governador eleito da Bahia, Jer\u00f4nimo Rodrigues, voltou a se manifestar sobre as consequ\u00eancias das fortes chuvas que t\u00eam atingido diversas regi\u00f5es do estado. \u201cReafirmo minha solidariedade a todas as v\u00edtimas das chuvas que castigam o nosso estado nos \u00faltimos dias. Tenho conversado constantemente com o governador Rui Costa, com os prefeitos e com secret\u00e1rios [&hellip;]<\/p>\n","protected":false},"author":1,"featured_media":46004,"comment_status":"closed","ping_status":"open","sticky":false,"template":"","format":"standard","meta":{"_uag_custom_page_level_css":"","_monsterinsights_skip_tracking":false,"_monsterinsights_sitenote_active":false,"_monsterinsights_sitenote_note":"","_monsterinsights_sitenote_category":0,"jetpack_post_was_ever_published":false,"_jetpack_newsletter_access":"","_jetpack_dont_email_post_to_subs":false,"_jetpack_newsletter_tier_id":0,"_jetpack_memberships_contains_paywalled_content":false,"_jetpack_memberships_contains_paid_content":false,"footnotes":"","jetpack_publicize_message":"","jetpack_publicize_feature_enabled":true,"jetpack_social_post_already_shared":true,"jetpack_social_options":{"image_generator_settings":{"template":"highway","default_image_id":0,"font":"","enabled":false},"version":2}},"categories":[199,1504],"tags":[],"class_list":["post-46823","post","type-post","status-publish","format-standard","has-post-thumbnail","hentry","category-bahia","category-comunidade"],"jetpack_publicize_connections":[],"jetpack_featured_media_url":"https:\/\/blogopara.com.br\/wp-content\/uploads\/2022\/11\/jero_1_2_3_4_5_6_7_8_9_10_11_12_13.jpg","uagb_featured_image_src":{"full":["https:\/\/blogopara.com.br\/wp-content\/uploads\/2022\/11\/jero_1_2_3_4_5_6_7_8_9_10_11_12_13.jpg",400,266,false],"thumbnail":["https:\/\/blogopara.com.br\/wp-content\/uploads\/2022\/11\/jero_1_2_3_4_5_6_7_8_9_10_11_12_13-150x150.jpg",150,150,true],"medium":["https:\/\/blogopara.com.br\/wp-content\/uploads\/2022\/11\/jero_1_2_3_4_5_6_7_8_9_10_11_12_13-300x200.jpg",300,200,true],"medium_large":["https:\/\/blogopara.com.br\/wp-content\/uploads\/2022\/11\/jero_1_2_3_4_5_6_7_8_9_10_11_12_13.jpg",400,266,false],"large":["https:\/\/blogopara.com.br\/wp-content\/uploads\/2022\/11\/jero_1_2_3_4_5_6_7_8_9_10_11_12_13.jpg",400,266,false],"1536x1536":["https:\/\/blogopara.com.br\/wp-content\/uploads\/2022\/11\/jero_1_2_3_4_5_6_7_8_9_10_11_12_13.jpg",400,266,false],"2048x2048":["https:\/\/blogopara.com.br\/wp-content\/uploads\/2022\/11\/jero_1_2_3_4_5_6_7_8_9_10_11_12_13.jpg",400,266,false],"mantranews-slider-large":["https:\/\/blogopara.com.br\/wp-content\/uploads\/2022\/11\/jero_1_2_3_4_5_6_7_8_9_10_11_12_13.jpg",400,266,false],"mantranews-featured-medium":["https:\/\/blogopara.com.br\/wp-content\/uploads\/2022\/11\/jero_1_2_3_4_5_6_7_8_9_10_11_12_13.jpg",400,266,false],"mantranews-featured-long":["https:\/\/blogopara.com.br\/wp-content\/uploads\/2022\/11\/jero_1_2_3_4_5_6_7_8_9_10_11_12_13-300x266.jpg",300,266,true],"mantranews-block-medium":["https:\/\/blogopara.com.br\/wp-content\/uploads\/2022\/11\/jero_1_2_3_4_5_6_7_8_9_10_11_12_13.jpg",400,266,false],"mantranews-carousel-image":["https:\/\/blogopara.com.br\/wp-content\/uploads\/2022\/11\/jero_1_2_3_4_5_6_7_8_9_10_11_12_13.jpg",400,266,false],"mantranews-block-thumb":["https:\/\/blogopara.com.br\/wp-content\/uploads\/2022\/11\/jero_1_2_3_4_5_6_7_8_9_10_11_12_13-322x230.jpg",322,230,true],"mantranews-single-large":["https:\/\/blogopara.com.br\/wp-content\/uploads\/2022\/11\/jero_1_2_3_4_5_6_7_8_9_10_11_12_13.jpg",400,266,false]},"uagb_author_info":{"display_name":"Reda\u00e7\u00e3o geral","author_link":"https:\/\/blogopara.com.br\/index.php\/author\/blogopara"},"uagb_comment_info":0,"uagb_excerpt":"O governador eleito da Bahia, Jer\u00f4nimo Rodrigues, voltou a se manifestar sobre as consequ\u00eancias das fortes chuvas que t\u00eam atingido diversas regi\u00f5es do estado. \u201cReafirmo minha solidariedade a todas as v\u00edtimas das chuvas que castigam o nosso estado nos \u00faltimos dias. Tenho conversado constantemente com o governador Rui Costa, com os prefeitos e com secret\u00e1rios&hellip;","jetpack_sharing_enabled":true,"jetpack_likes_enabled":true,"_links":{"self":[{"href":"https:\/\/blogopara.com.br\/index.php\/wp-json\/wp\/v2\/posts\/46823","targetHints":{"allow":["GET"]}}],"collection":[{"href":"https:\/\/blogopara.com.br\/index.php\/wp-json\/wp\/v2\/posts"}],"about":[{"href":"https:\/\/blogopara.com.br\/index.php\/wp-json\/wp\/v2\/types\/post"}],"author":[{"embeddable":true,"href":"https:\/\/blogopara.com.br\/index.php\/wp-json\/wp\/v2\/users\/1"}],"replies":[{"embeddable":true,"href":"https:\/\/blogopara.com.br\/index.php\/wp-json\/wp\/v2\/comments?post=46823"}],"version-history":[{"count":1,"href":"https:\/\/blogopara.com.br\/index.php\/wp-json\/wp\/v2\/posts\/46823\/revisions"}],"predecessor-version":[{"id":46824,"href":"https:\/\/blogopara.com.br\/index.php\/wp-json\/wp\/v2\/posts\/46823\/revisions\/46824"}],"wp:featuredmedia":[{"embeddable":true,"href":"https:\/\/blogopara.com.br\/index.php\/wp-json\/wp\/v2\/media\/46004"}],"wp:attachment":[{"href":"https:\/\/blogopara.com.br\/index.php\/wp-json\/wp\/v2\/media?parent=46823"}],"wp:term":[{"taxonomy":"category","embeddable":true,"href":"https:\/\/blogopara.com.br\/index.php\/wp-json\/wp\/v2\/categories?post=46823"},{"taxonomy":"post_tag","embeddable":true,"href":"https:\/\/blogopara.com.br\/index.php\/wp-json\/wp\/v2\/tags?post=46823"}],"curies":[{"name":"wp","href":"https:\/\/api.w.org\/{rel}","templated":true}]}}