{"id":46871,"date":"2022-12-09T09:09:00","date_gmt":"2022-12-09T12:09:00","guid":{"rendered":"https:\/\/blogopara.com.br\/?p=46871"},"modified":"2022-12-07T16:14:18","modified_gmt":"2022-12-07T19:14:18","slug":"bolsonaro-lista-dois-motivos-para-nao-passar-faixa-presidencial-a-lula-veja-quais","status":"publish","type":"post","link":"https:\/\/blogopara.com.br\/index.php\/2022\/12\/09\/bolsonaro-lista-dois-motivos-para-nao-passar-faixa-presidencial-a-lula-veja-quais","title":{"rendered":"Bolsonaro lista dois motivos para n\u00e3o passar faixa presidencial a Lula; veja quais"},"content":{"rendered":"\n<p><a href=\"https:\/\/www.facebook.com\/dialog\/feed?app_id=458584288257241&amp;link=https%3A%2F%2Fbr.noticias.yahoo.com%2Fbolsonaro-lista-dois-motivos-para-nao-passar-faixa-presidencial-a-lula-veja-quais-154501617.html%3Fsoc_src%3Dsocial-sh%26soc_trk%3Dfb%26tsrc%3Dfb\" rel=\"noreferrer noopener\" target=\"_blank\"><\/a><a href=\"https:\/\/twitter.com\/intent\/tweet?text=Bolsonaro%20lista%20dois%20motivos%20para%20n%C3%A3o%20passar%20faixa%20presidencial%20a%20Lula%3B%20veja%20quais&amp;url=https%3A%2F%2Fbr.noticias.yahoo.com%2Fbolsonaro-lista-dois-motivos-para-nao-passar-faixa-presidencial-a-lula-veja-quais-154501617.html%3Fsoc_src%3Dsocial-sh%26soc_trk%3Dtw%26tsrc%3Dtwtr&amp;via=YahooBr\" rel=\"noreferrer noopener\" target=\"_blank\"><\/a><a href=\"mailto:?subject=Bolsonaro%20lista%20dois%20motivos%20para%20n%C3%A3o%20passar%20faixa%20presidencial%20a%20Lula%3B%20veja%20quais&amp;body=https%3A%2F%2Fbr.noticias.yahoo.com%2Fbolsonaro-lista-dois-motivos-para-nao-passar-faixa-presidencial-a-lula-veja-quais-154501617.html%3Fsoc_src%3Dsocial-sh%26soc_trk%3Dma\" rel=\"noreferrer noopener\" target=\"_blank\"><\/a><\/p>\n\n\n<div class=\"caas-content-byline-wrapper\">\n<div class=\"caas-attr\">\n<div class=\"caas-attr-meta\">\n<div class=\"caas-attr-time-style\" style=\"text-align: justify;\"><strong>O presidente Jair Bolsonaro (PL)<\/strong><span style=\"font-size: revert; color: initial;\">\u00a0bateu o martelo e decidiu que n\u00e3o participar\u00e1 da entrega da faixa presidencial a\u00a0<\/span><strong>Luiz In\u00e1cio Lula da Silva (PT)<\/strong><span style=\"font-size: revert; color: initial;\">\u00a0no dia <strong>1\u00ba de janeiro, <\/strong><\/span><strong>em Bras\u00edlia.<\/strong><\/div>\n<\/div>\n<\/div>\n<\/div>\n<div class=\"caas-body\">\n<p style=\"text-align: justify;\">Ainda n\u00e3o se sabe quem ser\u00e1 o respons\u00e1vel por passar a faixa ao petista, mas Bolsonaro decidiu acabar com a tradi\u00e7\u00e3o, j\u00e1 que, historicamente, o respons\u00e1vel por tal ato \u00e9 o presidente a ser substitu\u00eddo.<\/p>\n<p style=\"text-align: justify;\">Segundo a coluna de Paulo Cappelli no portal Metr\u00f3poles, o atual chefe do Executivo teria confirmado a decis\u00e3o a aliados e listado dois motivos para embas\u00e1-la.<\/p>\n<p style=\"text-align: justify;\">O primeiro \u00e9 a troca de acusa\u00e7\u00f5es e provoca\u00e7\u00f5es entre ele Lula durante a campanha eleitoral. Ele acredita que n\u00e3o haveria qualquer clima amistoso para que pudesse entregar a faixa ao novo presidente.<\/p>\n<p style=\"text-align: justify;\">O segundo \u00e9 a atua\u00e7\u00e3o do Tribunal Superior Eleitoral (TSE) durante os \u00faltimos meses. Bolsonaro tem certeza de que foi tratado de forma diferente pelo \u00f3rg\u00e3o, ainda que n\u00e3o tenha comprovado qualquer irregularidade, e, segundo ele, estar na cerim\u00f4nia seria concordar com o processo que resultou na elei\u00e7\u00e3o de Lula.<\/p>\n<p style=\"text-align: justify;\">Fonte: Metr\u00f3poles<\/p>\n<\/div>","protected":false},"excerpt":{"rendered":"<p>O presidente Jair Bolsonaro (PL)\u00a0bateu o martelo e decidiu que n\u00e3o participar\u00e1 da entrega da faixa presidencial a\u00a0Luiz In\u00e1cio Lula da Silva (PT)\u00a0no dia 1\u00ba de janeiro, em Bras\u00edlia. Ainda n\u00e3o se sabe quem ser\u00e1 o respons\u00e1vel por passar a faixa ao petista, mas Bolsonaro decidiu acabar com a tradi\u00e7\u00e3o, j\u00e1 que, historicamente, o respons\u00e1vel [&hellip;]<\/p>\n","protected":false},"author":1,"featured_media":26767,"comment_status":"closed","ping_status":"open","sticky":false,"template":"","format":"standard","meta":{"_uag_custom_page_level_css":"","_monsterinsights_skip_tracking":false,"_monsterinsights_sitenote_active":false,"_monsterinsights_sitenote_note":"","_monsterinsights_sitenote_category":0,"jetpack_post_was_ever_published":false,"_jetpack_newsletter_access":"","_jetpack_dont_email_post_to_subs":false,"_jetpack_newsletter_tier_id":0,"_jetpack_memberships_contains_paywalled_content":false,"_jetpack_memberships_contains_paid_content":false,"footnotes":"","jetpack_publicize_message":"","jetpack_publicize_feature_enabled":true,"jetpack_social_post_already_shared":true,"jetpack_social_options":{"image_generator_settings":{"template":"highway","default_image_id":0,"font":"","enabled":false},"version":2}},"categories":[197],"tags":[1324,554],"class_list":["post-46871","post","type-post","status-publish","format-standard","has-post-thumbnail","hentry","category-politica","tag-jair-bolsonaro","tag-lula"],"jetpack_publicize_connections":[],"jetpack_featured_media_url":"https:\/\/blogopara.com.br\/wp-content\/uploads\/2021\/08\/bolsonaro_2.jpg","uagb_featured_image_src":{"full":["https:\/\/blogopara.com.br\/wp-content\/uploads\/2021\/08\/bolsonaro_2.jpg",500,333,false],"thumbnail":["https:\/\/blogopara.com.br\/wp-content\/uploads\/2021\/08\/bolsonaro_2-150x150.jpg",150,150,true],"medium":["https:\/\/blogopara.com.br\/wp-content\/uploads\/2021\/08\/bolsonaro_2-300x200.jpg",300,200,true],"medium_large":["https:\/\/blogopara.com.br\/wp-content\/uploads\/2021\/08\/bolsonaro_2.jpg",500,333,false],"large":["https:\/\/blogopara.com.br\/wp-content\/uploads\/2021\/08\/bolsonaro_2.jpg",500,333,false],"1536x1536":["https:\/\/blogopara.com.br\/wp-content\/uploads\/2021\/08\/bolsonaro_2.jpg",500,333,false],"2048x2048":["https:\/\/blogopara.com.br\/wp-content\/uploads\/2021\/08\/bolsonaro_2.jpg",500,333,false],"mantranews-slider-large":["https:\/\/blogopara.com.br\/wp-content\/uploads\/2021\/08\/bolsonaro_2.jpg",500,333,false],"mantranews-featured-medium":["https:\/\/blogopara.com.br\/wp-content\/uploads\/2021\/08\/bolsonaro_2-420x307.jpg",420,307,true],"mantranews-featured-long":["https:\/\/blogopara.com.br\/wp-content\/uploads\/2021\/08\/bolsonaro_2-300x333.jpg",300,333,true],"mantranews-block-medium":["https:\/\/blogopara.com.br\/wp-content\/uploads\/2021\/08\/bolsonaro_2-464x290.jpg",464,290,true],"mantranews-carousel-image":["https:\/\/blogopara.com.br\/wp-content\/uploads\/2021\/08\/bolsonaro_2.jpg",500,333,false],"mantranews-block-thumb":["https:\/\/blogopara.com.br\/wp-content\/uploads\/2021\/08\/bolsonaro_2-322x230.jpg",322,230,true],"mantranews-single-large":["https:\/\/blogopara.com.br\/wp-content\/uploads\/2021\/08\/bolsonaro_2.jpg",500,333,false]},"uagb_author_info":{"display_name":"Reda\u00e7\u00e3o geral","author_link":"https:\/\/blogopara.com.br\/index.php\/author\/blogopara"},"uagb_comment_info":0,"uagb_excerpt":"O presidente Jair Bolsonaro (PL)\u00a0bateu o martelo e decidiu que n\u00e3o participar\u00e1 da entrega da faixa presidencial a\u00a0Luiz In\u00e1cio Lula da Silva (PT)\u00a0no dia 1\u00ba de janeiro, em Bras\u00edlia. Ainda n\u00e3o se sabe quem ser\u00e1 o respons\u00e1vel por passar a faixa ao petista, mas Bolsonaro decidiu acabar com a tradi\u00e7\u00e3o, j\u00e1 que, historicamente, o respons\u00e1vel&hellip;","jetpack_sharing_enabled":true,"jetpack_likes_enabled":true,"_links":{"self":[{"href":"https:\/\/blogopara.com.br\/index.php\/wp-json\/wp\/v2\/posts\/46871","targetHints":{"allow":["GET"]}}],"collection":[{"href":"https:\/\/blogopara.com.br\/index.php\/wp-json\/wp\/v2\/posts"}],"about":[{"href":"https:\/\/blogopara.com.br\/index.php\/wp-json\/wp\/v2\/types\/post"}],"author":[{"embeddable":true,"href":"https:\/\/blogopara.com.br\/index.php\/wp-json\/wp\/v2\/users\/1"}],"replies":[{"embeddable":true,"href":"https:\/\/blogopara.com.br\/index.php\/wp-json\/wp\/v2\/comments?post=46871"}],"version-history":[{"count":1,"href":"https:\/\/blogopara.com.br\/index.php\/wp-json\/wp\/v2\/posts\/46871\/revisions"}],"predecessor-version":[{"id":46872,"href":"https:\/\/blogopara.com.br\/index.php\/wp-json\/wp\/v2\/posts\/46871\/revisions\/46872"}],"wp:featuredmedia":[{"embeddable":true,"href":"https:\/\/blogopara.com.br\/index.php\/wp-json\/wp\/v2\/media\/26767"}],"wp:attachment":[{"href":"https:\/\/blogopara.com.br\/index.php\/wp-json\/wp\/v2\/media?parent=46871"}],"wp:term":[{"taxonomy":"category","embeddable":true,"href":"https:\/\/blogopara.com.br\/index.php\/wp-json\/wp\/v2\/categories?post=46871"},{"taxonomy":"post_tag","embeddable":true,"href":"https:\/\/blogopara.com.br\/index.php\/wp-json\/wp\/v2\/tags?post=46871"}],"curies":[{"name":"wp","href":"https:\/\/api.w.org\/{rel}","templated":true}]}}