{"id":46916,"date":"2022-12-08T13:16:00","date_gmt":"2022-12-08T16:16:00","guid":{"rendered":"https:\/\/blogopara.com.br\/?p=46916"},"modified":"2022-12-07T22:28:32","modified_gmt":"2022-12-08T01:28:32","slug":"lula-manifesta-solidariedade-a-cristina-kirchner-apos-condenacao-por-corrupcao","status":"publish","type":"post","link":"https:\/\/blogopara.com.br\/index.php\/2022\/12\/08\/lula-manifesta-solidariedade-a-cristina-kirchner-apos-condenacao-por-corrupcao","title":{"rendered":"Lula manifesta solidariedade a Cristina Kirchner ap\u00f3s condena\u00e7\u00e3o por corrup\u00e7\u00e3o"},"content":{"rendered":"<div id=\"chunk-dtfgq\">\n<div class=\"mc-column content-text active-extra-styles active-capital-letter\" data-block-type=\"unstyled\" data-block-weight=\"16\" data-block-id=\"2\">\n<p class=\"content-text__container theme-color-primary-first-letter\" style=\"text-align: justify;\" data-track-category=\"Link no Texto\" data-track-links=\"\">O presidente eleito Lula\u00a0(PT) manifestou, ontem (7\/12), solidariedade \u00e0 vice-presidente da Argentina,\u00a0Cristina Kirchner.<\/p>\n<\/div>\n<\/div>\n<div class=\"wall protected-content\">\n<div id=\"chunk-9bn4m\" style=\"text-align: justify;\">\n<div class=\"mc-column content-text active-extra-styles \" data-block-type=\"unstyled\" data-block-weight=\"38\" data-block-id=\"3\">\n<p class=\"content-text__container \" data-track-category=\"Link no Texto\" data-track-links=\"\">Cristina Kirchner foi\u00a0condenada por corrup\u00e7\u00e3o ap\u00f3s ter sido acusada de chefiar uma organiza\u00e7\u00e3o criminosa que desviou dinheiro p\u00fablico. A vice-presidente argentina nega as acusa\u00e7\u00f5es e afirma ser v\u00edtima de uma persegui\u00e7\u00e3o pol\u00edtica.<\/p>\n<\/div>\n<\/div>\n<div id=\"chunk-dpvva\">\n<div class=\"mc-column content-text active-extra-styles \" data-block-type=\"unstyled\" data-block-weight=\"47\" data-block-id=\"4\">\n<p class=\"content-text__container \" style=\"text-align: justify;\" data-track-category=\"Link no Texto\" data-track-links=\"\">&#8220;Minha solidariedade \u00e0 vice-presidente da Argentina, @CFKArgentina. Vi sua manifesta\u00e7\u00e3o de que \u00e9 v\u00edtima de lawfare e sabemos bem aqui no Brasil o quanto essa pr\u00e1tica pode causar danos \u00e0 democracia. Tor\u00e7o por uma justi\u00e7a imparcial e independente para todos e pelo povo da Argentina&#8221;, publicou Lula.<\/p>\n<p data-track-category=\"Link no Texto\" data-track-links=\"\"><img decoding=\"async\" src=\"https:\/\/static.poder360.com.br\/2022\/12\/tweet-lula-cristina-kirchner-7dez2022.png\" alt=\"PT diz apoiar Cristina Kirchner de forma \u201cincondicional\u201d\" \/><\/p>\n<p data-track-category=\"Link no Texto\" data-track-links=\"\">Fonte: g1<\/p>\n<\/div>\n<\/div>\n<\/div>\n","protected":false},"excerpt":{"rendered":"<p>O presidente eleito Lula\u00a0(PT) manifestou, ontem (7\/12), solidariedade \u00e0 vice-presidente da Argentina,\u00a0Cristina Kirchner. Cristina Kirchner foi\u00a0condenada por corrup\u00e7\u00e3o ap\u00f3s ter sido acusada de chefiar uma organiza\u00e7\u00e3o criminosa que desviou dinheiro p\u00fablico. A vice-presidente argentina nega as acusa\u00e7\u00f5es e afirma ser v\u00edtima de uma persegui\u00e7\u00e3o pol\u00edtica. &#8220;Minha solidariedade \u00e0 vice-presidente da Argentina, @CFKArgentina. Vi sua manifesta\u00e7\u00e3o [&hellip;]<\/p>\n","protected":false},"author":1,"featured_media":46917,"comment_status":"closed","ping_status":"open","sticky":false,"template":"","format":"standard","meta":{"_uag_custom_page_level_css":"","_monsterinsights_skip_tracking":false,"_monsterinsights_sitenote_active":false,"_monsterinsights_sitenote_note":"","_monsterinsights_sitenote_category":0,"jetpack_post_was_ever_published":false,"_jetpack_newsletter_access":"","_jetpack_dont_email_post_to_subs":false,"_jetpack_newsletter_tier_id":0,"_jetpack_memberships_contains_paywalled_content":false,"_jetpack_memberships_contains_paid_content":false,"footnotes":"","jetpack_publicize_message":"","jetpack_publicize_feature_enabled":true,"jetpack_social_post_already_shared":true,"jetpack_social_options":{"image_generator_settings":{"template":"highway","default_image_id":0,"font":"","enabled":false},"version":2}},"categories":[197],"tags":[1040,236,10253,554],"class_list":["post-46916","post","type-post","status-publish","format-standard","has-post-thumbnail","hentry","category-politica","tag-argentina","tag-corrupcao","tag-cristina-kirchner","tag-lula"],"jetpack_publicize_connections":[],"jetpack_featured_media_url":"https:\/\/blogopara.com.br\/wp-content\/uploads\/2022\/12\/cristina_kirchner.jpg","uagb_featured_image_src":{"full":["https:\/\/blogopara.com.br\/wp-content\/uploads\/2022\/12\/cristina_kirchner.jpg",501,333,false],"thumbnail":["https:\/\/blogopara.com.br\/wp-content\/uploads\/2022\/12\/cristina_kirchner-150x150.jpg",150,150,true],"medium":["https:\/\/blogopara.com.br\/wp-content\/uploads\/2022\/12\/cristina_kirchner-300x199.jpg",300,199,true],"medium_large":["https:\/\/blogopara.com.br\/wp-content\/uploads\/2022\/12\/cristina_kirchner.jpg",501,333,false],"large":["https:\/\/blogopara.com.br\/wp-content\/uploads\/2022\/12\/cristina_kirchner.jpg",501,333,false],"1536x1536":["https:\/\/blogopara.com.br\/wp-content\/uploads\/2022\/12\/cristina_kirchner.jpg",501,333,false],"2048x2048":["https:\/\/blogopara.com.br\/wp-content\/uploads\/2022\/12\/cristina_kirchner.jpg",501,333,false],"mantranews-slider-large":["https:\/\/blogopara.com.br\/wp-content\/uploads\/2022\/12\/cristina_kirchner.jpg",501,333,false],"mantranews-featured-medium":["https:\/\/blogopara.com.br\/wp-content\/uploads\/2022\/12\/cristina_kirchner-420x307.jpg",420,307,true],"mantranews-featured-long":["https:\/\/blogopara.com.br\/wp-content\/uploads\/2022\/12\/cristina_kirchner-300x333.jpg",300,333,true],"mantranews-block-medium":["https:\/\/blogopara.com.br\/wp-content\/uploads\/2022\/12\/cristina_kirchner-464x290.jpg",464,290,true],"mantranews-carousel-image":["https:\/\/blogopara.com.br\/wp-content\/uploads\/2022\/12\/cristina_kirchner.jpg",501,333,false],"mantranews-block-thumb":["https:\/\/blogopara.com.br\/wp-content\/uploads\/2022\/12\/cristina_kirchner-322x230.jpg",322,230,true],"mantranews-single-large":["https:\/\/blogopara.com.br\/wp-content\/uploads\/2022\/12\/cristina_kirchner.jpg",501,333,false]},"uagb_author_info":{"display_name":"Reda\u00e7\u00e3o geral","author_link":"https:\/\/blogopara.com.br\/index.php\/author\/blogopara"},"uagb_comment_info":0,"uagb_excerpt":"O presidente eleito Lula\u00a0(PT) manifestou, ontem (7\/12), solidariedade \u00e0 vice-presidente da Argentina,\u00a0Cristina Kirchner. Cristina Kirchner foi\u00a0condenada por corrup\u00e7\u00e3o ap\u00f3s ter sido acusada de chefiar uma organiza\u00e7\u00e3o criminosa que desviou dinheiro p\u00fablico. A vice-presidente argentina nega as acusa\u00e7\u00f5es e afirma ser v\u00edtima de uma persegui\u00e7\u00e3o pol\u00edtica. &#8220;Minha solidariedade \u00e0 vice-presidente da Argentina, @CFKArgentina. Vi sua manifesta\u00e7\u00e3o&hellip;","jetpack_sharing_enabled":true,"jetpack_likes_enabled":true,"_links":{"self":[{"href":"https:\/\/blogopara.com.br\/index.php\/wp-json\/wp\/v2\/posts\/46916","targetHints":{"allow":["GET"]}}],"collection":[{"href":"https:\/\/blogopara.com.br\/index.php\/wp-json\/wp\/v2\/posts"}],"about":[{"href":"https:\/\/blogopara.com.br\/index.php\/wp-json\/wp\/v2\/types\/post"}],"author":[{"embeddable":true,"href":"https:\/\/blogopara.com.br\/index.php\/wp-json\/wp\/v2\/users\/1"}],"replies":[{"embeddable":true,"href":"https:\/\/blogopara.com.br\/index.php\/wp-json\/wp\/v2\/comments?post=46916"}],"version-history":[{"count":3,"href":"https:\/\/blogopara.com.br\/index.php\/wp-json\/wp\/v2\/posts\/46916\/revisions"}],"predecessor-version":[{"id":46924,"href":"https:\/\/blogopara.com.br\/index.php\/wp-json\/wp\/v2\/posts\/46916\/revisions\/46924"}],"wp:featuredmedia":[{"embeddable":true,"href":"https:\/\/blogopara.com.br\/index.php\/wp-json\/wp\/v2\/media\/46917"}],"wp:attachment":[{"href":"https:\/\/blogopara.com.br\/index.php\/wp-json\/wp\/v2\/media?parent=46916"}],"wp:term":[{"taxonomy":"category","embeddable":true,"href":"https:\/\/blogopara.com.br\/index.php\/wp-json\/wp\/v2\/categories?post=46916"},{"taxonomy":"post_tag","embeddable":true,"href":"https:\/\/blogopara.com.br\/index.php\/wp-json\/wp\/v2\/tags?post=46916"}],"curies":[{"name":"wp","href":"https:\/\/api.w.org\/{rel}","templated":true}]}}