{"id":46937,"date":"2022-12-09T07:28:00","date_gmt":"2022-12-09T10:28:00","guid":{"rendered":"https:\/\/blogopara.com.br\/?p=46937"},"modified":"2022-12-08T14:30:48","modified_gmt":"2022-12-08T17:30:48","slug":"prefeitura-de-juazeiro-lancara-o-natal-iluminado-um-novo-tempo-de-esperanca-na-proxima-segunda-feira","status":"publish","type":"post","link":"https:\/\/blogopara.com.br\/index.php\/2022\/12\/09\/prefeitura-de-juazeiro-lancara-o-natal-iluminado-um-novo-tempo-de-esperanca-na-proxima-segunda-feira","title":{"rendered":"Prefeitura de Juazeiro lan\u00e7ar\u00e1 o &#8216;Natal Iluminado \u2013 Um Novo Tempo de Esperan\u00e7a&#8217; na pr\u00f3xima segunda-feira"},"content":{"rendered":"<p class=\"x_MsoNormal\" style=\"text-align: justify;\">A Prefeitura de Juazeiro vai realizar na pr\u00f3xima segunda-feira (12), \u00e0s 19h, na Orla II, o lan\u00e7amento do \u2018Natal Iluminado \u2013 Um Novo Tempo de Esperan\u00e7a\u2019. O projeto, idealizado pela gest\u00e3o Suzana Ramos, est\u00e1 na sua 2\u00aa edi\u00e7\u00e3o e re\u00fane muita luz, f\u00e9, esperan\u00e7a e amor, trazendo pe\u00e7as, luzes, enfeites, que ornamentam avenidas, pra\u00e7as e rotat\u00f3rias com a mais pura e genu\u00edna magia do Natal.<\/p>\n<p class=\"x_MsoNormal\" style=\"text-align: justify;\">Este ano a maior concentra\u00e7\u00e3o de pe\u00e7as do projeto, que tem como curador, o artista e assessor especial da Prefeitura, Devilles Sena, ser\u00e1 na Orla II, onde os juazeirenses e turistas poder\u00e3o conferir uma decora\u00e7\u00e3o diferenciada, com direito a pres\u00e9pio em tamanho real, \u00e1rvores de luzes gigantes, ilumina\u00e7\u00e3o c\u00eanica, pain\u00e9is luminosos, e muitos outros atrativos.<\/p>\n<p class=\"x_MsoNormal\" style=\"text-align: justify;\">Convite<\/p>\n<p class=\"x_MsoNormal\" style=\"text-align: justify;\">A prefeita Suzana Ramos aproveitou o momento para convidar toda a popula\u00e7\u00e3o juazeirense a participar desse momento que tem como proposta levar a magia do Natal a toda Juazeiro. \u201cNatal \u00e9 um tempo de reflex\u00e3o, de inundarmos nosso esp\u00edrito com bons sentimentos, e \u00e9 disso que se trata o Natal Iluminado: fazer com que o esp\u00edrito natalino chegue ao cora\u00e7\u00e3o do nosso povo, por isso convido a todos os juazeirenses, da sede e do interior, a participarem junto conosco desse momento t\u00e3o especial onde estaremos lan\u00e7ando oficialmente a 2\u00aa edi\u00e7\u00e3o do Natal Iluminado\u201d, destacou a gestora.<\/p>\n<p class=\"x_MsoNormal\" style=\"text-align: justify;\">Locais<\/p>\n<p class=\"x_MsoNormal\" style=\"text-align: justify;\">Al\u00e9m da Orla II outros pontos da cidade tamb\u00e9m est\u00e3o recebendo a ornamenta\u00e7\u00e3o natalina: Avenida Adolfo Viana, R\u00f3tula do Lomanto Junior, Lagoa de Calu, Avenida Raul Alves, Pra\u00e7a Dom Tomaz, entre outros. Quem assina a decora\u00e7\u00e3o \u00e9 o artista pl\u00e1stico Reginaldo Duarte. \u201cA confec\u00e7\u00e3o da maioria das pe\u00e7as que comp\u00f5em o projeto acontece aqui mesmo no munic\u00edpio. Contamos com uma comprometida equipe, trabalhando em ritmo acelerado, para entregarmos um espet\u00e1culo de luzes e cores aos juazeirenses na solenidade de lan\u00e7amento do projeto\u201d, destacou Reginaldo Duarte.<\/p>\n<p class=\"x_MsoNormal\" style=\"text-align: justify;\">No evento de lan\u00e7amento, al\u00e9m da decora\u00e7\u00e3o, o p\u00fablico ainda vai conferir apresenta\u00e7\u00f5es art\u00edsticas da Cantata Natalina da Rede Municipal de Ensino e tamb\u00e9m da Orquestra Sinf\u00f4nica.<\/p>\n<p class=\"x_MsoNormal\" style=\"text-align: justify;\" aria-hidden=\"true\">\n","protected":false},"excerpt":{"rendered":"<p>A Prefeitura de Juazeiro vai realizar na pr\u00f3xima segunda-feira (12), \u00e0s 19h, na Orla II, o lan\u00e7amento do \u2018Natal Iluminado \u2013 Um Novo Tempo de Esperan\u00e7a\u2019. O projeto, idealizado pela gest\u00e3o Suzana Ramos, est\u00e1 na sua 2\u00aa edi\u00e7\u00e3o e re\u00fane muita luz, f\u00e9, esperan\u00e7a e amor, trazendo pe\u00e7as, luzes, enfeites, que ornamentam avenidas, pra\u00e7as e [&hellip;]<\/p>\n","protected":false},"author":1,"featured_media":46938,"comment_status":"closed","ping_status":"open","sticky":false,"template":"","format":"standard","meta":{"_uag_custom_page_level_css":"","_monsterinsights_skip_tracking":false,"_monsterinsights_sitenote_active":false,"_monsterinsights_sitenote_note":"","_monsterinsights_sitenote_category":0,"jetpack_post_was_ever_published":false,"_jetpack_newsletter_access":"","_jetpack_dont_email_post_to_subs":false,"_jetpack_newsletter_tier_id":0,"_jetpack_memberships_contains_paywalled_content":false,"_jetpack_memberships_contains_paid_content":false,"footnotes":"","jetpack_publicize_message":"","jetpack_publicize_feature_enabled":true,"jetpack_social_post_already_shared":true,"jetpack_social_options":{"image_generator_settings":{"template":"highway","default_image_id":0,"font":"","enabled":false},"version":2}},"categories":[1506,203],"tags":[],"class_list":["post-46937","post","type-post","status-publish","format-standard","has-post-thumbnail","hentry","category-cultura","category-juazeiro"],"jetpack_publicize_connections":[],"jetpack_featured_media_url":"https:\/\/blogopara.com.br\/wp-content\/uploads\/2022\/12\/thumbnail_Natal-Iluminado.jpg","uagb_featured_image_src":{"full":["https:\/\/blogopara.com.br\/wp-content\/uploads\/2022\/12\/thumbnail_Natal-Iluminado.jpg",500,309,false],"thumbnail":["https:\/\/blogopara.com.br\/wp-content\/uploads\/2022\/12\/thumbnail_Natal-Iluminado-150x150.jpg",150,150,true],"medium":["https:\/\/blogopara.com.br\/wp-content\/uploads\/2022\/12\/thumbnail_Natal-Iluminado-300x185.jpg",300,185,true],"medium_large":["https:\/\/blogopara.com.br\/wp-content\/uploads\/2022\/12\/thumbnail_Natal-Iluminado.jpg",500,309,false],"large":["https:\/\/blogopara.com.br\/wp-content\/uploads\/2022\/12\/thumbnail_Natal-Iluminado.jpg",500,309,false],"1536x1536":["https:\/\/blogopara.com.br\/wp-content\/uploads\/2022\/12\/thumbnail_Natal-Iluminado.jpg",500,309,false],"2048x2048":["https:\/\/blogopara.com.br\/wp-content\/uploads\/2022\/12\/thumbnail_Natal-Iluminado.jpg",500,309,false],"mantranews-slider-large":["https:\/\/blogopara.com.br\/wp-content\/uploads\/2022\/12\/thumbnail_Natal-Iluminado.jpg",500,309,false],"mantranews-featured-medium":["https:\/\/blogopara.com.br\/wp-content\/uploads\/2022\/12\/thumbnail_Natal-Iluminado-420x307.jpg",420,307,true],"mantranews-featured-long":["https:\/\/blogopara.com.br\/wp-content\/uploads\/2022\/12\/thumbnail_Natal-Iluminado-300x309.jpg",300,309,true],"mantranews-block-medium":["https:\/\/blogopara.com.br\/wp-content\/uploads\/2022\/12\/thumbnail_Natal-Iluminado-464x290.jpg",464,290,true],"mantranews-carousel-image":["https:\/\/blogopara.com.br\/wp-content\/uploads\/2022\/12\/thumbnail_Natal-Iluminado.jpg",500,309,false],"mantranews-block-thumb":["https:\/\/blogopara.com.br\/wp-content\/uploads\/2022\/12\/thumbnail_Natal-Iluminado-322x230.jpg",322,230,true],"mantranews-single-large":["https:\/\/blogopara.com.br\/wp-content\/uploads\/2022\/12\/thumbnail_Natal-Iluminado.jpg",500,309,false]},"uagb_author_info":{"display_name":"Reda\u00e7\u00e3o geral","author_link":"https:\/\/blogopara.com.br\/index.php\/author\/blogopara"},"uagb_comment_info":0,"uagb_excerpt":"A Prefeitura de Juazeiro vai realizar na pr\u00f3xima segunda-feira (12), \u00e0s 19h, na Orla II, o lan\u00e7amento do \u2018Natal Iluminado \u2013 Um Novo Tempo de Esperan\u00e7a\u2019. O projeto, idealizado pela gest\u00e3o Suzana Ramos, est\u00e1 na sua 2\u00aa edi\u00e7\u00e3o e re\u00fane muita luz, f\u00e9, esperan\u00e7a e amor, trazendo pe\u00e7as, luzes, enfeites, que ornamentam avenidas, pra\u00e7as e&hellip;","jetpack_sharing_enabled":true,"jetpack_likes_enabled":true,"_links":{"self":[{"href":"https:\/\/blogopara.com.br\/index.php\/wp-json\/wp\/v2\/posts\/46937","targetHints":{"allow":["GET"]}}],"collection":[{"href":"https:\/\/blogopara.com.br\/index.php\/wp-json\/wp\/v2\/posts"}],"about":[{"href":"https:\/\/blogopara.com.br\/index.php\/wp-json\/wp\/v2\/types\/post"}],"author":[{"embeddable":true,"href":"https:\/\/blogopara.com.br\/index.php\/wp-json\/wp\/v2\/users\/1"}],"replies":[{"embeddable":true,"href":"https:\/\/blogopara.com.br\/index.php\/wp-json\/wp\/v2\/comments?post=46937"}],"version-history":[{"count":1,"href":"https:\/\/blogopara.com.br\/index.php\/wp-json\/wp\/v2\/posts\/46937\/revisions"}],"predecessor-version":[{"id":46939,"href":"https:\/\/blogopara.com.br\/index.php\/wp-json\/wp\/v2\/posts\/46937\/revisions\/46939"}],"wp:featuredmedia":[{"embeddable":true,"href":"https:\/\/blogopara.com.br\/index.php\/wp-json\/wp\/v2\/media\/46938"}],"wp:attachment":[{"href":"https:\/\/blogopara.com.br\/index.php\/wp-json\/wp\/v2\/media?parent=46937"}],"wp:term":[{"taxonomy":"category","embeddable":true,"href":"https:\/\/blogopara.com.br\/index.php\/wp-json\/wp\/v2\/categories?post=46937"},{"taxonomy":"post_tag","embeddable":true,"href":"https:\/\/blogopara.com.br\/index.php\/wp-json\/wp\/v2\/tags?post=46937"}],"curies":[{"name":"wp","href":"https:\/\/api.w.org\/{rel}","templated":true}]}}