{"id":46951,"date":"2022-12-08T18:55:00","date_gmt":"2022-12-08T21:55:00","guid":{"rendered":"https:\/\/blogopara.com.br\/?p=46951"},"modified":"2022-12-08T15:08:22","modified_gmt":"2022-12-08T18:08:22","slug":"detran-na-bahia-remarca-servicos-que-seriam-realizados-na-sexta-feira-expediente-e-alterado-em-dias-de-jogos-da-selecao-brasileira","status":"publish","type":"post","link":"https:\/\/blogopara.com.br\/index.php\/2022\/12\/08\/detran-na-bahia-remarca-servicos-que-seriam-realizados-na-sexta-feira-expediente-e-alterado-em-dias-de-jogos-da-selecao-brasileira","title":{"rendered":"Detran na Bahia remarca servi\u00e7os que seriam realizados na sexta-feira; expediente \u00e9 alterado em dias de jogos da Sele\u00e7\u00e3o Brasileira"},"content":{"rendered":"<div id=\"chunk-dlm3j\">\n<div class=\"mc-column content-text active-extra-styles \" data-block-type=\"unstyled\" data-block-weight=\"45\" data-block-id=\"3\">\n<p class=\"content-text__container \" style=\"text-align: justify;\" data-track-category=\"Link no Texto\" data-track-links=\"\">O Departamento Estadual de Tr\u00e2nsito (Detran-BA) remarcou todos os servi\u00e7os que seriam realizados na pr\u00f3xima sexta-feira (9\/12). A medida tem o objetivo de cumprir o decreto estadual 21.767, que determina a compensa\u00e7\u00e3o nos hor\u00e1rios de trabalho em dias de jogos da Sele\u00e7\u00e3o Brasileira.<\/p>\n<\/div>\n<\/div>\n<div class=\"wall protected-content\">\n<div id=\"chunk-frlhl\" style=\"text-align: justify;\">\n<div class=\"mc-column content-text active-extra-styles \" data-block-type=\"unstyled\" data-block-weight=\"31\" data-block-id=\"4\">\n<p class=\"content-text__container \" data-track-category=\"Link no Texto\" data-track-links=\"\">O Detran informou que as avalia\u00e7\u00f5es para retirar a Carteira Nacional de Habilita\u00e7\u00e3o (CNH), pr\u00e1ticas e te\u00f3ricas, marcadas para a sexta-feira (9\/12), n\u00e3o ser\u00e3o realizadas na data solicitada pelos motoristas.<\/p>\n<\/div>\n<\/div>\n<div id=\"chunk-1ra9t\" style=\"text-align: justify;\">\n<div class=\"mc-column content-text active-extra-styles \" data-block-type=\"unstyled\" data-block-weight=\"16\" data-block-id=\"5\">\n<p class=\"content-text__container \" data-track-category=\"Link no Texto\" data-track-links=\"\">Os servi\u00e7os agendados nas unidades do Servi\u00e7o de Atendimento ao Cidad\u00e3o (SAC) tamb\u00e9m ser\u00e3o reagendados.<\/p>\n<\/div>\n<\/div>\n<div id=\"chunk-eumn2\" style=\"text-align: justify;\">\n<div class=\"mc-column content-text active-extra-styles \" data-block-type=\"unstyled\" data-block-weight=\"27\" data-block-id=\"6\">\n<p class=\"content-text__container \" data-track-category=\"Link no Texto\" data-track-links=\"\">O Departamento de tr\u00e2nsito deve definir, junto com o Centro de Forma\u00e7\u00e3o de Condutores (CFCS), na pr\u00f3xima segunda-feira (12\/12), as datas que ser\u00e3o reagendadas as avalia\u00e7\u00f5es solicitadas.<\/p>\n<p class=\"content-text__container \" data-track-category=\"Link no Texto\" data-track-links=\"\"><span style=\"color: initial; font-size: revert; font-family: inherit; font-style: inherit; font-variant-ligatures: inherit; font-variant-caps: inherit; font-weight: inherit;\">As autoescolas devem informar aos alunos sobre a nova data das provas.<\/span><\/p>\n<p data-track-category=\"Link no Texto\" data-track-links=\"\">Fonte: g1 BA<\/p>\n<\/div>\n<\/div>\n<\/div>\n","protected":false},"excerpt":{"rendered":"<p>O Departamento Estadual de Tr\u00e2nsito (Detran-BA) remarcou todos os servi\u00e7os que seriam realizados na pr\u00f3xima sexta-feira (9\/12). A medida tem o objetivo de cumprir o decreto estadual 21.767, que determina a compensa\u00e7\u00e3o nos hor\u00e1rios de trabalho em dias de jogos da Sele\u00e7\u00e3o Brasileira. O Detran informou que as avalia\u00e7\u00f5es para retirar a Carteira Nacional de [&hellip;]<\/p>\n","protected":false},"author":1,"featured_media":46953,"comment_status":"closed","ping_status":"open","sticky":false,"template":"","format":"standard","meta":{"_uag_custom_page_level_css":"","_monsterinsights_skip_tracking":false,"_monsterinsights_sitenote_active":false,"_monsterinsights_sitenote_note":"","_monsterinsights_sitenote_category":0,"jetpack_post_was_ever_published":false,"_jetpack_newsletter_access":"","_jetpack_dont_email_post_to_subs":false,"_jetpack_newsletter_tier_id":0,"_jetpack_memberships_contains_paywalled_content":false,"_jetpack_memberships_contains_paid_content":false,"footnotes":"","jetpack_publicize_message":"","jetpack_publicize_feature_enabled":true,"jetpack_social_post_already_shared":true,"jetpack_social_options":{"image_generator_settings":{"template":"highway","default_image_id":0,"font":"","enabled":false},"version":2}},"categories":[199],"tags":[1985],"class_list":["post-46951","post","type-post","status-publish","format-standard","has-post-thumbnail","hentry","category-bahia","tag-detran-ba"],"jetpack_publicize_connections":[],"jetpack_featured_media_url":"https:\/\/blogopara.com.br\/wp-content\/uploads\/2022\/12\/detranba.png","uagb_featured_image_src":{"full":["https:\/\/blogopara.com.br\/wp-content\/uploads\/2022\/12\/detranba.png",498,331,false],"thumbnail":["https:\/\/blogopara.com.br\/wp-content\/uploads\/2022\/12\/detranba-150x150.png",150,150,true],"medium":["https:\/\/blogopara.com.br\/wp-content\/uploads\/2022\/12\/detranba-300x199.png",300,199,true],"medium_large":["https:\/\/blogopara.com.br\/wp-content\/uploads\/2022\/12\/detranba.png",498,331,false],"large":["https:\/\/blogopara.com.br\/wp-content\/uploads\/2022\/12\/detranba.png",498,331,false],"1536x1536":["https:\/\/blogopara.com.br\/wp-content\/uploads\/2022\/12\/detranba.png",498,331,false],"2048x2048":["https:\/\/blogopara.com.br\/wp-content\/uploads\/2022\/12\/detranba.png",498,331,false],"mantranews-slider-large":["https:\/\/blogopara.com.br\/wp-content\/uploads\/2022\/12\/detranba.png",498,331,false],"mantranews-featured-medium":["https:\/\/blogopara.com.br\/wp-content\/uploads\/2022\/12\/detranba-420x307.png",420,307,true],"mantranews-featured-long":["https:\/\/blogopara.com.br\/wp-content\/uploads\/2022\/12\/detranba-300x331.png",300,331,true],"mantranews-block-medium":["https:\/\/blogopara.com.br\/wp-content\/uploads\/2022\/12\/detranba-464x290.png",464,290,true],"mantranews-carousel-image":["https:\/\/blogopara.com.br\/wp-content\/uploads\/2022\/12\/detranba.png",498,331,false],"mantranews-block-thumb":["https:\/\/blogopara.com.br\/wp-content\/uploads\/2022\/12\/detranba-322x230.png",322,230,true],"mantranews-single-large":["https:\/\/blogopara.com.br\/wp-content\/uploads\/2022\/12\/detranba.png",498,331,false]},"uagb_author_info":{"display_name":"Reda\u00e7\u00e3o geral","author_link":"https:\/\/blogopara.com.br\/index.php\/author\/blogopara"},"uagb_comment_info":0,"uagb_excerpt":"O Departamento Estadual de Tr\u00e2nsito (Detran-BA) remarcou todos os servi\u00e7os que seriam realizados na pr\u00f3xima sexta-feira (9\/12). A medida tem o objetivo de cumprir o decreto estadual 21.767, que determina a compensa\u00e7\u00e3o nos hor\u00e1rios de trabalho em dias de jogos da Sele\u00e7\u00e3o Brasileira. O Detran informou que as avalia\u00e7\u00f5es para retirar a Carteira Nacional de&hellip;","jetpack_sharing_enabled":true,"jetpack_likes_enabled":true,"_links":{"self":[{"href":"https:\/\/blogopara.com.br\/index.php\/wp-json\/wp\/v2\/posts\/46951","targetHints":{"allow":["GET"]}}],"collection":[{"href":"https:\/\/blogopara.com.br\/index.php\/wp-json\/wp\/v2\/posts"}],"about":[{"href":"https:\/\/blogopara.com.br\/index.php\/wp-json\/wp\/v2\/types\/post"}],"author":[{"embeddable":true,"href":"https:\/\/blogopara.com.br\/index.php\/wp-json\/wp\/v2\/users\/1"}],"replies":[{"embeddable":true,"href":"https:\/\/blogopara.com.br\/index.php\/wp-json\/wp\/v2\/comments?post=46951"}],"version-history":[{"count":1,"href":"https:\/\/blogopara.com.br\/index.php\/wp-json\/wp\/v2\/posts\/46951\/revisions"}],"predecessor-version":[{"id":46952,"href":"https:\/\/blogopara.com.br\/index.php\/wp-json\/wp\/v2\/posts\/46951\/revisions\/46952"}],"wp:featuredmedia":[{"embeddable":true,"href":"https:\/\/blogopara.com.br\/index.php\/wp-json\/wp\/v2\/media\/46953"}],"wp:attachment":[{"href":"https:\/\/blogopara.com.br\/index.php\/wp-json\/wp\/v2\/media?parent=46951"}],"wp:term":[{"taxonomy":"category","embeddable":true,"href":"https:\/\/blogopara.com.br\/index.php\/wp-json\/wp\/v2\/categories?post=46951"},{"taxonomy":"post_tag","embeddable":true,"href":"https:\/\/blogopara.com.br\/index.php\/wp-json\/wp\/v2\/tags?post=46951"}],"curies":[{"name":"wp","href":"https:\/\/api.w.org\/{rel}","templated":true}]}}