{"id":47142,"date":"2022-12-14T07:35:00","date_gmt":"2022-12-14T10:35:00","guid":{"rendered":"https:\/\/blogopara.com.br\/?p=47142"},"modified":"2022-12-13T16:15:33","modified_gmt":"2022-12-13T19:15:33","slug":"curaca-ipc-fortalece-os-caprinocultores-atraves-de-parcerias-com-o-senar-e-a-central-da-caatinga","status":"publish","type":"post","link":"https:\/\/blogopara.com.br\/index.php\/2022\/12\/14\/curaca-ipc-fortalece-os-caprinocultores-atraves-de-parcerias-com-o-senar-e-a-central-da-caatinga","title":{"rendered":"Cura\u00e7\u00e1: IPC fortalece os caprinocultores atrav\u00e9s de parcerias com o SENAR e a Central da Caatinga"},"content":{"rendered":"<p style=\"text-align: justify;\">Maior produtora de rebanhos ovino e caprino do Brasil, a Bahia enfrenta \u201cum grave problema de sa\u00fade p\u00fablica\u201d. Isto porque, segundo Roberis Silva, presidente da Associa\u00e7\u00e3o Brasileira de Empresas do Agroneg\u00f3cio de Caprinos e Ovinos (Abreaco), 90% da carne destes animais \u00e9 abatida de maneira clandestina.<\/p>\n<p style=\"text-align: justify;\">De acordo com o dirigente, o estado segue a mesma m\u00e9dia da regi\u00e3o Nordeste, que apresenta realidade bem diferente do restante do Brasil &#8211; conforme estimativas do presidente, a m\u00e9dia nacional \u00e9 de 15%. Na vis\u00e3o dele, esta \u00e9 uma realidade cultural fomentada, principalmente, pela neglig\u00eancia das vigil\u00e2ncias sanit\u00e1rias municipais, respons\u00e1veis por este tipo de fiscaliza\u00e7\u00e3o.<\/p>\n<p style=\"text-align: justify;\">A Empresa Brasileira de Pesquisa Agropecu\u00e1ria (Embrapa) sup\u00f5e que, no Brasil, haja cerca de 31 milh\u00f5es de animais dos rebanhos bovino e ovino. Destes, 20 milh\u00f5es est\u00e3o somente no Nordeste &#8211; 10 milh\u00f5es apenas na Bahia.<\/p>\n<p style=\"text-align: justify;\">Diante de tantas dificuldades, em Cura\u00e7\u00e1 os desafios s\u00e3o superados com a uni\u00e3o de&nbsp; v\u00e1rias institui\u00e7\u00f5es. O Instituto de Preserva\u00e7\u00e3o da Caatinga (IPC), Senar e a Central da Caratinga, est\u00e3o mudando a realidade do pequeno caprinocultor. O Senar tem prestado assist\u00eancia t\u00e9cnica com o objetivo de melhorar do rebanho e a comercializa\u00e7\u00e3o dos rebanhos.<\/p>\n<p style=\"text-align: justify;\">No m\u00eas de novembro de 2022 foram levados para o abatedouro na cidade de Pintados (BA) cerca de 150 animais entre caprinos e ovinos. O que motivou os produtores para se mobilizarem para enviar mais animais no m\u00eas de janeiro de 2023,&nbsp; com isso conseguirem um feito in\u00e9dito,&nbsp; ter um lucro melhor.<\/p>\n<p style=\"text-align: justify;\">Para Laerte Valentim, presidente do IPC, o momento \u00e9 de comemora\u00e7\u00e3o, &#8220;estamos tirando os atravessadores, e estamos sendo empreendedores do nosso pr\u00f3prio neg\u00f3cio, que s\u00e3o os nossos s\u00edtios ou fazendas. Lembrando que h\u00e1 espa\u00e7o para todos aquele que tem 01,02,03 ou 100 animais, desde que siga as orienta\u00e7\u00f5es dos respons\u00e1veis pelo trabalho&#8221;, finalizou Laerte.<\/p>\n<p style=\"text-align: justify;\">Ascom IPC<\/p>\n","protected":false},"excerpt":{"rendered":"<p>Maior produtora de rebanhos ovino e caprino do Brasil, a Bahia enfrenta \u201cum grave problema de sa\u00fade p\u00fablica\u201d. Isto porque, segundo Roberis Silva, presidente da Associa\u00e7\u00e3o Brasileira de Empresas do Agroneg\u00f3cio de Caprinos e Ovinos (Abreaco), 90% da carne destes animais \u00e9 abatida de maneira clandestina. De acordo com o dirigente, o estado segue a [&hellip;]<\/p>\n","protected":false},"author":1,"featured_media":47143,"comment_status":"closed","ping_status":"open","sticky":false,"template":"","format":"standard","meta":{"_uag_custom_page_level_css":"","_monsterinsights_skip_tracking":false,"_monsterinsights_sitenote_active":false,"_monsterinsights_sitenote_note":"","_monsterinsights_sitenote_category":0,"jetpack_post_was_ever_published":false,"_jetpack_newsletter_access":"","_jetpack_dont_email_post_to_subs":false,"_jetpack_newsletter_tier_id":0,"_jetpack_memberships_contains_paywalled_content":false,"_jetpack_memberships_contains_paid_content":false,"footnotes":"","jetpack_publicize_message":"","jetpack_publicize_feature_enabled":true,"jetpack_social_post_already_shared":true,"jetpack_social_options":{"image_generator_settings":{"template":"highway","default_image_id":0,"font":"","enabled":false},"version":2}},"categories":[1503,206],"tags":[],"class_list":["post-47142","post","type-post","status-publish","format-standard","has-post-thumbnail","hentry","category-curaca","category-economia"],"jetpack_publicize_connections":[],"jetpack_featured_media_url":"https:\/\/blogopara.com.br\/wp-content\/uploads\/2022\/12\/Design-sem-nome-2.jpg","uagb_featured_image_src":{"full":["https:\/\/blogopara.com.br\/wp-content\/uploads\/2022\/12\/Design-sem-nome-2.jpg",500,419,false],"thumbnail":["https:\/\/blogopara.com.br\/wp-content\/uploads\/2022\/12\/Design-sem-nome-2-150x150.jpg",150,150,true],"medium":["https:\/\/blogopara.com.br\/wp-content\/uploads\/2022\/12\/Design-sem-nome-2-300x251.jpg",300,251,true],"medium_large":["https:\/\/blogopara.com.br\/wp-content\/uploads\/2022\/12\/Design-sem-nome-2.jpg",500,419,false],"large":["https:\/\/blogopara.com.br\/wp-content\/uploads\/2022\/12\/Design-sem-nome-2.jpg",500,419,false],"1536x1536":["https:\/\/blogopara.com.br\/wp-content\/uploads\/2022\/12\/Design-sem-nome-2.jpg",500,419,false],"2048x2048":["https:\/\/blogopara.com.br\/wp-content\/uploads\/2022\/12\/Design-sem-nome-2.jpg",500,419,false],"mantranews-slider-large":["https:\/\/blogopara.com.br\/wp-content\/uploads\/2022\/12\/Design-sem-nome-2.jpg",500,419,false],"mantranews-featured-medium":["https:\/\/blogopara.com.br\/wp-content\/uploads\/2022\/12\/Design-sem-nome-2-420x307.jpg",420,307,true],"mantranews-featured-long":["https:\/\/blogopara.com.br\/wp-content\/uploads\/2022\/12\/Design-sem-nome-2-300x419.jpg",300,419,true],"mantranews-block-medium":["https:\/\/blogopara.com.br\/wp-content\/uploads\/2022\/12\/Design-sem-nome-2-464x290.jpg",464,290,true],"mantranews-carousel-image":["https:\/\/blogopara.com.br\/wp-content\/uploads\/2022\/12\/Design-sem-nome-2.jpg",500,419,false],"mantranews-block-thumb":["https:\/\/blogopara.com.br\/wp-content\/uploads\/2022\/12\/Design-sem-nome-2-322x230.jpg",322,230,true],"mantranews-single-large":["https:\/\/blogopara.com.br\/wp-content\/uploads\/2022\/12\/Design-sem-nome-2.jpg",500,419,false]},"uagb_author_info":{"display_name":"Reda\u00e7\u00e3o geral","author_link":"https:\/\/blogopara.com.br\/index.php\/author\/blogopara"},"uagb_comment_info":0,"uagb_excerpt":"Maior produtora de rebanhos ovino e caprino do Brasil, a Bahia enfrenta \u201cum grave problema de sa\u00fade p\u00fablica\u201d. Isto porque, segundo Roberis Silva, presidente da Associa\u00e7\u00e3o Brasileira de Empresas do Agroneg\u00f3cio de Caprinos e Ovinos (Abreaco), 90% da carne destes animais \u00e9 abatida de maneira clandestina. De acordo com o dirigente, o estado segue a&hellip;","jetpack_sharing_enabled":true,"jetpack_likes_enabled":true,"_links":{"self":[{"href":"https:\/\/blogopara.com.br\/index.php\/wp-json\/wp\/v2\/posts\/47142","targetHints":{"allow":["GET"]}}],"collection":[{"href":"https:\/\/blogopara.com.br\/index.php\/wp-json\/wp\/v2\/posts"}],"about":[{"href":"https:\/\/blogopara.com.br\/index.php\/wp-json\/wp\/v2\/types\/post"}],"author":[{"embeddable":true,"href":"https:\/\/blogopara.com.br\/index.php\/wp-json\/wp\/v2\/users\/1"}],"replies":[{"embeddable":true,"href":"https:\/\/blogopara.com.br\/index.php\/wp-json\/wp\/v2\/comments?post=47142"}],"version-history":[{"count":2,"href":"https:\/\/blogopara.com.br\/index.php\/wp-json\/wp\/v2\/posts\/47142\/revisions"}],"predecessor-version":[{"id":47220,"href":"https:\/\/blogopara.com.br\/index.php\/wp-json\/wp\/v2\/posts\/47142\/revisions\/47220"}],"wp:featuredmedia":[{"embeddable":true,"href":"https:\/\/blogopara.com.br\/index.php\/wp-json\/wp\/v2\/media\/47143"}],"wp:attachment":[{"href":"https:\/\/blogopara.com.br\/index.php\/wp-json\/wp\/v2\/media?parent=47142"}],"wp:term":[{"taxonomy":"category","embeddable":true,"href":"https:\/\/blogopara.com.br\/index.php\/wp-json\/wp\/v2\/categories?post=47142"},{"taxonomy":"post_tag","embeddable":true,"href":"https:\/\/blogopara.com.br\/index.php\/wp-json\/wp\/v2\/tags?post=47142"}],"curies":[{"name":"wp","href":"https:\/\/api.w.org\/{rel}","templated":true}]}}