{"id":4723,"date":"2019-11-13T09:17:23","date_gmt":"2019-11-13T11:17:23","guid":{"rendered":"http:\/\/blogopara.com.br\/?p=4723"},"modified":"2019-11-13T09:17:25","modified_gmt":"2019-11-13T11:17:25","slug":"comandante-geral-participa-de-mesa-de-autoridades-em-abertura-do-xix-senabom","status":"publish","type":"post","link":"https:\/\/blogopara.com.br\/index.php\/2019\/11\/13\/comandante-geral-participa-de-mesa-de-autoridades-em-abertura-do-xix-senabom","title":{"rendered":"Comandante-geral participa de mesa de autoridades em abertura do XIX SENABOM"},"content":{"rendered":"<p style=\"text-align: justify;\">Oficiais e pra\u00e7as do Corpo de Bombeiros Militar da Bahia (CBMBA), participam at\u00e9 o pr\u00f3ximo dia 14, do XIX Semin\u00e1rio Nacional de Bombeiros (Senabom). Sediado em S\u00e3o Luis, o evento, que \u00e9 considerado o maior encontro de bombeiros da Am\u00e9rica Latina, re\u00fane uma programa\u00e7\u00e3o t\u00e9cnica, palestras, apresenta\u00e7\u00e3o de trabalhos cient\u00edficos e discuss\u00f5es sobre opera\u00e7\u00f5es de resgate.<\/p>\n<p style=\"text-align: justify;\">Presidindo a mesa de autoridades na abertura, o presidente do Conselho Nacional dos Corpos de Bombeiros Militares do Brasil<br \/>\n(Ligabom) e comandante-geral do CBMBA, coronel BM Francisco Telles falou da import\u00e2ncia do evento no cen\u00e1rio bombeiro-militar.. &#8220;\u00c9 importante esse compartilhamento de experi\u00eancias com a finalidade de, cada vez mais, aprimorarmos os servi\u00e7os das institui\u00e7\u00f5es em todo o pa\u00eds, primando sempre pelo melhor atendimento \u00e0 popula\u00e7\u00e3o&#8221;, ressaltou ele.<\/p>\n<p style=\"text-align: justify;\">Concomitantemente , acontece tamb\u00e9m a Feira Internacional de Preven\u00e7\u00e3o de Inc\u00eandios e Emerg\u00eancias (Fipe), com a exposi\u00e7\u00e3o de viaturas, equipamentos de prote\u00e7\u00e3o individual (EPI), trajes para combate a inc\u00eandio e o que h\u00e1 de mais moderno para o trabalho desenvolvido pelos bombeiros no mundo.<\/p>\n<p style=\"text-align: justify;\">Participam do evento, cerca de 4 mil profissionais da seguran\u00e7a p\u00fablica entre bombeiros e policiais militares e representantes de outros pa\u00edses.<\/p>\n<pre>Ascom CBMBA<\/pre>\n","protected":false},"excerpt":{"rendered":"<p>Oficiais e pra\u00e7as do Corpo de Bombeiros Militar da Bahia (CBMBA), participam at\u00e9 o pr\u00f3ximo dia 14, do XIX Semin\u00e1rio Nacional de Bombeiros (Senabom). Sediado em S\u00e3o Luis, o evento, que \u00e9 considerado o maior encontro de bombeiros da Am\u00e9rica Latina, re\u00fane uma programa\u00e7\u00e3o t\u00e9cnica, palestras, apresenta\u00e7\u00e3o de trabalhos cient\u00edficos e discuss\u00f5es sobre opera\u00e7\u00f5es de [&hellip;]<\/p>\n","protected":false},"author":1,"featured_media":4724,"comment_status":"open","ping_status":"open","sticky":false,"template":"","format":"standard","meta":{"_uag_custom_page_level_css":"","_monsterinsights_skip_tracking":false,"_monsterinsights_sitenote_active":false,"_monsterinsights_sitenote_note":"","_monsterinsights_sitenote_category":0,"jetpack_post_was_ever_published":false,"_jetpack_newsletter_access":"","_jetpack_dont_email_post_to_subs":false,"_jetpack_newsletter_tier_id":0,"_jetpack_memberships_contains_paywalled_content":false,"_jetpack_memberships_contains_paid_content":false,"footnotes":"","jetpack_publicize_message":"","jetpack_publicize_feature_enabled":true,"jetpack_social_post_already_shared":true,"jetpack_social_options":{"image_generator_settings":{"template":"highway","default_image_id":0,"font":"","enabled":false},"version":2}},"categories":[203],"tags":[196,48,1190],"class_list":["post-4723","post","type-post","status-publish","format-standard","has-post-thumbnail","hentry","category-juazeiro","tag-cbmba","tag-seminario","tag-senabom"],"jetpack_publicize_connections":[],"jetpack_featured_media_url":"https:\/\/blogopara.com.br\/wp-content\/uploads\/2019\/11\/4A392FCA-D8F6-4285-96D6-2884F8EBFB55.jpeg","uagb_featured_image_src":{"full":["https:\/\/blogopara.com.br\/wp-content\/uploads\/2019\/11\/4A392FCA-D8F6-4285-96D6-2884F8EBFB55.jpeg",480,640,false],"thumbnail":["https:\/\/blogopara.com.br\/wp-content\/uploads\/2019\/11\/4A392FCA-D8F6-4285-96D6-2884F8EBFB55-150x150.jpeg",150,150,true],"medium":["https:\/\/blogopara.com.br\/wp-content\/uploads\/2019\/11\/4A392FCA-D8F6-4285-96D6-2884F8EBFB55-225x300.jpeg",225,300,true],"medium_large":["https:\/\/blogopara.com.br\/wp-content\/uploads\/2019\/11\/4A392FCA-D8F6-4285-96D6-2884F8EBFB55.jpeg",480,640,false],"large":["https:\/\/blogopara.com.br\/wp-content\/uploads\/2019\/11\/4A392FCA-D8F6-4285-96D6-2884F8EBFB55.jpeg",480,640,false],"1536x1536":["https:\/\/blogopara.com.br\/wp-content\/uploads\/2019\/11\/4A392FCA-D8F6-4285-96D6-2884F8EBFB55.jpeg",480,640,false],"2048x2048":["https:\/\/blogopara.com.br\/wp-content\/uploads\/2019\/11\/4A392FCA-D8F6-4285-96D6-2884F8EBFB55.jpeg",480,640,false],"mantranews-slider-large":["https:\/\/blogopara.com.br\/wp-content\/uploads\/2019\/11\/4A392FCA-D8F6-4285-96D6-2884F8EBFB55.jpeg",480,640,false],"mantranews-featured-medium":["https:\/\/blogopara.com.br\/wp-content\/uploads\/2019\/11\/4A392FCA-D8F6-4285-96D6-2884F8EBFB55.jpeg",230,307,false],"mantranews-featured-long":["https:\/\/blogopara.com.br\/wp-content\/uploads\/2019\/11\/4A392FCA-D8F6-4285-96D6-2884F8EBFB55.jpeg",300,400,false],"mantranews-block-medium":["https:\/\/blogopara.com.br\/wp-content\/uploads\/2019\/11\/4A392FCA-D8F6-4285-96D6-2884F8EBFB55.jpeg",218,290,false],"mantranews-carousel-image":["https:\/\/blogopara.com.br\/wp-content\/uploads\/2019\/11\/4A392FCA-D8F6-4285-96D6-2884F8EBFB55.jpeg",375,500,false],"mantranews-block-thumb":["https:\/\/blogopara.com.br\/wp-content\/uploads\/2019\/11\/4A392FCA-D8F6-4285-96D6-2884F8EBFB55.jpeg",173,230,false],"mantranews-single-large":["https:\/\/blogopara.com.br\/wp-content\/uploads\/2019\/11\/4A392FCA-D8F6-4285-96D6-2884F8EBFB55.jpeg",480,640,false]},"uagb_author_info":{"display_name":"Reda\u00e7\u00e3o geral","author_link":"https:\/\/blogopara.com.br\/index.php\/author\/blogopara"},"uagb_comment_info":0,"uagb_excerpt":"Oficiais e pra\u00e7as do Corpo de Bombeiros Militar da Bahia (CBMBA), participam at\u00e9 o pr\u00f3ximo dia 14, do XIX Semin\u00e1rio Nacional de Bombeiros (Senabom). Sediado em S\u00e3o Luis, o evento, que \u00e9 considerado o maior encontro de bombeiros da Am\u00e9rica Latina, re\u00fane uma programa\u00e7\u00e3o t\u00e9cnica, palestras, apresenta\u00e7\u00e3o de trabalhos cient\u00edficos e discuss\u00f5es sobre opera\u00e7\u00f5es de&hellip;","jetpack_sharing_enabled":true,"jetpack_likes_enabled":true,"_links":{"self":[{"href":"https:\/\/blogopara.com.br\/index.php\/wp-json\/wp\/v2\/posts\/4723","targetHints":{"allow":["GET"]}}],"collection":[{"href":"https:\/\/blogopara.com.br\/index.php\/wp-json\/wp\/v2\/posts"}],"about":[{"href":"https:\/\/blogopara.com.br\/index.php\/wp-json\/wp\/v2\/types\/post"}],"author":[{"embeddable":true,"href":"https:\/\/blogopara.com.br\/index.php\/wp-json\/wp\/v2\/users\/1"}],"replies":[{"embeddable":true,"href":"https:\/\/blogopara.com.br\/index.php\/wp-json\/wp\/v2\/comments?post=4723"}],"version-history":[{"count":1,"href":"https:\/\/blogopara.com.br\/index.php\/wp-json\/wp\/v2\/posts\/4723\/revisions"}],"predecessor-version":[{"id":4725,"href":"https:\/\/blogopara.com.br\/index.php\/wp-json\/wp\/v2\/posts\/4723\/revisions\/4725"}],"wp:featuredmedia":[{"embeddable":true,"href":"https:\/\/blogopara.com.br\/index.php\/wp-json\/wp\/v2\/media\/4724"}],"wp:attachment":[{"href":"https:\/\/blogopara.com.br\/index.php\/wp-json\/wp\/v2\/media?parent=4723"}],"wp:term":[{"taxonomy":"category","embeddable":true,"href":"https:\/\/blogopara.com.br\/index.php\/wp-json\/wp\/v2\/categories?post=4723"},{"taxonomy":"post_tag","embeddable":true,"href":"https:\/\/blogopara.com.br\/index.php\/wp-json\/wp\/v2\/tags?post=4723"}],"curies":[{"name":"wp","href":"https:\/\/api.w.org\/{rel}","templated":true}]}}