{"id":47298,"date":"2022-12-16T08:04:00","date_gmt":"2022-12-16T11:04:00","guid":{"rendered":"https:\/\/blogopara.com.br\/?p=47298"},"modified":"2022-12-15T12:10:17","modified_gmt":"2022-12-15T15:10:17","slug":"camara-aprova-lei-organica-das-policias-militares-e-dos-bombeiros-texto-vai-ao-senado","status":"publish","type":"post","link":"https:\/\/blogopara.com.br\/index.php\/2022\/12\/16\/camara-aprova-lei-organica-das-policias-militares-e-dos-bombeiros-texto-vai-ao-senado","title":{"rendered":"C\u00e2mara aprova Lei Org\u00e2nica das pol\u00edcias militares e dos bombeiros; texto vai ao Senado"},"content":{"rendered":"<article>\n<div id=\"chunk-5punv\">\n<div class=\"mc-column content-text active-extra-styles active-capital-letter\" data-block-type=\"unstyled\" data-block-weight=\"40\" data-block-id=\"2\">\n<p class=\"content-text__container theme-color-primary-first-letter\" style=\"text-align: justify;\" data-track-category=\"Link no Texto\" data-track-links=\"\">A C\u00e2mara dos Deputados aprovou nesta ter\u00e7a-feira (13) um projeto de lei que cria a chamada Lei Org\u00e2nica das Pol\u00edcias e dos Bombeiros, com normas sobre organiza\u00e7\u00e3o, prerrogativas e proibi\u00e7\u00f5es para as categorias. O texto segue para o Senado.<\/p>\n<\/div>\n<\/div>\n<div class=\"wall protected-content\" style=\"text-align: justify;\">\n<div id=\"chunk-5d97s\">\n<div class=\"mc-column content-text active-extra-styles \" data-block-type=\"unstyled\" data-block-weight=\"23\" data-block-id=\"3\">\n<p class=\"content-text__container \" data-track-category=\"Link no Texto\" data-track-links=\"\"><strong><span class=\"highlight highlighted\">Os deputados retiraram os pontos mais pol\u00eamicos da proposta, que davam autonomia \u00e0s PMs para tomarem decis\u00f5es sem o aval dos governadores.<\/span><\/strong><\/p>\n<\/div>\n<\/div>\n<div id=\"chunk-t3k\">\n<div class=\"mc-column content-text active-extra-styles \" data-block-type=\"unstyled\" data-block-weight=\"22\" data-block-id=\"4\">\n<p class=\"content-text__container \" data-track-category=\"Link no Texto\" data-track-links=\"\">Com isso, houve consenso at\u00e9 com os partidos de oposi\u00e7\u00e3o ao governo Jair Bolsonaro (PL) \u2013 que, antes, eram contr\u00e1rios ao projeto.<\/p>\n<\/div>\n<\/div>\n<div id=\"chunk-ebo85\">\n<div class=\"mc-column content-text active-extra-styles \" data-block-type=\"unstyled\" data-block-weight=\"27\" data-block-id=\"5\">\n<p class=\"content-text__container \" data-track-category=\"Link no Texto\" data-track-links=\"\">Na avalia\u00e7\u00e3o de parlamentares que participaram da articula\u00e7\u00e3o,\u00a0<strong>o projeto n\u00e3o avan\u00e7ou em propostas bolsonaristas, o que demonstra uma\u00a0<\/strong><strong><span class=\"highlight highlighted\">derrota da ala mais radical do atual governo<\/span><\/strong>.<\/p>\n<\/div>\n<\/div>\n<div id=\"chunk-1q9qa\">\n<div class=\"mc-column content-text active-extra-styles \" data-block-type=\"unstyled\" data-block-weight=\"29\" data-block-id=\"6\">\n<p class=\"content-text__container \" data-track-category=\"Link no Texto\" data-track-links=\"\">Inicialmente, deputados bolsonaristas queriam criar uma estrutura hier\u00e1rquica de generais, com tenentes-generais, major-generais e brigadeiros-generais. Esses dispositivos, bastante criticados por especialistas e opositores ao atual governo, tamb\u00e9m foram retirados.<\/p>\n<\/div>\n<\/div>\n<div class=\"mc-column content-text active-extra-styles\" data-block-type=\"raw\" data-block-weight=\"5\" data-block-id=\"7\">\n<div class=\"content-intertitle\">\n<h2>Militares armados em eventos pol\u00edticos<\/h2>\n<\/div>\n<p><span style=\"font-size: revert; color: initial;\">Durante a vota\u00e7\u00e3o da mat\u00e9ria, os deputados alteraram o texto para permitir que os militares em atividade compare\u00e7am armados a eventos pol\u00edtico-partid\u00e1rios.<\/span><\/p>\n<\/div>\n<div id=\"chunk-21d5l\">\n<div class=\"mc-column content-text active-extra-styles \" data-block-type=\"unstyled\" data-block-weight=\"35\" data-block-id=\"9\">\n<p class=\"content-text__container \" data-track-category=\"Link no Texto\" data-track-links=\"\">A vers\u00e3o do texto que ser\u00e1 analisada pelos senadores prev\u00ea proibi\u00e7\u00e3o apenas nas situa\u00e7\u00f5es em que o militar esteja fardado. O projeto original proibia o porte de armas nesses eventos, independentemente do traje do militar.<\/p>\n<\/div>\n<\/div>\n<div id=\"chunk-3maj5\">\n<div class=\"mc-column content-text active-extra-styles \" data-block-type=\"unstyled\" data-block-weight=\"28\" data-block-id=\"11\">\n<p class=\"content-text__container \" data-track-category=\"Link no Texto\" data-track-links=\"\">A proposta vem sendo discutida desde 2001 pelos deputados. No ano passado, a C\u00e2mara decidiu acelerar a vota\u00e7\u00e3o e colocou o texto para tramitar em regime de urg\u00eancia.<\/p>\n<\/div>\n<\/div>\n<div class=\"mc-column content-text active-extra-styles\" data-block-type=\"raw\" data-block-weight=\"5\" data-block-id=\"12\">\n<div class=\"content-intertitle\">\n<h2>Sem autonomia para as PMs<\/h2>\n<\/div>\n<\/div>\n<div id=\"chunk-eo7bn\">\n<div class=\"mc-column content-text active-extra-styles \" data-block-type=\"unstyled\" data-block-weight=\"27\" data-block-id=\"13\">\n<p class=\"content-text__container \" data-track-category=\"Link no Texto\" data-track-links=\"\">Ap\u00f3s muita articula\u00e7\u00e3o, a proposta foi aprovada com orienta\u00e7\u00e3o favor\u00e1vel inclusive de partidos da oposi\u00e7\u00e3o, como PT, PCdoB e PSOL, que inicialmente eram contr\u00e1rios \u00e0 mat\u00e9ria.<\/p>\n<\/div>\n<\/div>\n<div id=\"chunk-8o4ck\">\n<div class=\"mc-column content-text active-extra-styles \" data-block-type=\"unstyled\" data-block-weight=\"23\" data-block-id=\"14\">\n<p class=\"content-text__container \" data-track-category=\"Link no Texto\" data-track-links=\"\">A mat\u00e9ria foi aprovada de forma simb\u00f3lica, sem contagem voto a voto \u2013 m\u00e9todo usado apenas quando h\u00e1 consenso sobre o texto.<\/p>\n<\/div>\n<\/div>\n<div id=\"chunk-a7835\">\n<div class=\"mc-column content-text active-extra-styles \" data-block-type=\"unstyled\" data-block-weight=\"22\" data-block-id=\"15\">\n<p class=\"content-text__container \" data-track-category=\"Link no Texto\" data-track-links=\"\">Alguns pontos retirados diziam respeito \u00e0s compet\u00eancias das pol\u00edcias e dos bombeiros e, tamb\u00e9m, sobre registro de armas para policiais militares.<\/p>\n<\/div>\n<\/div>\n<div id=\"chunk-9rlem\">\n<div class=\"mc-column content-text active-extra-styles \" data-block-type=\"unstyled\" data-block-weight=\"42\" data-block-id=\"16\">\n<p class=\"content-text__container \" data-track-category=\"Link no Texto\" data-track-links=\"\">No ano passado, o relator da mat\u00e9ria, deputado Capit\u00e3o Augusto (PL-SP), havia divulgado um parecer preliminar com dispositivos que foram duramente criticados por especialistas de seguran\u00e7a p\u00fablica. Entre eles,\u00a0<a href=\"https:\/\/g1.globo.com\/jornal-nacional\/noticia\/2021\/12\/09\/projeto-em-discussao-na-camara-tira-dos-governadores-autonomia-para-escolher-comandantes-da-pm-e-dos-bombeiros.ghtml\">trechos que conferiam certa autonomia aos policiais militares em rela\u00e7\u00e3o aos governadores como<\/a>:<\/p>\n<\/div>\n<\/div>\n<div class=\"mc-column content-text active-extra-styles\" data-block-type=\"raw\" data-block-weight=\"21\" data-block-id=\"17\">\n<ul class=\"content-unordered-list\">\n<li>mandato de dois anos para os comandantes-gerais;<\/li>\n<li>nomea\u00e7\u00e3o de lista tr\u00edplice elaborada pelos oficiais; e<\/li>\n<li>restri\u00e7\u00f5es para exonera\u00e7\u00f5es antes do prazo.<\/li>\n<\/ul>\n<\/div>\n<div id=\"chunk-7noea\">\n<div class=\"mc-column content-text active-extra-styles \" data-block-type=\"unstyled\" data-block-weight=\"10\" data-block-id=\"18\">\n<p class=\"content-text__container \" data-track-category=\"Link no Texto\" data-track-links=\"\">Ap\u00f3s cr\u00edticas, os trechos foram retirados por Capit\u00e3o Augusto.<\/p>\n<\/div>\n<\/div>\n<div id=\"chunk-c2vv0\">\n<div class=\"mc-column content-text active-extra-styles \" data-block-type=\"unstyled\" data-block-weight=\"37\" data-block-id=\"19\">\n<p class=\"content-text__container \" data-track-category=\"Link no Texto\" data-track-links=\"\">Para justificar a aprova\u00e7\u00e3o do texto, o relator afirma que atualmente h\u00e1 um v\u00e1cuo na legisla\u00e7\u00e3o e que a norma que trata do tema \u00e9 de 1969, ou seja, quase 20 anos antes da promulga\u00e7\u00e3o da Constitui\u00e7\u00e3o.<\/p>\n<\/div>\n<\/div>\n<div id=\"chunk-5qf6n\">\n<div class=\"mc-column content-text active-extra-styles \" data-block-type=\"unstyled\" data-block-weight=\"34\" data-block-id=\"21\">\n<p class=\"content-text__container \" data-track-category=\"Link no Texto\" data-track-links=\"\">Isabel Figueiredo, pesquisadora e consultora do F\u00f3rum Brasileiro de Seguran\u00e7a P\u00fablica (FBSP), concorda que \u00e9 preciso uma lei org\u00e2nica para atualizar a norma hoje vigente, que foi estabelecida na \u00e9poca da ditadura militar.<\/p>\n<\/div>\n<\/div>\n<div id=\"chunk-a9hac\">\n<div class=\"mc-column content-text active-extra-styles \" data-block-type=\"unstyled\" data-block-weight=\"38\" data-block-id=\"22\">\n<p class=\"content-text__container \" data-track-category=\"Link no Texto\" data-track-links=\"\">Por isso, o F\u00f3rum Brasileiro de Seguran\u00e7a P\u00fablica chegou a encaminhar ao governo de transi\u00e7\u00e3o um anteprojeto com sugest\u00f5es para trabalhar de forma org\u00e2nica todas as pol\u00edcias e focar na atualiza\u00e7\u00e3o e profissionaliza\u00e7\u00e3o das for\u00e7as de seguran\u00e7a.<\/p>\n<\/div>\n<\/div>\n<div id=\"chunk-akrjq\">\n<div class=\"mc-column content-text active-extra-styles \" data-block-type=\"unstyled\" data-block-weight=\"37\" data-block-id=\"23\">\n<p class=\"content-text__container \" data-track-category=\"Link no Texto\" data-track-links=\"\">Figueiredo, contudo, critica o projeto em vota\u00e7\u00e3o na C\u00e2mara, diz que ele foi constru\u00eddo \u201ca portas fechadas&#8221; e que as institui\u00e7\u00f5es especializadas em seguran\u00e7a p\u00fablica s\u00f3 foram procuradas depois que o texto j\u00e1 tinha sido elaborado.<\/p>\n<\/div>\n<\/div>\n<div id=\"chunk-acj2v\">\n<div class=\"mc-column content-text active-extra-styles \" data-block-type=\"unstyled\" data-block-weight=\"50\" data-block-id=\"24\">\n<p class=\"content-text__container \" data-track-category=\"Link no Texto\" data-track-links=\"\">\u201cA quem interessa esse projeto? Essa \u00e9 a grande pergunta. Me parece que \u00e9 um projeto que interessa apenas aos oficiais das policiais militares, n\u00e3o me parece nem que agrada aos pra\u00e7as. N\u00e3o vejo elementos sobre melhoria de gest\u00e3o, de benef\u00edcios \u00e0 sociedade, de redu\u00e7\u00e3o de custos\u201d, disse.<\/p>\n<\/div>\n<\/div>\n<div class=\"mc-column content-text active-extra-styles\" data-block-type=\"raw\" data-block-weight=\"5\" data-block-id=\"25\">\n<div class=\"content-intertitle\">\n<h2>Bacharelado em direito para chefes<\/h2>\n<\/div>\n<\/div>\n<div id=\"chunk-b66k3\">\n<div class=\"mc-column content-text active-extra-styles \" data-block-type=\"unstyled\" data-block-weight=\"32\" data-block-id=\"26\">\n<p class=\"content-text__container \" data-track-category=\"Link no Texto\" data-track-links=\"\">A proposta tamb\u00e9m exige que os policiais que assumirem fun\u00e7\u00f5es de comando, chefia, dire\u00e7\u00e3o e administra\u00e7\u00e3o superior na institui\u00e7\u00e3o (chamados de &#8220;Quadro de Oficiais de Estado Maior&#8221;) tenham bacharelado em direito.<\/p>\n<\/div>\n<\/div>\n<div id=\"chunk-1dki9\">\n<div class=\"mc-column content-text active-extra-styles \" data-block-type=\"unstyled\" data-block-weight=\"20\" data-block-id=\"27\">\n<p class=\"content-text__container \" data-track-category=\"Link no Texto\" data-track-links=\"\">No caso dos bombeiros, tamb\u00e9m \u00e9 exigida alguma gradua\u00e7\u00e3o, mas os estados podem definir outras \u00e1reas al\u00e9m do direito.<\/p>\n<\/div>\n<\/div>\n<div id=\"chunk-2eimb\">\n<div class=\"mc-column content-text active-extra-styles \" data-block-type=\"unstyled\" data-block-weight=\"37\" data-block-id=\"29\">\n<p class=\"content-text__container \" data-track-category=\"Link no Texto\" data-track-links=\"\">Na avalia\u00e7\u00e3o do F\u00f3rum Brasileiro de Seguran\u00e7a P\u00fablica (FBSP), a medida reduz a diversidade dos quadros da corpora\u00e7\u00e3o e \u201ctende a enfraquecer seus processos de gest\u00e3o, uma vez que n\u00e3o contar\u00e3o mais com administradores, engenheiros e economistas&#8221;.<\/p>\n<\/div>\n<\/div>\n<div class=\"mc-column content-text active-extra-styles\" data-block-type=\"raw\" data-block-weight=\"4\" data-block-id=\"30\">\n<div class=\"content-intertitle\">\n<h2>Redes sociais e manifesta\u00e7\u00f5es<\/h2>\n<\/div>\n<p><span style=\"font-size: revert; color: initial;\">A proposta coloca na lei a proibi\u00e7\u00e3o para que os militares participem, ainda que no hor\u00e1rio de folga, de manifesta\u00e7\u00f5es pol\u00edtico-partid\u00e1rias ou reivindicat\u00f3rias.<\/span><\/p>\n<\/div>\n<div id=\"chunk-dfv72\">\n<div class=\"mc-column content-text active-extra-styles \" data-block-type=\"unstyled\" data-block-weight=\"24\" data-block-id=\"32\">\n<p class=\"content-text__container \" data-track-category=\"Link no Texto\" data-track-links=\"\">Al\u00e9m disso, o texto veda a divulga\u00e7\u00e3o de opini\u00e3o pol\u00edtico-partid\u00e1ria, publicamente ou pelas redes sociais, utilizando farda, patente, gradua\u00e7\u00e3o ou s\u00edmbolo da institui\u00e7\u00e3o.<\/p>\n<\/div>\n<\/div>\n<div id=\"chunk-1uhtn\">\n<div class=\"mc-column content-text active-extra-styles \" data-block-type=\"unstyled\" data-block-weight=\"39\" data-block-id=\"33\">\n<p class=\"content-text__container \" data-track-category=\"Link no Texto\" data-track-links=\"\">A regra j\u00e1 \u00e9 prevista em portarias e regulamentos em alguns estados, mas o relat\u00f3rio coloca a medida como regra geral. Para Isabel Figueiredo, as for\u00e7as policiais t\u00eam se deparado com a politiza\u00e7\u00e3o das institui\u00e7\u00f5es e dos membros.<\/p>\n<\/div>\n<\/div>\n<div id=\"chunk-6kd7u\">\n<div class=\"mc-column content-text active-extra-styles \" data-block-type=\"unstyled\" data-block-weight=\"27\" data-block-id=\"34\">\n<p class=\"content-text__container \" data-track-category=\"Link no Texto\" data-track-links=\"\">&#8220;Ent\u00e3o voc\u00ea tem v\u00e1cuos normativos em rela\u00e7\u00e3o a isso. O comandante faz uma orienta\u00e7\u00e3o no sentido de que n\u00e3o pode, mas voc\u00ea n\u00e3o consegue punir\u201d, diz.<\/p>\n<\/div>\n<\/div>\n<div id=\"chunk-3gbk8\">\n<div class=\"mc-column content-text active-extra-styles \" data-block-type=\"unstyled\" data-block-weight=\"33\" data-block-id=\"35\">\n<p class=\"content-text__container \" data-track-category=\"Link no Texto\" data-track-links=\"\">Ainda de acordo com a proposta, o militar em atividade n\u00e3o poder\u00e1 estar filiado a partido pol\u00edtico e sindicato, nem comparecer fardado em eventos pol\u00edticos partid\u00e1rios, salvo se em ato de servi\u00e7o.<\/p>\n<\/div>\n<\/div>\n<div class=\"mc-column content-text active-extra-styles\" data-block-type=\"raw\" data-block-weight=\"3\" data-block-id=\"36\">\n<div class=\"content-intertitle\">\n<h2>Cargo de general<\/h2>\n<\/div>\n<\/div>\n<div id=\"chunk-ca1vv\">\n<div class=\"mc-column content-text active-extra-styles \" data-block-type=\"unstyled\" data-block-weight=\"39\" data-block-id=\"37\">\n<p class=\"content-text__container \" data-track-category=\"Link no Texto\" data-track-links=\"\">Um dos pontos inclu\u00eddos na proposta aprovada \u00e9 a previs\u00e3o de que o cargo de inspetor-geral das Pol\u00edcias Militares e dos Corpos de Bombeiros seja exercido por um oficial general da ativa, seguindo as mesmas regras do Ex\u00e9rcito Brasileiro.<\/p>\n<\/div>\n<\/div>\n<div id=\"chunk-c87bt\">\n<div class=\"mc-column content-text active-extra-styles \" data-block-type=\"unstyled\" data-block-weight=\"33\" data-block-id=\"39\">\n<p class=\"content-text__container \" data-track-category=\"Link no Texto\" data-track-links=\"\">Ainda de acordo com a proposta, o coronel nomeado para o cargo de Comandante-Geral, enquanto permanecer no cargo, ter\u00e1, para fins de preced\u00eancia e sinais de respeito, as prerrogativas de general de brigada.<\/p>\n<\/div>\n<\/div>\n<div id=\"chunk-6j6mv\">\n<div class=\"mc-column content-text active-extra-styles \" data-block-type=\"unstyled\" data-block-weight=\"25\" data-block-id=\"40\">\n<p class=\"content-text__container \" data-track-category=\"Link no Texto\" data-track-links=\"\">A cria\u00e7\u00e3o do cargo de general divide opini\u00f5es e em geral \u00e9 criticada dentro das For\u00e7as Armadas, que hoje t\u00eam a exclusividade sobre esta patente.<\/p>\n<\/div>\n<\/div>\n<div id=\"chunk-cap7g\">\n<div class=\"mc-column content-text active-extra-styles \" data-block-type=\"unstyled\" data-block-weight=\"49\" data-block-id=\"41\">\n<p class=\"content-text__container \" data-track-category=\"Link no Texto\" data-track-links=\"\">Em 2019, por exemplo, a Advocacia Geral da Uni\u00e3o (AGU) chegou a entrar com uma a\u00e7\u00e3o na Justi\u00e7a Federal para\u00a0<a href=\"https:\/\/g1.globo.com\/rj\/rio-de-janeiro\/noticia\/2019\/08\/07\/agu-entra-na-justica-para-suspender-decreto-de-witzel-que-criou-cargo-de-general-da-pm.ghtml\">suspender o decreto do ent\u00e3o governador do Rio de Janeiro Wilson Witzel que criava o cargo de general na Pol\u00edcia Militar e no Corpo de Bombeiros do estado<\/a>.<\/p>\n<\/div>\n<\/div>\n<div id=\"chunk-cclcd\">\n<div class=\"mc-column content-text active-extra-styles \" data-block-type=\"unstyled\" data-block-weight=\"29\" data-block-id=\"42\">\n<p class=\"content-text__container \" data-track-category=\"Link no Texto\" data-track-links=\"\">Para Figueiredo, essa mudan\u00e7a parece um recado de que as pol\u00edcias \u201ccontinuam mirando nas For\u00e7as Armadas ao inv\u00e9s de focar na fun\u00e7\u00e3o delas, que \u00e9 uma fun\u00e7\u00e3o eminentemente civil\u201d.<\/p>\n<\/div>\n<\/div>\n<div id=\"chunk-co7id\">\n<div class=\"mc-column content-text active-extra-styles \" data-block-type=\"unstyled\" data-block-weight=\"44\" data-block-id=\"43\">\n<p class=\"content-text__container \" data-track-category=\"Link no Texto\" data-track-links=\"\">&#8220;Para que serve criar posto de general? Se for somente para ter gente l\u00e1 com mais poder, mas com peso, isso n\u00e3o faz sentido. \u00c9 preciso pensar que medida essa estrutura se reverte em melhor servi\u00e7o \u00e0 sociedade, numa profissionaliza\u00e7\u00e3o das pol\u00edcias\u201d, disse.<\/p>\n<\/div>\n<\/div>\n<div class=\"mc-column content-text active-extra-styles\" data-block-type=\"raw\" data-block-weight=\"4\" data-block-id=\"44\">\n<div class=\"content-intertitle\">\n<h2>Outros pontos da proposta<\/h2>\n<\/div>\n<\/div>\n<div class=\"mc-column content-text active-extra-styles\" data-block-type=\"raw\" data-block-weight=\"2\" data-block-id=\"45\">\n<ul class=\"content-unordered-list\">\n<li><strong>Militares eleitos<\/strong><\/li>\n<\/ul>\n<\/div>\n<div id=\"chunk-f4m1q\">\n<div class=\"mc-column content-text active-extra-styles \" data-block-type=\"unstyled\" data-block-weight=\"44\" data-block-id=\"46\">\n<p class=\"content-text__container \" data-track-category=\"Link no Texto\" data-track-links=\"\">A proposta tamb\u00e9m estabelece regras para o militar que se candidatar a um cargo eleg\u00edvel. No caso de menos de 10 anos de servi\u00e7o, o militar candidato ser\u00e1 afastado do servi\u00e7o ativo no dia seguinte ao registro de sua candidatura na Justi\u00e7a Eleitoral.<\/p>\n<\/div>\n<\/div>\n<div id=\"chunk-a06hf\">\n<div class=\"mc-column content-text active-extra-styles \" data-block-type=\"unstyled\" data-block-weight=\"31\" data-block-id=\"48\">\n<p class=\"content-text__container \" data-track-category=\"Link no Texto\" data-track-links=\"\">J\u00e1 o militar com mais de 10 anos de servi\u00e7o passa para a reserva remunerada apenas se eleito, no dia da sua diploma\u00e7\u00e3o, com remunera\u00e7\u00e3o proporcional ao tempo de servi\u00e7o.<\/p>\n<\/div>\n<\/div>\n<div id=\"chunk-6hljo\">\n<div class=\"mc-column content-text active-extra-styles \" data-block-type=\"unstyled\" data-block-weight=\"28\" data-block-id=\"49\">\n<p class=\"content-text__container \" data-track-category=\"Link no Texto\" data-track-links=\"\">Ainda segundo o texto, o militar que tomar posse como suplente deve ser agregado no quadro enquanto durar o mandato tempor\u00e1rio e deve escolher por uma das remunera\u00e7\u00f5es.<\/p>\n<\/div>\n<\/div>\n<div class=\"mc-column content-text active-extra-styles\" data-block-type=\"raw\" data-block-weight=\"3\" data-block-id=\"50\">\n<ul class=\"content-unordered-list\">\n<li><strong>Vagas para mulheres<\/strong><\/li>\n<\/ul>\n<\/div>\n<div id=\"chunk-3a6hf\">\n<div class=\"mc-column content-text active-extra-styles \" data-block-type=\"unstyled\" data-block-weight=\"18\" data-block-id=\"51\">\n<p class=\"content-text__container \" data-track-category=\"Link no Texto\" data-track-links=\"\">A proposta reserva, no m\u00ednimo, 20% as vagas nos concursos p\u00fablicos para as candidatas do sexo feminino.<\/p>\n<\/div>\n<\/div>\n<div id=\"chunk-aqjvt\">\n<div class=\"mc-column content-text active-extra-styles \" data-block-type=\"unstyled\" data-block-weight=\"51\" data-block-id=\"52\">\n<p class=\"content-text__container \" data-track-category=\"Link no Texto\" data-track-links=\"\">Na avalia\u00e7\u00e3o do FBSP, contudo, a reda\u00e7\u00e3o acaba transformando as vagas em teto e n\u00e3o piso \u2013 o correto, segundo a organiza\u00e7\u00e3o, seria permitir que as mulheres concorressem a todas as vagas, sendo assegurado o preenchimento de, no m\u00ednimo, x% das vagas, al\u00e9m das conquistadas pela lista geral de classifica\u00e7\u00e3o.<\/p>\n<\/div>\n<\/div>\n<div id=\"chunk-tfhv\">\n<div class=\"mc-column content-text active-extra-styles \" data-block-type=\"unstyled\" data-block-weight=\"24\" data-block-id=\"53\">\n<p class=\"content-text__container \" data-track-category=\"Link no Texto\" data-track-links=\"\">Na vagas para \u00e1rea de sa\u00fade, o texto diz que as candidatas do sexo feminino, al\u00e9m do percentual m\u00ednimo, concorrem a totalidade das vagas.<\/p>\n<\/div>\n<\/div>\n<div class=\"mc-column content-text active-extra-styles\" data-block-type=\"raw\" data-block-weight=\"3\" data-block-id=\"54\">\n<ul class=\"content-unordered-list\">\n<li><strong>Pol\u00edcia Judici\u00e1ria Militar<\/strong><\/li>\n<\/ul>\n<\/div>\n<div id=\"chunk-8o791\">\n<div class=\"mc-column content-text active-extra-styles \" data-block-type=\"unstyled\" data-block-weight=\"27\" data-block-id=\"55\">\n<p class=\"content-text__container \" data-track-category=\"Link no Texto\" data-track-links=\"\">Segundo o projeto, a pol\u00edcia judici\u00e1ria militar ir\u00e1 atuar nos crimes militares praticados pelos seus membros, na compet\u00eancia da Justi\u00e7a Militar Estadual e do Distrito Federal.<\/p>\n<\/div>\n<\/div>\n<div id=\"chunk-a0k71\">\n<div class=\"mc-column content-text active-extra-styles \" data-block-type=\"unstyled\" data-block-weight=\"27\" data-block-id=\"56\">\n<p class=\"content-text__container \" data-track-category=\"Link no Texto\" data-track-links=\"\">O \u00f3rg\u00e3o poder\u00e1 nomear militares auxiliares e, na aus\u00eancia de peritos oficiais, nomear peritos ad doc (designadas para a fun\u00e7\u00e3o, apesar de n\u00e3o serem oficialmente peritos).<\/p>\n<\/div>\n<\/div>\n<div id=\"chunk-5k1c2\">\n<div class=\"mc-column content-text active-extra-styles \" data-block-type=\"unstyled\" data-block-weight=\"31\" data-block-id=\"58\">\n<p class=\"content-text__container \" data-track-category=\"Link no Texto\" data-track-links=\"\">A pen\u00faltima vers\u00e3o do relat\u00f3rio previa a nomea\u00e7\u00e3o, por parte da autoridade da pol\u00edcia judici\u00e1ria militar, de militares para atividades de investiga\u00e7\u00e3o e servi\u00e7os auxiliares, al\u00e9m de peritos ad doc.<\/p>\n<\/div>\n<\/div>\n<div class=\"mc-column content-text active-extra-styles\" data-block-type=\"raw\" data-block-weight=\"2\" data-block-id=\"59\">\n<ul class=\"content-unordered-list\">\n<li><strong>Isen\u00e7\u00e3o tribut\u00e1ria<\/strong><\/li>\n<\/ul>\n<\/div>\n<div data-track-category=\"multicontent\" data-track-action=\"ultimo chunk conteudo\" data-track-noninteraction=\"false\" data-track-scroll=\"view\">\n<div id=\"chunk-9oj96\">\n<div class=\"mc-column content-text active-extra-styles \" data-block-type=\"unstyled\" data-block-weight=\"40\" data-block-id=\"60\">\n<p class=\"content-text__container \" data-track-category=\"Link no Texto\" data-track-links=\"\">Segundo a proposta, o material de seguran\u00e7a p\u00fablica das institui\u00e7\u00f5es militares \u2013 como armamentos, muni\u00e7\u00f5es, explosivos, blindagens bal\u00edsticas, equipamentos e muni\u00e7\u00f5es menos letais e produtos controlados de uso restrito \u2013 adquirido no mercado nacional ou internacional ter\u00e3o isen\u00e7\u00e3o tribut\u00e1ria.<\/p>\n<\/div>\n<\/div>\n<\/div>\n<\/div>\n<\/article>\n<div class=\"mc-column entities\" style=\"text-align: justify;\"><\/div>\n<div id=\"newsletterMCWrapper\">\n<div id=\"newsletterComponent\" class=\"mc-column newsletter-component newsletter-component--offering newsletter-component__visible\">\n<div class=\"newsletter-component__image-container\" style=\"text-align: justify;\"><\/div>\n<div class=\"newsletter-component__offer-container\">\n<div class=\"newsletter-component__title-container\" style=\"text-align: justify;\" data-read-aloud-multi-block=\"true\"><\/div>\n<\/div>\n<\/div>\n<\/div>\n","protected":false},"excerpt":{"rendered":"<p>A C\u00e2mara dos Deputados aprovou nesta ter\u00e7a-feira (13) um projeto de lei que cria a chamada Lei Org\u00e2nica das Pol\u00edcias e dos Bombeiros, com normas sobre organiza\u00e7\u00e3o, prerrogativas e proibi\u00e7\u00f5es para as categorias. O texto segue para o Senado. Os deputados retiraram os pontos mais pol\u00eamicos da proposta, que davam autonomia \u00e0s PMs para tomarem [&hellip;]<\/p>\n","protected":false},"author":1,"featured_media":5485,"comment_status":"closed","ping_status":"open","sticky":false,"template":"","format":"standard","meta":{"_uag_custom_page_level_css":"","_monsterinsights_skip_tracking":false,"_monsterinsights_sitenote_active":false,"_monsterinsights_sitenote_note":"","_monsterinsights_sitenote_category":0,"jetpack_post_was_ever_published":false,"_jetpack_newsletter_access":"","_jetpack_dont_email_post_to_subs":false,"_jetpack_newsletter_tier_id":0,"_jetpack_memberships_contains_paywalled_content":false,"_jetpack_memberships_contains_paid_content":false,"footnotes":"","jetpack_publicize_message":"","jetpack_publicize_feature_enabled":true,"jetpack_social_post_already_shared":true,"jetpack_social_options":{"image_generator_settings":{"template":"highway","default_image_id":0,"font":"","enabled":false},"version":2}},"categories":[201,200,202],"tags":[],"class_list":["post-47298","post","type-post","status-publish","format-standard","has-post-thumbnail","hentry","category-bombeiro","category-brasil","category-policia"],"jetpack_publicize_connections":[],"jetpack_featured_media_url":"https:\/\/blogopara.com.br\/wp-content\/uploads\/2019\/12\/pm-e-bombeiros.jpg","uagb_featured_image_src":{"full":["https:\/\/blogopara.com.br\/wp-content\/uploads\/2019\/12\/pm-e-bombeiros.jpg",607,358,false],"thumbnail":["https:\/\/blogopara.com.br\/wp-content\/uploads\/2019\/12\/pm-e-bombeiros-150x150.jpg",150,150,true],"medium":["https:\/\/blogopara.com.br\/wp-content\/uploads\/2019\/12\/pm-e-bombeiros-300x177.jpg",300,177,true],"medium_large":["https:\/\/blogopara.com.br\/wp-content\/uploads\/2019\/12\/pm-e-bombeiros.jpg",607,358,false],"large":["https:\/\/blogopara.com.br\/wp-content\/uploads\/2019\/12\/pm-e-bombeiros.jpg",607,358,false],"1536x1536":["https:\/\/blogopara.com.br\/wp-content\/uploads\/2019\/12\/pm-e-bombeiros.jpg",607,358,false],"2048x2048":["https:\/\/blogopara.com.br\/wp-content\/uploads\/2019\/12\/pm-e-bombeiros.jpg",607,358,false],"mantranews-slider-large":["https:\/\/blogopara.com.br\/wp-content\/uploads\/2019\/12\/pm-e-bombeiros.jpg",607,358,false],"mantranews-featured-medium":["https:\/\/blogopara.com.br\/wp-content\/uploads\/2019\/12\/pm-e-bombeiros.jpg",420,248,false],"mantranews-featured-long":["https:\/\/blogopara.com.br\/wp-content\/uploads\/2019\/12\/pm-e-bombeiros.jpg",300,177,false],"mantranews-block-medium":["https:\/\/blogopara.com.br\/wp-content\/uploads\/2019\/12\/pm-e-bombeiros.jpg",464,274,false],"mantranews-carousel-image":["https:\/\/blogopara.com.br\/wp-content\/uploads\/2019\/12\/pm-e-bombeiros.jpg",600,354,false],"mantranews-block-thumb":["https:\/\/blogopara.com.br\/wp-content\/uploads\/2019\/12\/pm-e-bombeiros.jpg",322,190,false],"mantranews-single-large":["https:\/\/blogopara.com.br\/wp-content\/uploads\/2019\/12\/pm-e-bombeiros.jpg",607,358,false]},"uagb_author_info":{"display_name":"Reda\u00e7\u00e3o geral","author_link":"https:\/\/blogopara.com.br\/index.php\/author\/blogopara"},"uagb_comment_info":0,"uagb_excerpt":"A C\u00e2mara dos Deputados aprovou nesta ter\u00e7a-feira (13) um projeto de lei que cria a chamada Lei Org\u00e2nica das Pol\u00edcias e dos Bombeiros, com normas sobre organiza\u00e7\u00e3o, prerrogativas e proibi\u00e7\u00f5es para as categorias. O texto segue para o Senado. Os deputados retiraram os pontos mais pol\u00eamicos da proposta, que davam autonomia \u00e0s PMs para tomarem&hellip;","jetpack_sharing_enabled":true,"jetpack_likes_enabled":true,"_links":{"self":[{"href":"https:\/\/blogopara.com.br\/index.php\/wp-json\/wp\/v2\/posts\/47298","targetHints":{"allow":["GET"]}}],"collection":[{"href":"https:\/\/blogopara.com.br\/index.php\/wp-json\/wp\/v2\/posts"}],"about":[{"href":"https:\/\/blogopara.com.br\/index.php\/wp-json\/wp\/v2\/types\/post"}],"author":[{"embeddable":true,"href":"https:\/\/blogopara.com.br\/index.php\/wp-json\/wp\/v2\/users\/1"}],"replies":[{"embeddable":true,"href":"https:\/\/blogopara.com.br\/index.php\/wp-json\/wp\/v2\/comments?post=47298"}],"version-history":[{"count":1,"href":"https:\/\/blogopara.com.br\/index.php\/wp-json\/wp\/v2\/posts\/47298\/revisions"}],"predecessor-version":[{"id":47299,"href":"https:\/\/blogopara.com.br\/index.php\/wp-json\/wp\/v2\/posts\/47298\/revisions\/47299"}],"wp:featuredmedia":[{"embeddable":true,"href":"https:\/\/blogopara.com.br\/index.php\/wp-json\/wp\/v2\/media\/5485"}],"wp:attachment":[{"href":"https:\/\/blogopara.com.br\/index.php\/wp-json\/wp\/v2\/media?parent=47298"}],"wp:term":[{"taxonomy":"category","embeddable":true,"href":"https:\/\/blogopara.com.br\/index.php\/wp-json\/wp\/v2\/categories?post=47298"},{"taxonomy":"post_tag","embeddable":true,"href":"https:\/\/blogopara.com.br\/index.php\/wp-json\/wp\/v2\/tags?post=47298"}],"curies":[{"name":"wp","href":"https:\/\/api.w.org\/{rel}","templated":true}]}}