{"id":47323,"date":"2022-12-16T09:50:00","date_gmt":"2022-12-16T12:50:00","guid":{"rendered":"https:\/\/blogopara.com.br\/?p=47323"},"modified":"2022-12-15T18:12:09","modified_gmt":"2022-12-15T21:12:09","slug":"morador-do-bairro-jardim-primavera-reclama-de-qualidade-da-agua-fornecida-pelo-saae-juazeiro","status":"publish","type":"post","link":"https:\/\/blogopara.com.br\/index.php\/2022\/12\/16\/morador-do-bairro-jardim-primavera-reclama-de-qualidade-da-agua-fornecida-pelo-saae-juazeiro","title":{"rendered":"Morador do bairro Jardim Primavera reclama de qualidade da \u00e1gua fornecida pelo SAAE Juazeiro"},"content":{"rendered":"<p style=\"text-align: justify;\">Um morador do Jardim Primavera, em Juazeiro, Norte da Bahia, entrou em contato com a reda\u00e7\u00e3o da RedeGN para denunciar o estado da \u00e1gua que est\u00e1 sendo fornecida \u00e0s resid\u00eancias do bairro.<\/p>\n<p style=\"text-align: justify;\">Em imagens de v\u00eddeo gravadas na tarde de hoje \u00e9 poss\u00edvel perceber a sujeira e inadequa\u00e7\u00e3o da \u00e1gua para consumo. Veja abaixo:<\/p>\n<div style=\"width: 640px;\" class=\"wp-video\"><!--[if lt IE 9]><script>document.createElement('video');<\/script><![endif]-->\n<video class=\"wp-video-shortcode\" id=\"video-47323-1\" width=\"640\" height=\"360\" preload=\"metadata\" controls=\"controls\"><source type=\"video\/mp4\" src=\"https:\/\/blogopara.com.br\/wp-content\/uploads\/2022\/12\/WhatsApp-Video-2022-12-15-at-15.51.52.mp4?_=1\" \/><a href=\"https:\/\/blogopara.com.br\/wp-content\/uploads\/2022\/12\/WhatsApp-Video-2022-12-15-at-15.51.52.mp4\">https:\/\/blogopara.com.br\/wp-content\/uploads\/2022\/12\/WhatsApp-Video-2022-12-15-at-15.51.52.mp4<\/a><\/video><\/div>\n<p style=\"text-align: justify;\">Jos\u00e9 da Paix\u00e3o, como \u00e9 chamado, tamb\u00e9m solicita que o Servi\u00e7o de \u00e1gua e Saneamento Ambiental de Juazeiro (SAAE) normalize o fornecimento.<\/p>\n<p style=\"text-align: justify;\">&#8220;Gostaria fazer um apelo \u00e0 dire\u00e7\u00e3o do SAAE para fazer o abastecimento de \u00e1gua do Bairro acima citado, de forma que possa ser usada para higiene e consumo humano, pois da forma que est\u00e1 n\u00e3o serve nem pra higienizar nossas resid\u00eancias&#8221;, afirmou.<\/p>\n<p style=\"text-align: justify;\">Fonte: RedeGN<\/p>\n","protected":false},"excerpt":{"rendered":"<p>Um morador do Jardim Primavera, em Juazeiro, Norte da Bahia, entrou em contato com a reda\u00e7\u00e3o da RedeGN para denunciar o estado da \u00e1gua que est\u00e1 sendo fornecida \u00e0s resid\u00eancias do bairro. Em imagens de v\u00eddeo gravadas na tarde de hoje \u00e9 poss\u00edvel perceber a sujeira e inadequa\u00e7\u00e3o da \u00e1gua para consumo. Veja abaixo: Jos\u00e9 [&hellip;]<\/p>\n","protected":false},"author":1,"featured_media":47332,"comment_status":"closed","ping_status":"open","sticky":false,"template":"","format":"standard","meta":{"_uag_custom_page_level_css":"","_monsterinsights_skip_tracking":false,"_monsterinsights_sitenote_active":false,"_monsterinsights_sitenote_note":"","_monsterinsights_sitenote_category":0,"jetpack_post_was_ever_published":false,"_jetpack_newsletter_access":"","_jetpack_dont_email_post_to_subs":false,"_jetpack_newsletter_tier_id":0,"_jetpack_memberships_contains_paywalled_content":false,"_jetpack_memberships_contains_paid_content":false,"footnotes":"","jetpack_publicize_message":"","jetpack_publicize_feature_enabled":true,"jetpack_social_post_already_shared":true,"jetpack_social_options":{"image_generator_settings":{"template":"highway","default_image_id":0,"font":"","enabled":false},"version":2}},"categories":[1504,203],"tags":[10296,143,12],"class_list":["post-47323","post","type-post","status-publish","format-standard","has-post-thumbnail","hentry","category-comunidade","category-juazeiro","tag-jardim-primavera","tag-juazeiro-da-bahia","tag-saae"],"jetpack_publicize_connections":[],"jetpack_featured_media_url":"https:\/\/blogopara.com.br\/wp-content\/uploads\/2022\/12\/agua_maqualidade-1.png","uagb_featured_image_src":{"full":["https:\/\/blogopara.com.br\/wp-content\/uploads\/2022\/12\/agua_maqualidade-1.png",600,317,false],"thumbnail":["https:\/\/blogopara.com.br\/wp-content\/uploads\/2022\/12\/agua_maqualidade-1-150x150.png",150,150,true],"medium":["https:\/\/blogopara.com.br\/wp-content\/uploads\/2022\/12\/agua_maqualidade-1-300x159.png",300,159,true],"medium_large":["https:\/\/blogopara.com.br\/wp-content\/uploads\/2022\/12\/agua_maqualidade-1.png",600,317,false],"large":["https:\/\/blogopara.com.br\/wp-content\/uploads\/2022\/12\/agua_maqualidade-1.png",600,317,false],"1536x1536":["https:\/\/blogopara.com.br\/wp-content\/uploads\/2022\/12\/agua_maqualidade-1.png",600,317,false],"2048x2048":["https:\/\/blogopara.com.br\/wp-content\/uploads\/2022\/12\/agua_maqualidade-1.png",600,317,false],"mantranews-slider-large":["https:\/\/blogopara.com.br\/wp-content\/uploads\/2022\/12\/agua_maqualidade-1.png",600,317,false],"mantranews-featured-medium":["https:\/\/blogopara.com.br\/wp-content\/uploads\/2022\/12\/agua_maqualidade-1-420x307.png",420,307,true],"mantranews-featured-long":["https:\/\/blogopara.com.br\/wp-content\/uploads\/2022\/12\/agua_maqualidade-1-300x317.png",300,317,true],"mantranews-block-medium":["https:\/\/blogopara.com.br\/wp-content\/uploads\/2022\/12\/agua_maqualidade-1-464x290.png",464,290,true],"mantranews-carousel-image":["https:\/\/blogopara.com.br\/wp-content\/uploads\/2022\/12\/agua_maqualidade-1.png",600,317,false],"mantranews-block-thumb":["https:\/\/blogopara.com.br\/wp-content\/uploads\/2022\/12\/agua_maqualidade-1-322x230.png",322,230,true],"mantranews-single-large":["https:\/\/blogopara.com.br\/wp-content\/uploads\/2022\/12\/agua_maqualidade-1.png",600,317,false]},"uagb_author_info":{"display_name":"Reda\u00e7\u00e3o geral","author_link":"https:\/\/blogopara.com.br\/index.php\/author\/blogopara"},"uagb_comment_info":0,"uagb_excerpt":"Um morador do Jardim Primavera, em Juazeiro, Norte da Bahia, entrou em contato com a reda\u00e7\u00e3o da RedeGN para denunciar o estado da \u00e1gua que est\u00e1 sendo fornecida \u00e0s resid\u00eancias do bairro. Em imagens de v\u00eddeo gravadas na tarde de hoje \u00e9 poss\u00edvel perceber a sujeira e inadequa\u00e7\u00e3o da \u00e1gua para consumo. Veja abaixo: Jos\u00e9&hellip;","jetpack_sharing_enabled":true,"jetpack_likes_enabled":true,"_links":{"self":[{"href":"https:\/\/blogopara.com.br\/index.php\/wp-json\/wp\/v2\/posts\/47323","targetHints":{"allow":["GET"]}}],"collection":[{"href":"https:\/\/blogopara.com.br\/index.php\/wp-json\/wp\/v2\/posts"}],"about":[{"href":"https:\/\/blogopara.com.br\/index.php\/wp-json\/wp\/v2\/types\/post"}],"author":[{"embeddable":true,"href":"https:\/\/blogopara.com.br\/index.php\/wp-json\/wp\/v2\/users\/1"}],"replies":[{"embeddable":true,"href":"https:\/\/blogopara.com.br\/index.php\/wp-json\/wp\/v2\/comments?post=47323"}],"version-history":[{"count":2,"href":"https:\/\/blogopara.com.br\/index.php\/wp-json\/wp\/v2\/posts\/47323\/revisions"}],"predecessor-version":[{"id":47333,"href":"https:\/\/blogopara.com.br\/index.php\/wp-json\/wp\/v2\/posts\/47323\/revisions\/47333"}],"wp:featuredmedia":[{"embeddable":true,"href":"https:\/\/blogopara.com.br\/index.php\/wp-json\/wp\/v2\/media\/47332"}],"wp:attachment":[{"href":"https:\/\/blogopara.com.br\/index.php\/wp-json\/wp\/v2\/media?parent=47323"}],"wp:term":[{"taxonomy":"category","embeddable":true,"href":"https:\/\/blogopara.com.br\/index.php\/wp-json\/wp\/v2\/categories?post=47323"},{"taxonomy":"post_tag","embeddable":true,"href":"https:\/\/blogopara.com.br\/index.php\/wp-json\/wp\/v2\/tags?post=47323"}],"curies":[{"name":"wp","href":"https:\/\/api.w.org\/{rel}","templated":true}]}}