{"id":47368,"date":"2022-12-17T15:58:00","date_gmt":"2022-12-17T18:58:00","guid":{"rendered":"https:\/\/blogopara.com.br\/?p=47368"},"modified":"2022-12-16T18:01:33","modified_gmt":"2022-12-16T21:01:33","slug":"no-fim-do-mandato-bolsonaro-libera-exploracao-de-madeira-em-terras-indigenas","status":"publish","type":"post","link":"https:\/\/blogopara.com.br\/index.php\/2022\/12\/17\/no-fim-do-mandato-bolsonaro-libera-exploracao-de-madeira-em-terras-indigenas","title":{"rendered":"No fim do mandato, Bolsonaro libera explora\u00e7\u00e3o de madeira em terras ind\u00edgenas"},"content":{"rendered":"<p style=\"text-align: justify;\">O governo federal publicou nesta sexta-feira (16), a duas semanas do fim do mandato de Jair Bolsonaro (PL), uma instru\u00e7\u00e3o normativa autorizando a extra\u00e7\u00e3o de madeira sustent\u00e1vel em terras ind\u00edgenas do pa\u00eds, incluindo por entidades de composi\u00e7\u00e3o mista, que t\u00eam participa\u00e7\u00e3o de n\u00e3o ind\u00edgenas.<\/p>\n<p style=\"text-align: justify;\">A instru\u00e7\u00e3o entra em vigor daqui a 30 dias, j\u00e1 no governo de Luiz In\u00e1cio Lula da Silva (PT), que pode rever a medida.<\/p>\n<p style=\"text-align: justify;\">Publicada no Di\u00e1rio Oficial da Uni\u00e3o, a instru\u00e7\u00e3o foi assinada pelos presidentes do Instituto Brasileiro do Meio Ambiente e dos Recursos Naturais Renov\u00e1veis (Ibama), Eduardo Bim, e da Funda\u00e7\u00e3o Nacional do \u00cdndio (Funai), Marcelo Augusto Xavier.<\/p>\n<h4 style=\"text-align: justify;\">O que diz a medida?<\/h4>\n<ul class=\"caas-list caas-list-bullet\" style=\"text-align: justify;\">\n<li>O governo estabelece regras para a elabora\u00e7\u00e3o, an\u00e1lise, aprova\u00e7\u00e3o e monitoramento de Plano de Manejo Florestal Sustent\u00e1vel (PMFS) comunit\u00e1rio para a explora\u00e7\u00e3o de recursos madeireiros em terras ind\u00edgenas;<\/li>\n<li>Os planos podem ser apresentados por cooperativas integradas pelos ind\u00edgenas ou organiza\u00e7\u00f5es mistas, com participa\u00e7\u00e3o de n\u00e3o ind\u00edgenas;<\/li>\n<li>Tarefas e ganhos ser\u00e3o divididos entre integrantes da comunidade;<\/li>\n<li>Antes da explora\u00e7\u00e3o, o grupo interessado precisa pedir autoriza\u00e7\u00e3o, apresentando relat\u00f3rio t\u00e9cnico que avalia os impactos cultural e econ\u00f4mico nas comunidades que vivem na terra ind\u00edgena;<\/li>\n<li>\u00c9 tamb\u00e9m necess\u00e1rio um relat\u00f3rio de viabilidade socioecon\u00f4mica, que ter\u00e1 que ser submetido \u00e0 comunidade ind\u00edgena para consulta.<\/li>\n<\/ul>\n<p style=\"text-align: justify;\">Para entidades ambientais, a instru\u00e7\u00e3o fere a Constitui\u00e7\u00e3o Federal, que veda a explora\u00e7\u00e3o de madeira em terras ind\u00edgenas. Na pr\u00e1tica, o receio \u00e9 de que a medida facilite a explora\u00e7\u00e3o criminosa nos territ\u00f3rios, alvos de invasores e garimpeiros.<\/p>\n<p style=\"text-align: justify;\">Entretanto, a Funai alega em nota que a regulamenta\u00e7\u00e3o &#8220;ajudar\u00e1 a combater as atividades de desmatamento ilegal em terras ind\u00edgenas&#8221; e que esta era uma &#8220;reivindica\u00e7\u00e3o antiga de diversas etnias e resultar\u00e1 em mais autonomia para os ind\u00edgenas&#8221;, al\u00e9m de possibilitar a amplia\u00e7\u00e3o de &#8220;gera\u00e7\u00e3o de renda nas aldeias de forma sustent\u00e1vel&#8221;.<\/p>\n<p>Fonte: Yahoo Not\u00edcias<\/p>\n","protected":false},"excerpt":{"rendered":"<p>O governo federal publicou nesta sexta-feira (16), a duas semanas do fim do mandato de Jair Bolsonaro (PL), uma instru\u00e7\u00e3o normativa autorizando a extra\u00e7\u00e3o de madeira sustent\u00e1vel em terras ind\u00edgenas do pa\u00eds, incluindo por entidades de composi\u00e7\u00e3o mista, que t\u00eam participa\u00e7\u00e3o de n\u00e3o ind\u00edgenas. A instru\u00e7\u00e3o entra em vigor daqui a 30 dias, j\u00e1 no [&hellip;]<\/p>\n","protected":false},"author":1,"featured_media":20715,"comment_status":"closed","ping_status":"open","sticky":false,"template":"","format":"standard","meta":{"_uag_custom_page_level_css":"","_monsterinsights_skip_tracking":false,"_monsterinsights_sitenote_active":false,"_monsterinsights_sitenote_note":"","_monsterinsights_sitenote_category":0,"jetpack_post_was_ever_published":false,"_jetpack_newsletter_access":"","_jetpack_dont_email_post_to_subs":false,"_jetpack_newsletter_tier_id":0,"_jetpack_memberships_contains_paywalled_content":false,"_jetpack_memberships_contains_paid_content":false,"footnotes":"","jetpack_publicize_message":"","jetpack_publicize_feature_enabled":true,"jetpack_social_post_already_shared":true,"jetpack_social_options":{"image_generator_settings":{"template":"highway","default_image_id":0,"font":"","enabled":false},"version":2}},"categories":[3372,197],"tags":[10306,332,907,1324],"class_list":["post-47368","post","type-post","status-publish","format-standard","has-post-thumbnail","hentry","category-meio-ambiente","category-politica","tag-extracao-de-madeira","tag-funai","tag-ibama","tag-jair-bolsonaro"],"jetpack_publicize_connections":[],"jetpack_featured_media_url":"https:\/\/blogopara.com.br\/wp-content\/uploads\/2021\/03\/07-10-2020_voo_simples1-5.jpg","uagb_featured_image_src":{"full":["https:\/\/blogopara.com.br\/wp-content\/uploads\/2021\/03\/07-10-2020_voo_simples1-5.jpg",500,299,false],"thumbnail":["https:\/\/blogopara.com.br\/wp-content\/uploads\/2021\/03\/07-10-2020_voo_simples1-5-150x150.jpg",150,150,true],"medium":["https:\/\/blogopara.com.br\/wp-content\/uploads\/2021\/03\/07-10-2020_voo_simples1-5-300x179.jpg",300,179,true],"medium_large":["https:\/\/blogopara.com.br\/wp-content\/uploads\/2021\/03\/07-10-2020_voo_simples1-5.jpg",500,299,false],"large":["https:\/\/blogopara.com.br\/wp-content\/uploads\/2021\/03\/07-10-2020_voo_simples1-5.jpg",500,299,false],"1536x1536":["https:\/\/blogopara.com.br\/wp-content\/uploads\/2021\/03\/07-10-2020_voo_simples1-5.jpg",500,299,false],"2048x2048":["https:\/\/blogopara.com.br\/wp-content\/uploads\/2021\/03\/07-10-2020_voo_simples1-5.jpg",500,299,false],"mantranews-slider-large":["https:\/\/blogopara.com.br\/wp-content\/uploads\/2021\/03\/07-10-2020_voo_simples1-5.jpg",500,299,false],"mantranews-featured-medium":["https:\/\/blogopara.com.br\/wp-content\/uploads\/2021\/03\/07-10-2020_voo_simples1-5-420x299.jpg",420,299,true],"mantranews-featured-long":["https:\/\/blogopara.com.br\/wp-content\/uploads\/2021\/03\/07-10-2020_voo_simples1-5-300x299.jpg",300,299,true],"mantranews-block-medium":["https:\/\/blogopara.com.br\/wp-content\/uploads\/2021\/03\/07-10-2020_voo_simples1-5-464x290.jpg",464,290,true],"mantranews-carousel-image":["https:\/\/blogopara.com.br\/wp-content\/uploads\/2021\/03\/07-10-2020_voo_simples1-5.jpg",500,299,false],"mantranews-block-thumb":["https:\/\/blogopara.com.br\/wp-content\/uploads\/2021\/03\/07-10-2020_voo_simples1-5-322x230.jpg",322,230,true],"mantranews-single-large":["https:\/\/blogopara.com.br\/wp-content\/uploads\/2021\/03\/07-10-2020_voo_simples1-5.jpg",500,299,false]},"uagb_author_info":{"display_name":"Reda\u00e7\u00e3o geral","author_link":"https:\/\/blogopara.com.br\/index.php\/author\/blogopara"},"uagb_comment_info":0,"uagb_excerpt":"O governo federal publicou nesta sexta-feira (16), a duas semanas do fim do mandato de Jair Bolsonaro (PL), uma instru\u00e7\u00e3o normativa autorizando a extra\u00e7\u00e3o de madeira sustent\u00e1vel em terras ind\u00edgenas do pa\u00eds, incluindo por entidades de composi\u00e7\u00e3o mista, que t\u00eam participa\u00e7\u00e3o de n\u00e3o ind\u00edgenas. A instru\u00e7\u00e3o entra em vigor daqui a 30 dias, j\u00e1 no&hellip;","jetpack_sharing_enabled":true,"jetpack_likes_enabled":true,"_links":{"self":[{"href":"https:\/\/blogopara.com.br\/index.php\/wp-json\/wp\/v2\/posts\/47368","targetHints":{"allow":["GET"]}}],"collection":[{"href":"https:\/\/blogopara.com.br\/index.php\/wp-json\/wp\/v2\/posts"}],"about":[{"href":"https:\/\/blogopara.com.br\/index.php\/wp-json\/wp\/v2\/types\/post"}],"author":[{"embeddable":true,"href":"https:\/\/blogopara.com.br\/index.php\/wp-json\/wp\/v2\/users\/1"}],"replies":[{"embeddable":true,"href":"https:\/\/blogopara.com.br\/index.php\/wp-json\/wp\/v2\/comments?post=47368"}],"version-history":[{"count":1,"href":"https:\/\/blogopara.com.br\/index.php\/wp-json\/wp\/v2\/posts\/47368\/revisions"}],"predecessor-version":[{"id":47369,"href":"https:\/\/blogopara.com.br\/index.php\/wp-json\/wp\/v2\/posts\/47368\/revisions\/47369"}],"wp:featuredmedia":[{"embeddable":true,"href":"https:\/\/blogopara.com.br\/index.php\/wp-json\/wp\/v2\/media\/20715"}],"wp:attachment":[{"href":"https:\/\/blogopara.com.br\/index.php\/wp-json\/wp\/v2\/media?parent=47368"}],"wp:term":[{"taxonomy":"category","embeddable":true,"href":"https:\/\/blogopara.com.br\/index.php\/wp-json\/wp\/v2\/categories?post=47368"},{"taxonomy":"post_tag","embeddable":true,"href":"https:\/\/blogopara.com.br\/index.php\/wp-json\/wp\/v2\/tags?post=47368"}],"curies":[{"name":"wp","href":"https:\/\/api.w.org\/{rel}","templated":true}]}}