{"id":47375,"date":"2022-12-17T08:03:00","date_gmt":"2022-12-17T11:03:00","guid":{"rendered":"https:\/\/blogopara.com.br\/?p=47375"},"modified":"2022-12-16T21:06:16","modified_gmt":"2022-12-17T00:06:16","slug":"criatividade-das-criancas-da-rede-municipal-de-juazeiro-e-exposta-em-evento-na-praca-imaculada-conceicao","status":"publish","type":"post","link":"https:\/\/blogopara.com.br\/index.php\/2022\/12\/17\/criatividade-das-criancas-da-rede-municipal-de-juazeiro-e-exposta-em-evento-na-praca-imaculada-conceicao","title":{"rendered":"Criatividade das crian\u00e7as da rede municipal de Juazeiro \u00e9 exposta em evento na Pra\u00e7a Imaculada Concei\u00e7\u00e3o"},"content":{"rendered":"<div style=\"text-align: justify;\">Nesta sexta-feira (16) a Pra\u00e7a Imaculada Concei\u00e7\u00e3o, em Juazeiro, recebeu muita cor, alegria e ludicidade. A Secretaria de Educa\u00e7\u00e3o e Juventude (Seduc) de Juazeiro realizou a 1\u00aa Mostra de Pr\u00e1ticas Exitosas, que apresentou \u00e0 comunidade, experi\u00eancias pedag\u00f3gicas realizadas no projeto \u201cMeu Juazeiro, meu Semi\u00e1rido: lugar de brincar, descobrir e interagir\u201d, executadas durante o ano letivo de 2022, por escolas da rede municipal que ofertam turmas do segmento Educa\u00e7\u00e3o Infantil.<br aria-hidden=\"true\" \/><br aria-hidden=\"true\" \/>Distribu\u00eddas em estandes, as escolas apresentaram desenhos, pinturas, obras de arte e outras manifesta\u00e7\u00f5es art\u00edsticas que representam aspectos locais e do semi\u00e1rido nordestino, inclusive, do bioma caatinga. O colorido das exposi\u00e7\u00f5es chamou a aten\u00e7\u00e3o de quem passava pelo local e despertou olhares atentos das crian\u00e7as, que conheceram tamb\u00e9m os trabalhos produzidos por outras unidades de ensino.<br aria-hidden=\"true\" \/><br aria-hidden=\"true\" \/>M\u00e3e de aluna, Lara F\u00e9lix Santana prestigiou o evento junto com a filha, Antonela F\u00e9lix, de 2 anos. A crian\u00e7a \u00e9 aluna da Escola Municipal de Educa\u00e7\u00e3o Infantil (Emei) Nailde de Souza Costa e, atenta, observava junto com a m\u00e3e os trabalhos expostos. \u201cAchei bem interessante, porque a gente consegue ver as propostas de atividades que eles fizeram ao longo do ano. S\u00e3o propostas e formas de atividades bem parecidas, a gente percebe a qualidade, como os professores se dedicaram. Gostei bastante\u201d, explicou a m\u00e3e, que tamb\u00e9m contou que a filha Antonela se diverte bastante em atividades ao ar livre e sente curiosidade em conhecer outros estandes.<br aria-hidden=\"true\" \/><br aria-hidden=\"true\" \/>Al\u00e9m da exposi\u00e7\u00e3o dos trabalhos, o evento tamb\u00e9m contou com conta\u00e7\u00e3o de hist\u00f3rias, apresenta\u00e7\u00e3o cultural das crian\u00e7as que integram o \u201cSamba de V\u00e9io do Rodeadouro\u201d, momentos de reflex\u00e3o sobre as atividades realizadas e distribui\u00e7\u00e3o de \u00e1gua e picol\u00e9s para as crian\u00e7as.<br aria-hidden=\"true\" \/><br aria-hidden=\"true\" \/>A pequena P\u00e9rola Hadassa Bispo Mota \u00e9 aluna Emei Beatriz Ang\u00e9lica Mota e contou que fez desenhos de flores, relacionados ao tema \u201cJo\u00e3o e o p\u00e9 de gratid\u00e3o\u201d, desenvolvido pela escola. Encantada, P\u00e9rola falou sobre como se sentiu na Mostra. \u201cGostei porque amo desenhar, sou artista. Todos os desenhos que eu fa\u00e7o na minha escola, eu nunca borro\u201d, afirmou a crian\u00e7a.<br aria-hidden=\"true\" \/><br aria-hidden=\"true\" \/><b>O projeto<\/b><br aria-hidden=\"true\" \/><br aria-hidden=\"true\" \/>O projeto \u201cMeu Juazeiro, meu Semi\u00e1rido: lugar de brincar, descobrir e interagir\u201d envolveu 40 escolas municipais que ofertam o segmento de Educa\u00e7\u00e3o Infantil, com a exposi\u00e7\u00e3o de suas pr\u00e1ticas, que incluem cartazes, registros fotogr\u00e1ficos, experimentos, brinquedos constru\u00eddos com materiais reaproveitados, hist\u00f3rias e etc.<br aria-hidden=\"true\" \/><br aria-hidden=\"true\" \/>\u201cEsse momento possibilita que as pr\u00e1ticas extrapolem os muros das escolas e que a comunidade inteira possa perceber a riqueza desse material, e visualizar as aprendizagens que s\u00e3o desenvolvidas naquele espa\u00e7o\u201d, explicou a diretora de Educa\u00e7\u00e3o Infantil da Seduc, Eliete Evangelista.<br aria-hidden=\"true\" \/><br aria-hidden=\"true\" \/>J\u00e1 a coordenadora pedag\u00f3gica Fabiana da Silva Rocha, que atua na Emei N\u00e9lia de Souza Costa, destacou que participar do projeto foi desafiador, mas trouxe bons resultados. \u201c\u00c9 o projeto macro da rede, \u00e9 riqu\u00edssimo e trata das nossas viv\u00eancias na cidade e no bairro em que a escola est\u00e1. Recebemos o material estruturado que s\u00e3o os livros, os projetos que chegaram para n\u00f3s na escola, ent\u00e3o, o desafio foi justamente esse, trazer todo o material para dentro do projeto, mais especificamente dentro das sequ\u00eancias did\u00e1ticas. Foi um desafio bom, corremos atr\u00e1s com a equipe maravilhosa que temos, e hoje est\u00e1 culminando aqui com a mostra exitosa\u201d, finalizou.<\/div>\n<div><\/div>\n","protected":false},"excerpt":{"rendered":"<p>Nesta sexta-feira (16) a Pra\u00e7a Imaculada Concei\u00e7\u00e3o, em Juazeiro, recebeu muita cor, alegria e ludicidade. A Secretaria de Educa\u00e7\u00e3o e Juventude (Seduc) de Juazeiro realizou a 1\u00aa Mostra de Pr\u00e1ticas Exitosas, que apresentou \u00e0 comunidade, experi\u00eancias pedag\u00f3gicas realizadas no projeto \u201cMeu Juazeiro, meu Semi\u00e1rido: lugar de brincar, descobrir e interagir\u201d, executadas durante o ano letivo [&hellip;]<\/p>\n","protected":false},"author":1,"featured_media":47376,"comment_status":"closed","ping_status":"open","sticky":false,"template":"","format":"standard","meta":{"_uag_custom_page_level_css":"","_monsterinsights_skip_tracking":false,"_monsterinsights_sitenote_active":false,"_monsterinsights_sitenote_note":"","_monsterinsights_sitenote_category":0,"jetpack_post_was_ever_published":false,"_jetpack_newsletter_access":"","_jetpack_dont_email_post_to_subs":false,"_jetpack_newsletter_tier_id":0,"_jetpack_memberships_contains_paywalled_content":false,"_jetpack_memberships_contains_paid_content":false,"footnotes":"","jetpack_publicize_message":"","jetpack_publicize_feature_enabled":true,"jetpack_social_post_already_shared":true,"jetpack_social_options":{"image_generator_settings":{"template":"highway","default_image_id":0,"font":"","enabled":false},"version":2}},"categories":[209,203],"tags":[],"class_list":["post-47375","post","type-post","status-publish","format-standard","has-post-thumbnail","hentry","category-educacao","category-juazeiro"],"jetpack_publicize_connections":[],"jetpack_featured_media_url":"https:\/\/blogopara.com.br\/wp-content\/uploads\/2022\/12\/thumbnail_MOSTRA-DE-PRATICAS-4.jpg","uagb_featured_image_src":{"full":["https:\/\/blogopara.com.br\/wp-content\/uploads\/2022\/12\/thumbnail_MOSTRA-DE-PRATICAS-4.jpg",500,333,false],"thumbnail":["https:\/\/blogopara.com.br\/wp-content\/uploads\/2022\/12\/thumbnail_MOSTRA-DE-PRATICAS-4-150x150.jpg",150,150,true],"medium":["https:\/\/blogopara.com.br\/wp-content\/uploads\/2022\/12\/thumbnail_MOSTRA-DE-PRATICAS-4-300x200.jpg",300,200,true],"medium_large":["https:\/\/blogopara.com.br\/wp-content\/uploads\/2022\/12\/thumbnail_MOSTRA-DE-PRATICAS-4.jpg",500,333,false],"large":["https:\/\/blogopara.com.br\/wp-content\/uploads\/2022\/12\/thumbnail_MOSTRA-DE-PRATICAS-4.jpg",500,333,false],"1536x1536":["https:\/\/blogopara.com.br\/wp-content\/uploads\/2022\/12\/thumbnail_MOSTRA-DE-PRATICAS-4.jpg",500,333,false],"2048x2048":["https:\/\/blogopara.com.br\/wp-content\/uploads\/2022\/12\/thumbnail_MOSTRA-DE-PRATICAS-4.jpg",500,333,false],"mantranews-slider-large":["https:\/\/blogopara.com.br\/wp-content\/uploads\/2022\/12\/thumbnail_MOSTRA-DE-PRATICAS-4.jpg",500,333,false],"mantranews-featured-medium":["https:\/\/blogopara.com.br\/wp-content\/uploads\/2022\/12\/thumbnail_MOSTRA-DE-PRATICAS-4-420x307.jpg",420,307,true],"mantranews-featured-long":["https:\/\/blogopara.com.br\/wp-content\/uploads\/2022\/12\/thumbnail_MOSTRA-DE-PRATICAS-4-300x333.jpg",300,333,true],"mantranews-block-medium":["https:\/\/blogopara.com.br\/wp-content\/uploads\/2022\/12\/thumbnail_MOSTRA-DE-PRATICAS-4-464x290.jpg",464,290,true],"mantranews-carousel-image":["https:\/\/blogopara.com.br\/wp-content\/uploads\/2022\/12\/thumbnail_MOSTRA-DE-PRATICAS-4.jpg",500,333,false],"mantranews-block-thumb":["https:\/\/blogopara.com.br\/wp-content\/uploads\/2022\/12\/thumbnail_MOSTRA-DE-PRATICAS-4-322x230.jpg",322,230,true],"mantranews-single-large":["https:\/\/blogopara.com.br\/wp-content\/uploads\/2022\/12\/thumbnail_MOSTRA-DE-PRATICAS-4.jpg",500,333,false]},"uagb_author_info":{"display_name":"Reda\u00e7\u00e3o geral","author_link":"https:\/\/blogopara.com.br\/index.php\/author\/blogopara"},"uagb_comment_info":0,"uagb_excerpt":"Nesta sexta-feira (16) a Pra\u00e7a Imaculada Concei\u00e7\u00e3o, em Juazeiro, recebeu muita cor, alegria e ludicidade. A Secretaria de Educa\u00e7\u00e3o e Juventude (Seduc) de Juazeiro realizou a 1\u00aa Mostra de Pr\u00e1ticas Exitosas, que apresentou \u00e0 comunidade, experi\u00eancias pedag\u00f3gicas realizadas no projeto \u201cMeu Juazeiro, meu Semi\u00e1rido: lugar de brincar, descobrir e interagir\u201d, executadas durante o ano letivo&hellip;","jetpack_sharing_enabled":true,"jetpack_likes_enabled":true,"_links":{"self":[{"href":"https:\/\/blogopara.com.br\/index.php\/wp-json\/wp\/v2\/posts\/47375","targetHints":{"allow":["GET"]}}],"collection":[{"href":"https:\/\/blogopara.com.br\/index.php\/wp-json\/wp\/v2\/posts"}],"about":[{"href":"https:\/\/blogopara.com.br\/index.php\/wp-json\/wp\/v2\/types\/post"}],"author":[{"embeddable":true,"href":"https:\/\/blogopara.com.br\/index.php\/wp-json\/wp\/v2\/users\/1"}],"replies":[{"embeddable":true,"href":"https:\/\/blogopara.com.br\/index.php\/wp-json\/wp\/v2\/comments?post=47375"}],"version-history":[{"count":1,"href":"https:\/\/blogopara.com.br\/index.php\/wp-json\/wp\/v2\/posts\/47375\/revisions"}],"predecessor-version":[{"id":47377,"href":"https:\/\/blogopara.com.br\/index.php\/wp-json\/wp\/v2\/posts\/47375\/revisions\/47377"}],"wp:featuredmedia":[{"embeddable":true,"href":"https:\/\/blogopara.com.br\/index.php\/wp-json\/wp\/v2\/media\/47376"}],"wp:attachment":[{"href":"https:\/\/blogopara.com.br\/index.php\/wp-json\/wp\/v2\/media?parent=47375"}],"wp:term":[{"taxonomy":"category","embeddable":true,"href":"https:\/\/blogopara.com.br\/index.php\/wp-json\/wp\/v2\/categories?post=47375"},{"taxonomy":"post_tag","embeddable":true,"href":"https:\/\/blogopara.com.br\/index.php\/wp-json\/wp\/v2\/tags?post=47375"}],"curies":[{"name":"wp","href":"https:\/\/api.w.org\/{rel}","templated":true}]}}