{"id":47410,"date":"2022-12-18T11:15:00","date_gmt":"2022-12-18T14:15:00","guid":{"rendered":"https:\/\/blogopara.com.br\/?p=47410"},"modified":"2022-12-18T09:24:47","modified_gmt":"2022-12-18T12:24:47","slug":"morre-nelida-pinon-primeira-mulher-a-presidir-academia-brasileira-de-letras","status":"publish","type":"post","link":"https:\/\/blogopara.com.br\/index.php\/2022\/12\/18\/morre-nelida-pinon-primeira-mulher-a-presidir-academia-brasileira-de-letras","title":{"rendered":"Morre N\u00e9lida Pi\u00f1on, primeira mulher a presidir Academia Brasileira de Letras"},"content":{"rendered":"<p style=\"text-align: justify;\">A escritora N\u00e9lida Pi\u00f1on morreu neste s\u00e1bado (17), em Lisboa, aos 85 anos. A informa\u00e7\u00e3o foi confirmada por Rodrigo Lacerda, editor na Record, casa que publicou livros da autora, nascida no Rio de Janeiro. A causa da morte n\u00e3o foi informada.\u00a0A escritora brasileira ocupou a 30\u00aa cadeira da Academia Brasileira de Letras (ABL), em 1990. Seis anos depois, Pi\u00f1on virou presidente da institui\u00e7\u00e3o criada por Machado de Assis, tornando-se a primeira mulher a assumir o posto.<\/p>\n<p style=\"text-align: justify;\">Pi\u00f1on estreou na literatura com o romance &#8220;Guia-Mapa de Gabriel Arcanjo&#8221;, lan\u00e7ado em 1961. Seu segundo livro &#8220;Madeira Feito Cruz&#8221; saiu dois anos depois, em 1963. A autora \u00e9, ao lado de Jorge Amado e Paulo Coelho, o nome mais internacionalizado da nossa literatura. Al\u00e9m de ser parte do &#8220;boom&#8221; latino-americano, rompeu uma s\u00e9rie de fronteiras -e abriu caminhos para escritores brasileiros. Foi a primeira autora latino-americana a ganhar os pr\u00eamios Juan Rulfo, o Nobel da Am\u00e9rica Latina, e foi fundamental na promo\u00e7\u00e3o da literatura brasileira no exterior, apresentando nomes como Machado de Assis a autoras como Susan Sontag.<\/p>\n<p style=\"text-align: justify;\">Quem a ouvia contar, sempre de modo af\u00e1vel, suas hist\u00f3rias com os maiores nomes da literatura brasileira e universal (sobretudo hispano-americana) do s\u00e9culo 20, pensava que Pi\u00f1on havia percorrido uma estrada reta, sobre roldanas. Ledo engano.<\/p>\n<p style=\"text-align: justify;\">Logo ap\u00f3s a publica\u00e7\u00e3o de seu livro de estreia, &#8220;Guia-Mapa de Gabriel Arcanjo&#8221;, de 1961, Pi\u00f1on recebeu cr\u00edticas duras. &#8220;Tive campanhas de escritores que sistematicamente me atacavam. Teve um escritor que dizia &#8216;nunca seja como N\u00e9lida Pi\u00f1on&#8217;. Mas eu nunca desisti. Nunca fiz disso mat\u00e9ria de ressentimento&#8221;, afirmou em entrevista \u00e0 &#8220;Folha de S.Paulo&#8221; em junho.<\/p>\n<p style=\"text-align: justify;\">Os convites para aulas e palestras no exterior nos anos 1970 eram um jeito de pagar as contas. Nos jantares, ela conta que se sentava na cadeira mais distante dos principais nomes da \u00e9poca. A cada vez que o microfone ca\u00eda na sua m\u00e3o, via uma oportunidade de fazer sua voz ser notada \u2013 e ampliar seu espa\u00e7o.<\/p>\n<p style=\"text-align: justify;\">Em 2005, pelo conjunto de sua obra, recebeu o importante Pr\u00edncipe de Ast\u00farias. Apesar das conquistas, Pi\u00f1on acredita que seu reconhecimento dentro de seu pr\u00f3prio pa\u00eds \u00e9 aqu\u00e9m ao que tem fora do Brasil. &#8220;Eu acho que sou respeitada. Se eu tivesse ganhado hoje o Pr\u00edncipe das Ast\u00farias, a rea\u00e7\u00e3o teria sido diferente. N\u00e3o estou me exibindo&#8221;, disse \u00e0 &#8220;Folha&#8221;.\u00a0Pi\u00f1on foi doutora honoris causa das universidades Poitiers, Santiago de Compostela, Rutgers, Florida Atlantic, Montreal e UNAM. Em 2012, foi nomeada Embaixadora Ibero-Americana da Cultura.<\/p>\n<p>Fonte: Jornal O Tempo<\/p>\n","protected":false},"excerpt":{"rendered":"<p>A escritora N\u00e9lida Pi\u00f1on morreu neste s\u00e1bado (17), em Lisboa, aos 85 anos. A informa\u00e7\u00e3o foi confirmada por Rodrigo Lacerda, editor na Record, casa que publicou livros da autora, nascida no Rio de Janeiro. A causa da morte n\u00e3o foi informada.\u00a0A escritora brasileira ocupou a 30\u00aa cadeira da Academia Brasileira de Letras (ABL), em 1990. [&hellip;]<\/p>\n","protected":false},"author":1,"featured_media":47411,"comment_status":"closed","ping_status":"open","sticky":false,"template":"","format":"standard","meta":{"_uag_custom_page_level_css":"","_monsterinsights_skip_tracking":false,"_monsterinsights_sitenote_active":false,"_monsterinsights_sitenote_note":"","_monsterinsights_sitenote_category":0,"jetpack_post_was_ever_published":false,"_jetpack_newsletter_access":"","_jetpack_dont_email_post_to_subs":false,"_jetpack_newsletter_tier_id":0,"_jetpack_memberships_contains_paywalled_content":false,"_jetpack_memberships_contains_paid_content":false,"footnotes":"","jetpack_publicize_message":"","jetpack_publicize_feature_enabled":true,"jetpack_social_post_already_shared":true,"jetpack_social_options":{"image_generator_settings":{"template":"highway","default_image_id":0,"font":"","enabled":false},"version":2}},"categories":[200,1784],"tags":[10311,10310],"class_list":["post-47410","post","type-post","status-publish","format-standard","has-post-thumbnail","hentry","category-brasil","category-cultura-2","tag-academia-brasileira-de-letras","tag-nelida-pinon"],"jetpack_publicize_connections":[],"jetpack_featured_media_url":"https:\/\/blogopara.com.br\/wp-content\/uploads\/2022\/12\/nelida_pinon.jpg","uagb_featured_image_src":{"full":["https:\/\/blogopara.com.br\/wp-content\/uploads\/2022\/12\/nelida_pinon.jpg",500,300,false],"thumbnail":["https:\/\/blogopara.com.br\/wp-content\/uploads\/2022\/12\/nelida_pinon-150x150.jpg",150,150,true],"medium":["https:\/\/blogopara.com.br\/wp-content\/uploads\/2022\/12\/nelida_pinon-300x180.jpg",300,180,true],"medium_large":["https:\/\/blogopara.com.br\/wp-content\/uploads\/2022\/12\/nelida_pinon.jpg",500,300,false],"large":["https:\/\/blogopara.com.br\/wp-content\/uploads\/2022\/12\/nelida_pinon.jpg",500,300,false],"1536x1536":["https:\/\/blogopara.com.br\/wp-content\/uploads\/2022\/12\/nelida_pinon.jpg",500,300,false],"2048x2048":["https:\/\/blogopara.com.br\/wp-content\/uploads\/2022\/12\/nelida_pinon.jpg",500,300,false],"mantranews-slider-large":["https:\/\/blogopara.com.br\/wp-content\/uploads\/2022\/12\/nelida_pinon.jpg",500,300,false],"mantranews-featured-medium":["https:\/\/blogopara.com.br\/wp-content\/uploads\/2022\/12\/nelida_pinon-420x300.jpg",420,300,true],"mantranews-featured-long":["https:\/\/blogopara.com.br\/wp-content\/uploads\/2022\/12\/nelida_pinon-300x300.jpg",300,300,true],"mantranews-block-medium":["https:\/\/blogopara.com.br\/wp-content\/uploads\/2022\/12\/nelida_pinon-464x290.jpg",464,290,true],"mantranews-carousel-image":["https:\/\/blogopara.com.br\/wp-content\/uploads\/2022\/12\/nelida_pinon.jpg",500,300,false],"mantranews-block-thumb":["https:\/\/blogopara.com.br\/wp-content\/uploads\/2022\/12\/nelida_pinon-322x230.jpg",322,230,true],"mantranews-single-large":["https:\/\/blogopara.com.br\/wp-content\/uploads\/2022\/12\/nelida_pinon.jpg",500,300,false]},"uagb_author_info":{"display_name":"Reda\u00e7\u00e3o geral","author_link":"https:\/\/blogopara.com.br\/index.php\/author\/blogopara"},"uagb_comment_info":0,"uagb_excerpt":"A escritora N\u00e9lida Pi\u00f1on morreu neste s\u00e1bado (17), em Lisboa, aos 85 anos. A informa\u00e7\u00e3o foi confirmada por Rodrigo Lacerda, editor na Record, casa que publicou livros da autora, nascida no Rio de Janeiro. A causa da morte n\u00e3o foi informada.\u00a0A escritora brasileira ocupou a 30\u00aa cadeira da Academia Brasileira de Letras (ABL), em 1990.&hellip;","jetpack_sharing_enabled":true,"jetpack_likes_enabled":true,"_links":{"self":[{"href":"https:\/\/blogopara.com.br\/index.php\/wp-json\/wp\/v2\/posts\/47410","targetHints":{"allow":["GET"]}}],"collection":[{"href":"https:\/\/blogopara.com.br\/index.php\/wp-json\/wp\/v2\/posts"}],"about":[{"href":"https:\/\/blogopara.com.br\/index.php\/wp-json\/wp\/v2\/types\/post"}],"author":[{"embeddable":true,"href":"https:\/\/blogopara.com.br\/index.php\/wp-json\/wp\/v2\/users\/1"}],"replies":[{"embeddable":true,"href":"https:\/\/blogopara.com.br\/index.php\/wp-json\/wp\/v2\/comments?post=47410"}],"version-history":[{"count":2,"href":"https:\/\/blogopara.com.br\/index.php\/wp-json\/wp\/v2\/posts\/47410\/revisions"}],"predecessor-version":[{"id":47413,"href":"https:\/\/blogopara.com.br\/index.php\/wp-json\/wp\/v2\/posts\/47410\/revisions\/47413"}],"wp:featuredmedia":[{"embeddable":true,"href":"https:\/\/blogopara.com.br\/index.php\/wp-json\/wp\/v2\/media\/47411"}],"wp:attachment":[{"href":"https:\/\/blogopara.com.br\/index.php\/wp-json\/wp\/v2\/media?parent=47410"}],"wp:term":[{"taxonomy":"category","embeddable":true,"href":"https:\/\/blogopara.com.br\/index.php\/wp-json\/wp\/v2\/categories?post=47410"},{"taxonomy":"post_tag","embeddable":true,"href":"https:\/\/blogopara.com.br\/index.php\/wp-json\/wp\/v2\/tags?post=47410"}],"curies":[{"name":"wp","href":"https:\/\/api.w.org\/{rel}","templated":true}]}}